{"id":7895,"date":"2023-11-22T15:56:08","date_gmt":"2023-11-22T14:56:08","guid":{"rendered":"https:\/\/agora.xtec.cat\/ceiplessavines\/?p=7895"},"modified":"2023-11-22T15:56:09","modified_gmt":"2023-11-22T14:56:09","slug":"el-consell-dinfants","status":"publish","type":"post","link":"https:\/\/agora.xtec.cat\/ceiplessavines\/portada\/el-consell-dinfants\/","title":{"rendered":"El consell d&#8217;infants"},"content":{"rendered":"<p align=\"left\"><span style=\"font-family: Chilanka;\"><span style=\"font-size: x-large;\">El dilluns 13 de novembre, van vindre dos senyores per parlar del consell dels infants. <\/span><\/span><\/p>\n<p align=\"left\"><span style=\"font-family: Chilanka;\"><span style=\"font-size: x-large;\">Primer es van presentar, una es deia Flors i l\u2019altra Maria.<\/span><\/span><\/p>\n<p align=\"left\"><span style=\"font-family: Chilanka;\"><span style=\"font-size: x-large;\">Despr\u00e9s ens van preguntar qui era la consellera d\u2019infants, que a la nostra classe \u00e9s la Joana. Ens van posar dos v\u00eddeos. Un era del qu\u00e8 \u00e9s el consell dels infants, li un altre d\u2019un nen que anava a l\u2019escola, per\u00f2 hi havia un tronc que aturava els cotxes. El nen va intentar treure el tronc per\u00f2 el tronc era massa gran, i aleshores el van ajudar.<\/span><\/span><\/p>\n<p align=\"left\"><span style=\"font-family: Chilanka;\"><span style=\"font-size: x-large;\">Ens va agradar molt que vinguessin i vam aprendre que els petits poden dir les seves idees.<\/span><\/span><\/p>\n<p align=\"left\"><a href=\"https:\/\/agora.xtec.cat\/ceiplessavines\/portada\/el-consell-dinfants\/attachment\/consell\/\" rel=\"attachment wp-att-7896\"><img loading=\"lazy\" decoding=\"async\" class=\"alignnone size-full wp-image-7896\" src=\"https:\/\/agora.xtec.cat\/ceiplessavines\/wp-content\/uploads\/usu230\/2023\/11\/consell.jpeg\" alt=\"\" width=\"225\" height=\"225\" srcset=\"https:\/\/agora.xtec.cat\/ceiplessavines\/wp-content\/uploads\/usu230\/2023\/11\/consell.jpeg 225w, https:\/\/agora.xtec.cat\/ceiplessavines\/wp-content\/uploads\/usu230\/2023\/11\/consell-150x150.jpeg 150w\" sizes=\"auto, (max-width: 225px) 100vw, 225px\" \/><\/a>\u00a0 <a href=\"https:\/\/agora.xtec.cat\/ceiplessavines\/portada\/el-consell-dinfants\/attachment\/sense-titol\/\" rel=\"attachment wp-att-7897\"><img loading=\"lazy\" decoding=\"async\" class=\"alignnone size-full wp-image-7897\" src=\"https:\/\/agora.xtec.cat\/ceiplessavines\/wp-content\/uploads\/usu230\/2023\/11\/Sense-titol.jpeg\" alt=\"\" width=\"275\" height=\"183\" \/><\/a><\/p>\n","protected":false},"excerpt":{"rendered":"<p>El dilluns 13 de novembre, van vindre dos senyores per parlar del consell dels infants. Primer es van presentar, una es deia Flors i l\u2019altra Maria. Despr\u00e9s ens van preguntar qui era la consellera d\u2019infants, que a la nostra classe \u00e9s la Joana. Ens van posar dos v\u00eddeos. Un era del qu\u00e8 \u00e9s el consell [&hellip;]<\/p>\n","protected":false},"author":1,"featured_media":7896,"comment_status":"open","ping_status":"closed","sticky":false,"template":"","format":"standard","meta":{"_bbp_topic_count":0,"_bbp_reply_count":0,"_bbp_total_topic_count":0,"_bbp_total_reply_count":0,"_bbp_voice_count":0,"_bbp_anonymous_reply_count":0,"_bbp_topic_count_hidden":0,"_bbp_reply_count_hidden":0,"_bbp_forum_subforum_count":0,"site-sidebar-layout":"default","site-content-layout":"","ast-site-content-layout":"","site-content-style":"default","site-sidebar-style":"default","ast-global-header-display":"","ast-banner-title-visibility":"","ast-main-header-display":"","ast-hfb-above-header-display":"","ast-hfb-below-header-display":"","ast-hfb-mobile-header-display":"","site-post-title":"","ast-breadcrumbs-content":"","ast-featured-img":"","footer-sml-layout":"","theme-transparent-header-meta":"","adv-header-id-meta":"","stick-header-meta":"","header-above-stick-meta":"","header-main-stick-meta":"","header-below-stick-meta":"","astra-migrate-meta-layouts":"default","ast-page-background-enabled":"default","ast-page-background-meta":{"desktop":{"background-color":"var(--ast-global-color-4)","background-image":"","background-repeat":"repeat","background-position":"center center","background-size":"auto","background-attachment":"scroll","background-type":"","background-media":"","overlay-type":"","overlay-color":"","overlay-opacity":"","overlay-gradient":""},"tablet":{"background-color":"","background-image":"","background-repeat":"repeat","background-position":"center center","background-size":"auto","background-attachment":"scroll","background-type":"","background-media":"","overlay-type":"","overlay-color":"","overlay-opacity":"","overlay-gradient":""},"mobile":{"background-color":"","background-image":"","background-repeat":"repeat","background-position":"center center","background-size":"auto","background-attachment":"scroll","background-type":"","background-media":"","overlay-type":"","overlay-color":"","overlay-opacity":"","overlay-gradient":""}},"ast-content-background-meta":{"desktop":{"background-color":"var(--ast-global-color-5)","background-image":"","background-repeat":"repeat","background-position":"center center","background-size":"auto","background-attachment":"scroll","background-type":"","background-media":"","overlay-type":"","overlay-color":"","overlay-opacity":"","overlay-gradient":""},"tablet":{"background-color":"var(--ast-global-color-5)","background-image":"","background-repeat":"repeat","background-position":"center center","background-size":"auto","background-attachment":"scroll","background-type":"","background-media":"","overlay-type":"","overlay-color":"","overlay-opacity":"","overlay-gradient":""},"mobile":{"background-color":"var(--ast-global-color-5)","background-image":"","background-repeat":"repeat","background-position":"center center","background-size":"auto","background-attachment":"scroll","background-type":"","background-media":"","overlay-type":"","overlay-color":"","overlay-opacity":"","overlay-gradient":""}},"footnotes":""},"categories":[4],"tags":[108],"class_list":["post-7895","post","type-post","status-publish","format-standard","has-post-thumbnail","hentry","category-portada","tag-tallers-llengua"],"post_mailing_queue_ids":[],"_links":{"self":[{"href":"https:\/\/agora.xtec.cat\/ceiplessavines\/wp-json\/wp\/v2\/posts\/7895","targetHints":{"allow":["GET"]}}],"collection":[{"href":"https:\/\/agora.xtec.cat\/ceiplessavines\/wp-json\/wp\/v2\/posts"}],"about":[{"href":"https:\/\/agora.xtec.cat\/ceiplessavines\/wp-json\/wp\/v2\/types\/post"}],"author":[{"embeddable":true,"href":"https:\/\/agora.xtec.cat\/ceiplessavines\/wp-json\/wp\/v2\/users\/1"}],"replies":[{"embeddable":true,"href":"https:\/\/agora.xtec.cat\/ceiplessavines\/wp-json\/wp\/v2\/comments?post=7895"}],"version-history":[{"count":2,"href":"https:\/\/agora.xtec.cat\/ceiplessavines\/wp-json\/wp\/v2\/posts\/7895\/revisions"}],"predecessor-version":[{"id":7899,"href":"https:\/\/agora.xtec.cat\/ceiplessavines\/wp-json\/wp\/v2\/posts\/7895\/revisions\/7899"}],"wp:featuredmedia":[{"embeddable":true,"href":"https:\/\/agora.xtec.cat\/ceiplessavines\/wp-json\/wp\/v2\/media\/7896"}],"wp:attachment":[{"href":"https:\/\/agora.xtec.cat\/ceiplessavines\/wp-json\/wp\/v2\/media?parent=7895"}],"wp:term":[{"taxonomy":"category","embeddable":true,"href":"https:\/\/agora.xtec.cat\/ceiplessavines\/wp-json\/wp\/v2\/categories?post=7895"},{"taxonomy":"post_tag","embeddable":true,"href":"https:\/\/agora.xtec.cat\/ceiplessavines\/wp-json\/wp\/v2\/tags?post=7895"}],"curies":[{"name":"wp","href":"https:\/\/api.w.org\/{rel}","templated":true}]}}