{"id":7870,"date":"2023-11-15T16:07:24","date_gmt":"2023-11-15T15:07:24","guid":{"rendered":"https:\/\/agora.xtec.cat\/ceiplessavines\/?p=7870"},"modified":"2023-11-25T16:44:48","modified_gmt":"2023-11-25T15:44:48","slug":"quant-mesura-un-quilometre","status":"publish","type":"post","link":"https:\/\/agora.xtec.cat\/ceiplessavines\/portada\/quant-mesura-un-quilometre\/","title":{"rendered":"Quant mesura un quil\u00f2metre?"},"content":{"rendered":"<p align=\"left\"><span style=\"color: #000000;\"><span style=\"font-size: large;\">Els nens i les nenes de <\/span><\/span><span style=\"color: #000000;\"><span style=\"font-size: large;\">3r el dia 26 d\u2019octubre <\/span><\/span><span style=\"color: #000000;\"><span style=\"font-size: large;\">van fer una caminada d\u2019<\/span><\/span><span style=\"color: #000000;\"><span style=\"font-size: large;\">un<\/span><\/span> <span style=\"color: #000000;\"><span style=\"font-size: large;\">quil\u00f2metre<\/span><\/span><span style=\"color: #000000;\"><span style=\"font-size: large;\"> per <\/span><\/span><span style=\"color: #000000;\"><span style=\"font-size: large;\">C<\/span><\/span><span style=\"color: #000000;\"><span style=\"font-size: large;\">erv<\/span><\/span><span style=\"color: #000000;\"><span style=\"font-size: large;\">er<\/span><\/span><span style=\"color: #000000;\"><span style=\"font-size: large;\">a <\/span><\/span><span style=\"color: #000000;\"><span style=\"font-size: large;\">per saber <\/span><\/span><span style=\"color: #000000;\"><span style=\"font-size: large;\">quant mesura a<\/span><\/span><span style=\"color: #000000;\"><span style=\"font-size: large;\">que<\/span><\/span><span style=\"color: #000000;\"><span style=\"font-size: large;\">sta dist\u00e0n<\/span><\/span><span style=\"color: #000000;\"><span style=\"font-size: large;\">c<\/span><\/span><span style=\"color: #000000;\"><span style=\"font-size: large;\">ia.<\/span><\/span><\/p>\n<p align=\"left\"><span style=\"color: #000000;\"><span style=\"font-size: large;\">V<\/span><\/span><span style=\"color: #000000;\"><span style=\"font-size: large;\">a<\/span><\/span><span style=\"color: #000000;\"><span style=\"font-size: large;\">n<\/span><\/span> <span style=\"color: #000000;\"><span style=\"font-size: large;\">agafar <\/span><\/span><span style=\"color: #000000;\"><span style=\"font-size: large;\">un hod\u00f2metre, una<\/span><\/span><span style=\"color: #000000;\"><span style=\"font-size: large;\"> roda m\u00e8trica i van <\/span><\/span><span style=\"color: #000000;\"><span style=\"font-size: large;\">comen<\/span><\/span><span style=\"color: #000000;\"><span style=\"font-size: large;\">\u00e7<\/span><\/span><span style=\"color: #000000;\"><span style=\"font-size: large;\">ar a <\/span><\/span><span style=\"color: #000000;\"><span style=\"font-size: large;\">caminar. <\/span><\/span><span style=\"color: #000000;\"><span style=\"font-size: large;\">Van s<\/span><\/span><span style=\"color: #000000;\"><span style=\"font-size: large;\">o<\/span><\/span><span style=\"color: #000000;\"><span style=\"font-size: large;\">rtir<\/span><\/span><span style=\"color: #000000;\"><span style=\"font-size: large;\"> des de <\/span><\/span><span style=\"color: #000000;\"><span style=\"font-size: large;\">l\u2019escola, v<\/span><\/span><span style=\"color: #000000;\"><span style=\"font-size: large;\">an pa<\/span><\/span><span style=\"color: #000000;\"><span style=\"font-size: large;\">ss<\/span><\/span><span style=\"color: #000000;\"><span style=\"font-size: large;\">ar pel Bos<\/span><\/span><span style=\"color: #000000;\"><span style=\"font-size: large;\">quet i va<\/span><\/span><span style=\"color: #000000;\"><span style=\"font-size: large;\">n<\/span><\/span><span style=\"color: #000000;\"><span style=\"font-size: large;\"> ar<\/span><\/span><span style=\"color: #000000;\"><span style=\"font-size: large;\">r<\/span><\/span><span style=\"color: #000000;\"><span style=\"font-size: large;\">ibar<\/span><\/span><span style=\"color: #000000;\"><span style=\"font-size: large;\"> a la piscina municipal. <\/span><\/span><span style=\"color: #000000;\"><span style=\"font-size: large;\">Van veure<\/span><\/span><span style=\"color: #000000;\"><span style=\"font-size: large;\"> que amb aquest trajecte <\/span><\/span><span style=\"color: #000000;\"><span style=\"font-size: large;\">h<\/span><\/span><span style=\"color: #000000;\"><span style=\"font-size: large;\">avien <\/span><\/span><span style=\"color: #000000;\"><span style=\"font-size: large;\">fet una caminada d\u2019un\u00a0<\/span><\/span><span style=\"color: #000000; font-size: large;\">quil\u00f2metre. <\/span><\/p>\n<p align=\"left\"><span style=\"color: #000000;\"><span style=\"font-size: large;\">Amb aquesta activitat s\u2019ho van passar molt b\u00e9 i ara ja saben qu\u00e8 \u00e9s un quil\u00f2metre i quant fa.\u00a0<\/span><\/span><\/p>\n<p align=\"left\"><a href=\"https:\/\/agora.xtec.cat\/ceiplessavines\/portada\/quant-mesura-un-quilometre\/attachment\/foto-km-1-redimensionada\/\" rel=\"attachment wp-att-7871\"><img loading=\"lazy\" decoding=\"async\" class=\"alignnone size-medium wp-image-7871\" src=\"https:\/\/agora.xtec.cat\/ceiplessavines\/wp-content\/uploads\/usu230\/2023\/11\/foto-km-1.redimensionada-300x225.jpg\" alt=\"\" width=\"300\" height=\"225\" srcset=\"https:\/\/agora.xtec.cat\/ceiplessavines\/wp-content\/uploads\/usu230\/2023\/11\/foto-km-1.redimensionada-300x225.jpg 300w, https:\/\/agora.xtec.cat\/ceiplessavines\/wp-content\/uploads\/usu230\/2023\/11\/foto-km-1.redimensionada-768x576.jpg 768w, https:\/\/agora.xtec.cat\/ceiplessavines\/wp-content\/uploads\/usu230\/2023\/11\/foto-km-1.redimensionada-200x150.jpg 200w, https:\/\/agora.xtec.cat\/ceiplessavines\/wp-content\/uploads\/usu230\/2023\/11\/foto-km-1.redimensionada.jpg 1024w\" sizes=\"auto, (max-width: 300px) 100vw, 300px\" \/><\/a> <a href=\"https:\/\/agora.xtec.cat\/ceiplessavines\/portada\/quant-mesura-un-quilometre\/attachment\/foto-km-2-redimensionada\/\" rel=\"attachment wp-att-7872\"><img loading=\"lazy\" decoding=\"async\" class=\"alignnone size-medium wp-image-7872\" src=\"https:\/\/agora.xtec.cat\/ceiplessavines\/wp-content\/uploads\/usu230\/2023\/11\/foto-km-2.redimensionada-300x225.jpg\" alt=\"\" width=\"300\" height=\"225\" srcset=\"https:\/\/agora.xtec.cat\/ceiplessavines\/wp-content\/uploads\/usu230\/2023\/11\/foto-km-2.redimensionada-300x225.jpg 300w, https:\/\/agora.xtec.cat\/ceiplessavines\/wp-content\/uploads\/usu230\/2023\/11\/foto-km-2.redimensionada-768x576.jpg 768w, https:\/\/agora.xtec.cat\/ceiplessavines\/wp-content\/uploads\/usu230\/2023\/11\/foto-km-2.redimensionada-200x150.jpg 200w, https:\/\/agora.xtec.cat\/ceiplessavines\/wp-content\/uploads\/usu230\/2023\/11\/foto-km-2.redimensionada.jpg 1024w\" sizes=\"auto, (max-width: 300px) 100vw, 300px\" \/><\/a><\/p>\n","protected":false},"excerpt":{"rendered":"<p>Els nens i les nenes de 3r el dia 26 d\u2019octubre van fer una caminada d\u2019un quil\u00f2metre per Cervera per saber quant mesura aquesta dist\u00e0ncia. Van agafar un hod\u00f2metre, una roda m\u00e8trica i van comen\u00e7ar a caminar. Van sortir des de l\u2019escola, van passar pel Bosquet i van arribar a la piscina municipal. Van veure [&hellip;]<\/p>\n","protected":false},"author":1,"featured_media":7872,"comment_status":"open","ping_status":"closed","sticky":false,"template":"","format":"standard","meta":{"_bbp_topic_count":0,"_bbp_reply_count":0,"_bbp_total_topic_count":0,"_bbp_total_reply_count":0,"_bbp_voice_count":0,"_bbp_anonymous_reply_count":0,"_bbp_topic_count_hidden":0,"_bbp_reply_count_hidden":0,"_bbp_forum_subforum_count":0,"site-sidebar-layout":"default","site-content-layout":"","ast-site-content-layout":"","site-content-style":"default","site-sidebar-style":"default","ast-global-header-display":"","ast-banner-title-visibility":"","ast-main-header-display":"","ast-hfb-above-header-display":"","ast-hfb-below-header-display":"","ast-hfb-mobile-header-display":"","site-post-title":"","ast-breadcrumbs-content":"","ast-featured-img":"","footer-sml-layout":"","theme-transparent-header-meta":"","adv-header-id-meta":"","stick-header-meta":"","header-above-stick-meta":"","header-main-stick-meta":"","header-below-stick-meta":"","astra-migrate-meta-layouts":"default","ast-page-background-enabled":"default","ast-page-background-meta":{"desktop":{"background-color":"var(--ast-global-color-4)","background-image":"","background-repeat":"repeat","background-position":"center center","background-size":"auto","background-attachment":"scroll","background-type":"","background-media":"","overlay-type":"","overlay-color":"","overlay-opacity":"","overlay-gradient":""},"tablet":{"background-color":"","background-image":"","background-repeat":"repeat","background-position":"center center","background-size":"auto","background-attachment":"scroll","background-type":"","background-media":"","overlay-type":"","overlay-color":"","overlay-opacity":"","overlay-gradient":""},"mobile":{"background-color":"","background-image":"","background-repeat":"repeat","background-position":"center center","background-size":"auto","background-attachment":"scroll","background-type":"","background-media":"","overlay-type":"","overlay-color":"","overlay-opacity":"","overlay-gradient":""}},"ast-content-background-meta":{"desktop":{"background-color":"var(--ast-global-color-5)","background-image":"","background-repeat":"repeat","background-position":"center center","background-size":"auto","background-attachment":"scroll","background-type":"","background-media":"","overlay-type":"","overlay-color":"","overlay-opacity":"","overlay-gradient":""},"tablet":{"background-color":"var(--ast-global-color-5)","background-image":"","background-repeat":"repeat","background-position":"center center","background-size":"auto","background-attachment":"scroll","background-type":"","background-media":"","overlay-type":"","overlay-color":"","overlay-opacity":"","overlay-gradient":""},"mobile":{"background-color":"var(--ast-global-color-5)","background-image":"","background-repeat":"repeat","background-position":"center center","background-size":"auto","background-attachment":"scroll","background-type":"","background-media":"","overlay-type":"","overlay-color":"","overlay-opacity":"","overlay-gradient":""}},"footnotes":""},"categories":[4],"tags":[108],"class_list":["post-7870","post","type-post","status-publish","format-standard","has-post-thumbnail","hentry","category-portada","tag-tallers-llengua"],"post_mailing_queue_ids":[],"_links":{"self":[{"href":"https:\/\/agora.xtec.cat\/ceiplessavines\/wp-json\/wp\/v2\/posts\/7870","targetHints":{"allow":["GET"]}}],"collection":[{"href":"https:\/\/agora.xtec.cat\/ceiplessavines\/wp-json\/wp\/v2\/posts"}],"about":[{"href":"https:\/\/agora.xtec.cat\/ceiplessavines\/wp-json\/wp\/v2\/types\/post"}],"author":[{"embeddable":true,"href":"https:\/\/agora.xtec.cat\/ceiplessavines\/wp-json\/wp\/v2\/users\/1"}],"replies":[{"embeddable":true,"href":"https:\/\/agora.xtec.cat\/ceiplessavines\/wp-json\/wp\/v2\/comments?post=7870"}],"version-history":[{"count":4,"href":"https:\/\/agora.xtec.cat\/ceiplessavines\/wp-json\/wp\/v2\/posts\/7870\/revisions"}],"predecessor-version":[{"id":7914,"href":"https:\/\/agora.xtec.cat\/ceiplessavines\/wp-json\/wp\/v2\/posts\/7870\/revisions\/7914"}],"wp:featuredmedia":[{"embeddable":true,"href":"https:\/\/agora.xtec.cat\/ceiplessavines\/wp-json\/wp\/v2\/media\/7872"}],"wp:attachment":[{"href":"https:\/\/agora.xtec.cat\/ceiplessavines\/wp-json\/wp\/v2\/media?parent=7870"}],"wp:term":[{"taxonomy":"category","embeddable":true,"href":"https:\/\/agora.xtec.cat\/ceiplessavines\/wp-json\/wp\/v2\/categories?post=7870"},{"taxonomy":"post_tag","embeddable":true,"href":"https:\/\/agora.xtec.cat\/ceiplessavines\/wp-json\/wp\/v2\/tags?post=7870"}],"curies":[{"name":"wp","href":"https:\/\/api.w.org\/{rel}","templated":true}]}}