{"id":7857,"date":"2023-11-15T15:38:41","date_gmt":"2023-11-15T14:38:41","guid":{"rendered":"https:\/\/agora.xtec.cat\/ceiplessavines\/?p=7857"},"modified":"2023-11-16T12:39:21","modified_gmt":"2023-11-16T11:39:21","slug":"la-classe-dels-elefants","status":"publish","type":"post","link":"https:\/\/agora.xtec.cat\/ceiplessavines\/portada\/la-classe-dels-elefants\/","title":{"rendered":"La classe dels elefants"},"content":{"rendered":"<p align=\"justify\"><span style=\"font-size: x-large;\">L\u2019alumnat d\u2019I3 el dimarts 17 d\u2019octubre van fer una votaci\u00f3 per escollir el nom de la classe. <\/span><\/p>\n<p align=\"justify\"><span style=\"font-size: x-large;\">Van tenir moltes idees. Primer van pensar diferents propostes i van sortir: els gats, els lleons i lleones , Minnie Mouse i per \u00faltim els elefants. Les mestres van dibuixar a la pissarra les cares de cada animal i a continuaci\u00f3 van fer la votaci\u00f3. Van fer un palet per cada votaci\u00f3. El nom m\u00e9s votat va ser el d\u2019elefants.<\/span><\/p>\n<p align=\"justify\"><span style=\"font-size: x-large;\">Van fer aquesta activitat per trobar un nom d\u2019aula i diferenciar-se d\u2019altres cursos i classes de infantil. <\/span><\/p>\n<p align=\"justify\">\n<p align=\"justify\"><a href=\"https:\/\/agora.xtec.cat\/ceiplessavines\/portada\/la-classe-dels-elefants\/attachment\/elefant\/\" rel=\"attachment wp-att-7875\"><img loading=\"lazy\" decoding=\"async\" class=\"aligncenter wp-image-7875 size-full\" src=\"https:\/\/agora.xtec.cat\/ceiplessavines\/wp-content\/uploads\/usu230\/2023\/11\/elefant.jpg\" alt=\"\" width=\"1000\" height=\"1333\" srcset=\"https:\/\/agora.xtec.cat\/ceiplessavines\/wp-content\/uploads\/usu230\/2023\/11\/elefant.jpg 1000w, https:\/\/agora.xtec.cat\/ceiplessavines\/wp-content\/uploads\/usu230\/2023\/11\/elefant-225x300.jpg 225w, https:\/\/agora.xtec.cat\/ceiplessavines\/wp-content\/uploads\/usu230\/2023\/11\/elefant-768x1024.jpg 768w\" sizes=\"auto, (max-width: 1000px) 100vw, 1000px\" \/><\/a><\/p>\n","protected":false},"excerpt":{"rendered":"<p>L\u2019alumnat d\u2019I3 el dimarts 17 d\u2019octubre van fer una votaci\u00f3 per escollir el nom de la classe. Van tenir moltes idees. Primer van pensar diferents propostes i van sortir: els gats, els lleons i lleones , Minnie Mouse i per \u00faltim els elefants. Les mestres van dibuixar a la pissarra les cares de cada animal [&hellip;]<\/p>\n","protected":false},"author":1,"featured_media":7875,"comment_status":"open","ping_status":"closed","sticky":false,"template":"","format":"standard","meta":{"_bbp_topic_count":0,"_bbp_reply_count":0,"_bbp_total_topic_count":0,"_bbp_total_reply_count":0,"_bbp_voice_count":0,"_bbp_anonymous_reply_count":0,"_bbp_topic_count_hidden":0,"_bbp_reply_count_hidden":0,"_bbp_forum_subforum_count":0,"site-sidebar-layout":"default","site-content-layout":"","ast-site-content-layout":"","site-content-style":"default","site-sidebar-style":"default","ast-global-header-display":"","ast-banner-title-visibility":"","ast-main-header-display":"","ast-hfb-above-header-display":"","ast-hfb-below-header-display":"","ast-hfb-mobile-header-display":"","site-post-title":"","ast-breadcrumbs-content":"","ast-featured-img":"","footer-sml-layout":"","theme-transparent-header-meta":"","adv-header-id-meta":"","stick-header-meta":"","header-above-stick-meta":"","header-main-stick-meta":"","header-below-stick-meta":"","astra-migrate-meta-layouts":"default","ast-page-background-enabled":"default","ast-page-background-meta":{"desktop":{"background-color":"var(--ast-global-color-4)","background-image":"","background-repeat":"repeat","background-position":"center center","background-size":"auto","background-attachment":"scroll","background-type":"","background-media":"","overlay-type":"","overlay-color":"","overlay-opacity":"","overlay-gradient":""},"tablet":{"background-color":"","background-image":"","background-repeat":"repeat","background-position":"center center","background-size":"auto","background-attachment":"scroll","background-type":"","background-media":"","overlay-type":"","overlay-color":"","overlay-opacity":"","overlay-gradient":""},"mobile":{"background-color":"","background-image":"","background-repeat":"repeat","background-position":"center center","background-size":"auto","background-attachment":"scroll","background-type":"","background-media":"","overlay-type":"","overlay-color":"","overlay-opacity":"","overlay-gradient":""}},"ast-content-background-meta":{"desktop":{"background-color":"var(--ast-global-color-5)","background-image":"","background-repeat":"repeat","background-position":"center center","background-size":"auto","background-attachment":"scroll","background-type":"","background-media":"","overlay-type":"","overlay-color":"","overlay-opacity":"","overlay-gradient":""},"tablet":{"background-color":"var(--ast-global-color-5)","background-image":"","background-repeat":"repeat","background-position":"center center","background-size":"auto","background-attachment":"scroll","background-type":"","background-media":"","overlay-type":"","overlay-color":"","overlay-opacity":"","overlay-gradient":""},"mobile":{"background-color":"var(--ast-global-color-5)","background-image":"","background-repeat":"repeat","background-position":"center center","background-size":"auto","background-attachment":"scroll","background-type":"","background-media":"","overlay-type":"","overlay-color":"","overlay-opacity":"","overlay-gradient":""}},"footnotes":""},"categories":[21,4],"tags":[108],"class_list":["post-7857","post","type-post","status-publish","format-standard","has-post-thumbnail","hentry","category-infantil","category-portada","tag-tallers-llengua"],"post_mailing_queue_ids":[],"_links":{"self":[{"href":"https:\/\/agora.xtec.cat\/ceiplessavines\/wp-json\/wp\/v2\/posts\/7857","targetHints":{"allow":["GET"]}}],"collection":[{"href":"https:\/\/agora.xtec.cat\/ceiplessavines\/wp-json\/wp\/v2\/posts"}],"about":[{"href":"https:\/\/agora.xtec.cat\/ceiplessavines\/wp-json\/wp\/v2\/types\/post"}],"author":[{"embeddable":true,"href":"https:\/\/agora.xtec.cat\/ceiplessavines\/wp-json\/wp\/v2\/users\/1"}],"replies":[{"embeddable":true,"href":"https:\/\/agora.xtec.cat\/ceiplessavines\/wp-json\/wp\/v2\/comments?post=7857"}],"version-history":[{"count":3,"href":"https:\/\/agora.xtec.cat\/ceiplessavines\/wp-json\/wp\/v2\/posts\/7857\/revisions"}],"predecessor-version":[{"id":7876,"href":"https:\/\/agora.xtec.cat\/ceiplessavines\/wp-json\/wp\/v2\/posts\/7857\/revisions\/7876"}],"wp:featuredmedia":[{"embeddable":true,"href":"https:\/\/agora.xtec.cat\/ceiplessavines\/wp-json\/wp\/v2\/media\/7875"}],"wp:attachment":[{"href":"https:\/\/agora.xtec.cat\/ceiplessavines\/wp-json\/wp\/v2\/media?parent=7857"}],"wp:term":[{"taxonomy":"category","embeddable":true,"href":"https:\/\/agora.xtec.cat\/ceiplessavines\/wp-json\/wp\/v2\/categories?post=7857"},{"taxonomy":"post_tag","embeddable":true,"href":"https:\/\/agora.xtec.cat\/ceiplessavines\/wp-json\/wp\/v2\/tags?post=7857"}],"curies":[{"name":"wp","href":"https:\/\/api.w.org\/{rel}","templated":true}]}}