{"id":7852,"date":"2023-11-08T18:52:58","date_gmt":"2023-11-08T17:52:58","guid":{"rendered":"https:\/\/agora.xtec.cat\/ceiplessavines\/?p=7852"},"modified":"2023-11-08T18:52:58","modified_gmt":"2023-11-08T17:52:58","slug":"contes-a-la-catxipanda-2","status":"publish","type":"post","link":"https:\/\/agora.xtec.cat\/ceiplessavines\/portada\/contes-a-la-catxipanda-2\/","title":{"rendered":"Contes a la Catxipanda"},"content":{"rendered":"<p><span style=\"color: #000000;\"><span style=\"font-family: Z003;\"><span style=\"font-size: large;\"><span style=\"font-family: Comic Sans MS, cursive;\">Els nens i nenes de 1<\/span><sup><span style=\"font-family: Comic Sans MS, cursive;\">r<\/span><\/sup><span style=\"font-family: Comic Sans MS, cursive;\"> el dilluns <\/span>16 <span style=\"font-family: Comic Sans MS, cursive;\">d\u2019octubre <\/span><span style=\"font-family: Comic Sans MS, cursive;\">van anar a l\u2019<\/span><span style=\"font-family: Comic Sans MS, cursive;\">A<\/span><span style=\"font-family: Comic Sans MS, cursive;\">uditori <\/span><span style=\"font-family: Comic Sans MS, cursive;\">i <\/span><span style=\"font-family: Comic Sans MS, cursive;\">els <\/span><span style=\"font-family: Comic Sans MS, cursive;\">hi <\/span><span style=\"font-family: Comic Sans MS, cursive;\">van explicar un conte sobre la lluna, els somnis i la imaginaci\u00f3 . <\/span><\/span><\/span><\/span><\/p>\n<p><span style=\"color: #000000;\"><span style=\"font-family: Z003;\"><span style=\"font-size: large;\"><span style=\"font-family: Comic Sans MS, cursive;\">Prime<\/span><span style=\"font-family: Comic Sans MS, cursive;\">r <\/span><span style=\"font-family: Comic Sans MS, cursive;\">van entrar els <\/span><span style=\"font-family: Comic Sans MS, cursive;\">nens i nenes <\/span><span style=\"font-family: Comic Sans MS, cursive;\">de l&#8217;<\/span><span style=\"font-family: Comic Sans MS, cursive;\">A<\/span><span style=\"font-family: Comic Sans MS, cursive;\">rques, despr\u00e9s <\/span><span style=\"font-family: Comic Sans MS, cursive;\">van entrar els de les <\/span><span style=\"font-family: Comic Sans MS, cursive;\">S<\/span><span style=\"font-family: Comic Sans MS, cursive;\">avines i <\/span><span style=\"font-family: Comic Sans MS, cursive;\">per \u00faltim <\/span><span style=\"font-family: Comic Sans MS, cursive;\">el<\/span><span style=\"font-family: Comic Sans MS, cursive;\">s del<\/span> <span style=\"font-family: Comic Sans MS, cursive;\">B<\/span><span style=\"font-family: Comic Sans MS, cursive;\">almes . <\/span><span style=\"font-family: Comic Sans MS, cursive;\">Hi <\/span><span style=\"font-family: Comic Sans MS, cursive;\">van anar perqu\u00e8 <\/span><span style=\"font-family: Comic Sans MS, cursive;\">l\u2019ajuntament <\/span><span style=\"font-family: Comic Sans MS, cursive;\">els va convida<\/span><span style=\"font-family: Comic Sans MS, cursive;\">r.<\/span><\/span><\/span><\/span><\/p>\n<p><span style=\"color: #000000;\"><span style=\"font-family: Z003;\"><span style=\"font-size: large;\"><span style=\"font-family: Comic Sans MS, cursive;\">E<\/span><span style=\"font-family: Comic Sans MS, cursive;\">ls <\/span><span style=\"font-family: Comic Sans MS, cursive;\">hi v<\/span><span style=\"font-family: Comic Sans MS, cursive;\">a agradar molt <\/span><span style=\"font-family: Comic Sans MS, cursive;\">aquesta activitat perqu\u00e8 <\/span><span style=\"font-family: Comic Sans MS, cursive;\">els <\/span><span style=\"font-family: Comic Sans MS, cursive;\">h<\/span><span style=\"font-family: Comic Sans MS, cursive;\">i <\/span><span style=\"font-family: Comic Sans MS, cursive;\">van <\/span><span style=\"font-family: Comic Sans MS, cursive;\">parl<\/span><span style=\"font-family: Comic Sans MS, cursive;\">ar<\/span><span style=\"font-family: Comic Sans MS, cursive;\"> sobre la lluna. <\/span><span style=\"font-family: Comic Sans MS, cursive;\">E<\/span><span style=\"font-family: Comic Sans MS, cursive;\">ls <\/span><span style=\"font-family: Comic Sans MS, cursive;\">h<\/span><span style=\"font-family: Comic Sans MS, cursive;\">i van llegir aquest conte perqu\u00e8 no tingu<\/span><span style=\"font-family: Comic Sans MS, cursive;\">essin<\/span><span style=\"font-family: Comic Sans MS, cursive;\"> por a l<\/span><span style=\"font-family: Comic Sans MS, cursive;\">es<\/span><span style=\"font-family: Comic Sans MS, cursive;\"> nit<\/span><span style=\"font-family: Comic Sans MS, cursive;\">s<\/span><span style=\"font-family: Comic Sans MS, cursive;\"> .<\/span><\/span><\/span><\/span><\/p>\n<p><a href=\"https:\/\/agora.xtec.cat\/ceiplessavines\/portada\/contes-a-la-catxipanda-2\/attachment\/84da0851-3c3f-470b-8cce-117f7e4f7529-redimensionada\/\" rel=\"attachment wp-att-7853\"><img loading=\"lazy\" decoding=\"async\" class=\"alignnone size-medium wp-image-7853\" src=\"https:\/\/agora.xtec.cat\/ceiplessavines\/wp-content\/uploads\/usu230\/2023\/11\/84DA0851-3C3F-470B-8CCE-117F7E4F7529.redimensionada-225x300.jpg\" alt=\"\" width=\"225\" height=\"300\" srcset=\"https:\/\/agora.xtec.cat\/ceiplessavines\/wp-content\/uploads\/usu230\/2023\/11\/84DA0851-3C3F-470B-8CCE-117F7E4F7529.redimensionada-225x300.jpg 225w, https:\/\/agora.xtec.cat\/ceiplessavines\/wp-content\/uploads\/usu230\/2023\/11\/84DA0851-3C3F-470B-8CCE-117F7E4F7529.redimensionada.jpg 576w\" sizes=\"auto, (max-width: 225px) 100vw, 225px\" \/><\/a> \u00a0\u00a0 \u00a0\u00a0<a href=\"https:\/\/agora.xtec.cat\/ceiplessavines\/portada\/contes-a-la-catxipanda-2\/attachment\/4078fdeb-3a6a-49a5-9633-11404efb1510-redimensionada\/\" rel=\"attachment wp-att-7854\"><img loading=\"lazy\" decoding=\"async\" class=\"alignnone size-medium wp-image-7854\" src=\"https:\/\/agora.xtec.cat\/ceiplessavines\/wp-content\/uploads\/usu230\/2023\/11\/4078FDEB-3A6A-49A5-9633-11404EFB1510.redimensionada-225x300.jpg\" alt=\"\" width=\"225\" height=\"300\" srcset=\"https:\/\/agora.xtec.cat\/ceiplessavines\/wp-content\/uploads\/usu230\/2023\/11\/4078FDEB-3A6A-49A5-9633-11404EFB1510.redimensionada-225x300.jpg 225w, https:\/\/agora.xtec.cat\/ceiplessavines\/wp-content\/uploads\/usu230\/2023\/11\/4078FDEB-3A6A-49A5-9633-11404EFB1510.redimensionada.jpg 576w\" sizes=\"auto, (max-width: 225px) 100vw, 225px\" \/><\/a><\/p>\n","protected":false},"excerpt":{"rendered":"<p>Els nens i nenes de 1r el dilluns 16 d\u2019octubre van anar a l\u2019Auditori i els hi van explicar un conte sobre la lluna, els somnis i la imaginaci\u00f3 . Primer van entrar els nens i nenes de l&#8217;Arques, despr\u00e9s van entrar els de les Savines i per \u00faltim els del Balmes . Hi van [&hellip;]<\/p>\n","protected":false},"author":1,"featured_media":7854,"comment_status":"open","ping_status":"closed","sticky":false,"template":"","format":"standard","meta":{"_bbp_topic_count":0,"_bbp_reply_count":0,"_bbp_total_topic_count":0,"_bbp_total_reply_count":0,"_bbp_voice_count":0,"_bbp_anonymous_reply_count":0,"_bbp_topic_count_hidden":0,"_bbp_reply_count_hidden":0,"_bbp_forum_subforum_count":0,"site-sidebar-layout":"default","site-content-layout":"","ast-site-content-layout":"","site-content-style":"default","site-sidebar-style":"default","ast-global-header-display":"","ast-banner-title-visibility":"","ast-main-header-display":"","ast-hfb-above-header-display":"","ast-hfb-below-header-display":"","ast-hfb-mobile-header-display":"","site-post-title":"","ast-breadcrumbs-content":"","ast-featured-img":"","footer-sml-layout":"","theme-transparent-header-meta":"","adv-header-id-meta":"","stick-header-meta":"","header-above-stick-meta":"","header-main-stick-meta":"","header-below-stick-meta":"","astra-migrate-meta-layouts":"default","ast-page-background-enabled":"default","ast-page-background-meta":{"desktop":{"background-color":"var(--ast-global-color-4)","background-image":"","background-repeat":"repeat","background-position":"center center","background-size":"auto","background-attachment":"scroll","background-type":"","background-media":"","overlay-type":"","overlay-color":"","overlay-opacity":"","overlay-gradient":""},"tablet":{"background-color":"","background-image":"","background-repeat":"repeat","background-position":"center center","background-size":"auto","background-attachment":"scroll","background-type":"","background-media":"","overlay-type":"","overlay-color":"","overlay-opacity":"","overlay-gradient":""},"mobile":{"background-color":"","background-image":"","background-repeat":"repeat","background-position":"center center","background-size":"auto","background-attachment":"scroll","background-type":"","background-media":"","overlay-type":"","overlay-color":"","overlay-opacity":"","overlay-gradient":""}},"ast-content-background-meta":{"desktop":{"background-color":"var(--ast-global-color-5)","background-image":"","background-repeat":"repeat","background-position":"center center","background-size":"auto","background-attachment":"scroll","background-type":"","background-media":"","overlay-type":"","overlay-color":"","overlay-opacity":"","overlay-gradient":""},"tablet":{"background-color":"var(--ast-global-color-5)","background-image":"","background-repeat":"repeat","background-position":"center center","background-size":"auto","background-attachment":"scroll","background-type":"","background-media":"","overlay-type":"","overlay-color":"","overlay-opacity":"","overlay-gradient":""},"mobile":{"background-color":"var(--ast-global-color-5)","background-image":"","background-repeat":"repeat","background-position":"center center","background-size":"auto","background-attachment":"scroll","background-type":"","background-media":"","overlay-type":"","overlay-color":"","overlay-opacity":"","overlay-gradient":""}},"footnotes":""},"categories":[4],"tags":[108],"class_list":["post-7852","post","type-post","status-publish","format-standard","has-post-thumbnail","hentry","category-portada","tag-tallers-llengua"],"post_mailing_queue_ids":[],"_links":{"self":[{"href":"https:\/\/agora.xtec.cat\/ceiplessavines\/wp-json\/wp\/v2\/posts\/7852","targetHints":{"allow":["GET"]}}],"collection":[{"href":"https:\/\/agora.xtec.cat\/ceiplessavines\/wp-json\/wp\/v2\/posts"}],"about":[{"href":"https:\/\/agora.xtec.cat\/ceiplessavines\/wp-json\/wp\/v2\/types\/post"}],"author":[{"embeddable":true,"href":"https:\/\/agora.xtec.cat\/ceiplessavines\/wp-json\/wp\/v2\/users\/1"}],"replies":[{"embeddable":true,"href":"https:\/\/agora.xtec.cat\/ceiplessavines\/wp-json\/wp\/v2\/comments?post=7852"}],"version-history":[{"count":2,"href":"https:\/\/agora.xtec.cat\/ceiplessavines\/wp-json\/wp\/v2\/posts\/7852\/revisions"}],"predecessor-version":[{"id":7856,"href":"https:\/\/agora.xtec.cat\/ceiplessavines\/wp-json\/wp\/v2\/posts\/7852\/revisions\/7856"}],"wp:featuredmedia":[{"embeddable":true,"href":"https:\/\/agora.xtec.cat\/ceiplessavines\/wp-json\/wp\/v2\/media\/7854"}],"wp:attachment":[{"href":"https:\/\/agora.xtec.cat\/ceiplessavines\/wp-json\/wp\/v2\/media?parent=7852"}],"wp:term":[{"taxonomy":"category","embeddable":true,"href":"https:\/\/agora.xtec.cat\/ceiplessavines\/wp-json\/wp\/v2\/categories?post=7852"},{"taxonomy":"post_tag","embeddable":true,"href":"https:\/\/agora.xtec.cat\/ceiplessavines\/wp-json\/wp\/v2\/tags?post=7852"}],"curies":[{"name":"wp","href":"https:\/\/api.w.org\/{rel}","templated":true}]}}