{"id":7826,"date":"2023-10-19T13:36:55","date_gmt":"2023-10-19T11:36:55","guid":{"rendered":"https:\/\/agora.xtec.cat\/ceiplessavines\/?p=7826"},"modified":"2023-10-19T13:36:55","modified_gmt":"2023-10-19T11:36:55","slug":"fem-tallers-de-llengua-2","status":"publish","type":"post","link":"https:\/\/agora.xtec.cat\/ceiplessavines\/portada\/fem-tallers-de-llengua-2\/","title":{"rendered":"Fem tallers de llengua"},"content":{"rendered":"<p align=\"justify\"><span style=\"font-size: x-large;\">Els <\/span><span style=\"font-size: x-large;\">nens i nenes <\/span><span style=\"font-size: x-large;\">de la comunitat de grans els dimecres a la tarda fem tallers de llengua. <\/span><\/p>\n<p align=\"justify\"><span style=\"font-size: x-large;\">H<\/span><span style=\"font-size: x-large;\">i ha 6 tallers: 2 d\u2019angl\u00e8s, 2 de castell<\/span><span style=\"font-size: x-large;\">\u00e0<\/span><span style=\"font-size: x-large;\"> i 2 de catal<\/span><span style=\"font-size: x-large;\">\u00e0. <\/span><span style=\"font-size: x-large;\">Els tallers s\u00f3n: news, let\u2019s act, r<\/span><span style=\"font-size: x-large;\">\u00e0<\/span><span style=\"font-size: x-large;\">dio, teat<\/span><span style=\"font-size: x-large;\">r<\/span><span style=\"font-size: x-large;\">e, p\u00e0<\/span><span style=\"font-size: x-large;\">gina<\/span><span style=\"font-size: x-large;\"> we<\/span><span style=\"font-size: x-large;\">b<\/span><span style=\"font-size: x-large;\"> i co<\/span><span style=\"font-size: x-large;\">nf<\/span><span style=\"font-size: x-large;\">e<\/span><span style=\"font-size: x-large;\">r\u00e8n<\/span><span style=\"font-size: x-large;\">cies. <\/span><\/p>\n<p align=\"justify\"><span style=\"font-size: x-large;\">Cada<\/span><span style=\"font-size: x-large;\">sc\u00fa<\/span><span style=\"font-size: x-large;\"> ha triat un taller de cada llengua i d<\/span><span style=\"font-size: x-large;\">urant el curs farem tres tallers diferents. <\/span><\/p>\n<p align=\"justify\"><span style=\"font-size: x-large;\">Quan fem tallers, aprenem a treballar amb nens i nenes d\u2019altres cursos i tamb\u00e9 aprenem a parlar en p\u00fablic, <\/span><span style=\"font-size: x-large;\">millorar la nostra expressi\u00f3 oral en les tres lleng\u00fces<\/span><span style=\"font-size: x-large;\"> i a <\/span><span style=\"font-size: x-large;\">escriure not<\/span><span style=\"font-size: x-large;\">\u00ed<\/span><span style=\"font-size: x-large;\">cies.<\/span><\/p>\n<p align=\"justify\">\r\n\t<div class=\"slideshow_container slideshow_container_style-light\" style=\"height: 300px; \" data-slideshow-id=\"7828\" data-style-name=\"style-light\" data-style-version=\"2.3.1\" >\r\n\r\n\t\t\t\t\t<div class=\"slideshow_loading_icon\"><\/div>\r\n\t\t\r\n\t\t<div class=\"slideshow_content\" style=\"display: none;\">\r\n\r\n\t\t\t<div class=\"slideshow_view\">\r\n\t\t\t\t<div class=\"slideshow_slide slideshow_slide_image\">\r\n\t\t\t\t\t\t\t\t\t\t\t<img src=\"https:\/\/agora.xtec.cat\/ceiplessavines\/wp-content\/uploads\/usu230\/2023\/10\/IMG_20231018_154816.jpg\" alt=\"IMG_20231018_154816\" width=\"900\" height=\"675\" \/>\r\n\t\t\t\t\t\t\t\t\t\t<div class=\"slideshow_description_box slideshow_transparent\">\r\n\t\t\t\t\t\t<div class=\"slideshow_title\">IMG_20231018_154816<\/div>\t\t\t\t\t\t\t\t\t\t\t<\/div>\r\n\t\t\t\t<\/div>\r\n\r\n\t\t\t\t\t\t<div style=\"clear: both;\"><\/div><\/div><div class=\"slideshow_view\">\r\n\t\t\t\t<div class=\"slideshow_slide slideshow_slide_image\">\r\n\t\t\t\t\t\t\t\t\t\t\t<img src=\"https:\/\/agora.xtec.cat\/ceiplessavines\/wp-content\/uploads\/usu230\/2023\/10\/IMG_20231018_154310.jpg\" alt=\"IMG_20231018_154310\" width=\"900\" height=\"675\" \/>\r\n\t\t\t\t\t\t\t\t\t\t<div class=\"slideshow_description_box slideshow_transparent\">\r\n\t\t\t\t\t\t<div class=\"slideshow_title\">IMG_20231018_154310<\/div>\t\t\t\t\t\t\t\t\t\t\t<\/div>\r\n\t\t\t\t<\/div>\r\n\r\n\t\t\t\t\t\t<div style=\"clear: both;\"><\/div><\/div><div class=\"slideshow_view\">\r\n\t\t\t\t<div class=\"slideshow_slide slideshow_slide_image\">\r\n\t\t\t\t\t\t\t\t\t\t\t<img src=\"https:\/\/agora.xtec.cat\/ceiplessavines\/wp-content\/uploads\/usu230\/2023\/10\/IMG_20231018_154051.jpg\" alt=\"IMG_20231018_154051\" width=\"900\" height=\"675\" \/>\r\n\t\t\t\t\t\t\t\t\t\t<div class=\"slideshow_description_box slideshow_transparent\">\r\n\t\t\t\t\t\t<div class=\"slideshow_title\">IMG_20231018_154051<\/div>\t\t\t\t\t\t\t\t\t\t\t<\/div>\r\n\t\t\t\t<\/div>\r\n\r\n\t\t\t\t\t\t<div style=\"clear: both;\"><\/div><\/div><div class=\"slideshow_view\">\r\n\t\t\t\t<div class=\"slideshow_slide slideshow_slide_image\">\r\n\t\t\t\t\t\t\t\t\t\t\t<img src=\"https:\/\/agora.xtec.cat\/ceiplessavines\/wp-content\/uploads\/usu230\/2023\/10\/IMG_20231018_153840.jpg\" alt=\"IMG_20231018_153840\" width=\"900\" height=\"675\" \/>\r\n\t\t\t\t\t\t\t\t\t\t<div class=\"slideshow_description_box slideshow_transparent\">\r\n\t\t\t\t\t\t<div class=\"slideshow_title\">IMG_20231018_153840<\/div>\t\t\t\t\t\t\t\t\t\t\t<\/div>\r\n\t\t\t\t<\/div>\r\n\r\n\t\t\t\t\t\t<div style=\"clear: both;\"><\/div><\/div>\r\n\t\t<\/div>\r\n\r\n\t\t<div class=\"slideshow_controlPanel slideshow_transparent\" style=\"display: none;\"><ul><li class=\"slideshow_togglePlay\" data-play-text=\"Visualitza\" data-pause-text=\"Pausa\"><\/li><\/ul><\/div>\r\n\r\n\t\t<div class=\"slideshow_button slideshow_previous slideshow_transparent\" role=\"button\" data-previous-text=\"Anterior\" style=\"display: none;\"><\/div>\r\n\t\t<div class=\"slideshow_button slideshow_next slideshow_transparent\" role=\"button\" data-next-text=\"Seg\u00fcent\" style=\"display: none;\"><\/div>\r\n\r\n\t\t<div class=\"slideshow_pagination\" style=\"display: none;\" data-go-to-text=\"V\u00e9s a la diapositiva\"><div class=\"slideshow_pagination_center\"><\/div><\/div>\r\n\r\n\t\t<!-- WordPress Slideshow Version 2.3.1 -->\r\n\r\n\t\t\t<\/div>\r\n\r\n<\/p>\n","protected":false},"excerpt":{"rendered":"<p>Els nens i nenes de la comunitat de grans els dimecres a la tarda fem tallers de llengua. Hi ha 6 tallers: 2 d\u2019angl\u00e8s, 2 de castell\u00e0 i 2 de catal\u00e0. Els tallers s\u00f3n: news, let\u2019s act, r\u00e0dio, teatre, p\u00e0gina web i confer\u00e8ncies. Cadasc\u00fa ha triat un taller de cada llengua i durant el curs [&hellip;]<\/p>\n","protected":false},"author":1,"featured_media":7831,"comment_status":"open","ping_status":"closed","sticky":false,"template":"","format":"standard","meta":{"_bbp_topic_count":0,"_bbp_reply_count":0,"_bbp_total_topic_count":0,"_bbp_total_reply_count":0,"_bbp_voice_count":0,"_bbp_anonymous_reply_count":0,"_bbp_topic_count_hidden":0,"_bbp_reply_count_hidden":0,"_bbp_forum_subforum_count":0,"site-sidebar-layout":"default","site-content-layout":"","ast-site-content-layout":"","site-content-style":"default","site-sidebar-style":"default","ast-global-header-display":"","ast-banner-title-visibility":"","ast-main-header-display":"","ast-hfb-above-header-display":"","ast-hfb-below-header-display":"","ast-hfb-mobile-header-display":"","site-post-title":"","ast-breadcrumbs-content":"","ast-featured-img":"","footer-sml-layout":"","theme-transparent-header-meta":"","adv-header-id-meta":"","stick-header-meta":"","header-above-stick-meta":"","header-main-stick-meta":"","header-below-stick-meta":"","astra-migrate-meta-layouts":"default","ast-page-background-enabled":"default","ast-page-background-meta":{"desktop":{"background-color":"var(--ast-global-color-4)","background-image":"","background-repeat":"repeat","background-position":"center center","background-size":"auto","background-attachment":"scroll","background-type":"","background-media":"","overlay-type":"","overlay-color":"","overlay-opacity":"","overlay-gradient":""},"tablet":{"background-color":"","background-image":"","background-repeat":"repeat","background-position":"center center","background-size":"auto","background-attachment":"scroll","background-type":"","background-media":"","overlay-type":"","overlay-color":"","overlay-opacity":"","overlay-gradient":""},"mobile":{"background-color":"","background-image":"","background-repeat":"repeat","background-position":"center center","background-size":"auto","background-attachment":"scroll","background-type":"","background-media":"","overlay-type":"","overlay-color":"","overlay-opacity":"","overlay-gradient":""}},"ast-content-background-meta":{"desktop":{"background-color":"var(--ast-global-color-5)","background-image":"","background-repeat":"repeat","background-position":"center center","background-size":"auto","background-attachment":"scroll","background-type":"","background-media":"","overlay-type":"","overlay-color":"","overlay-opacity":"","overlay-gradient":""},"tablet":{"background-color":"var(--ast-global-color-5)","background-image":"","background-repeat":"repeat","background-position":"center center","background-size":"auto","background-attachment":"scroll","background-type":"","background-media":"","overlay-type":"","overlay-color":"","overlay-opacity":"","overlay-gradient":""},"mobile":{"background-color":"var(--ast-global-color-5)","background-image":"","background-repeat":"repeat","background-position":"center center","background-size":"auto","background-attachment":"scroll","background-type":"","background-media":"","overlay-type":"","overlay-color":"","overlay-opacity":"","overlay-gradient":""}},"footnotes":""},"categories":[4],"tags":[108],"class_list":["post-7826","post","type-post","status-publish","format-standard","has-post-thumbnail","hentry","category-portada","tag-tallers-llengua"],"post_mailing_queue_ids":[],"_links":{"self":[{"href":"https:\/\/agora.xtec.cat\/ceiplessavines\/wp-json\/wp\/v2\/posts\/7826","targetHints":{"allow":["GET"]}}],"collection":[{"href":"https:\/\/agora.xtec.cat\/ceiplessavines\/wp-json\/wp\/v2\/posts"}],"about":[{"href":"https:\/\/agora.xtec.cat\/ceiplessavines\/wp-json\/wp\/v2\/types\/post"}],"author":[{"embeddable":true,"href":"https:\/\/agora.xtec.cat\/ceiplessavines\/wp-json\/wp\/v2\/users\/1"}],"replies":[{"embeddable":true,"href":"https:\/\/agora.xtec.cat\/ceiplessavines\/wp-json\/wp\/v2\/comments?post=7826"}],"version-history":[{"count":2,"href":"https:\/\/agora.xtec.cat\/ceiplessavines\/wp-json\/wp\/v2\/posts\/7826\/revisions"}],"predecessor-version":[{"id":7833,"href":"https:\/\/agora.xtec.cat\/ceiplessavines\/wp-json\/wp\/v2\/posts\/7826\/revisions\/7833"}],"wp:featuredmedia":[{"embeddable":true,"href":"https:\/\/agora.xtec.cat\/ceiplessavines\/wp-json\/wp\/v2\/media\/7831"}],"wp:attachment":[{"href":"https:\/\/agora.xtec.cat\/ceiplessavines\/wp-json\/wp\/v2\/media?parent=7826"}],"wp:term":[{"taxonomy":"category","embeddable":true,"href":"https:\/\/agora.xtec.cat\/ceiplessavines\/wp-json\/wp\/v2\/categories?post=7826"},{"taxonomy":"post_tag","embeddable":true,"href":"https:\/\/agora.xtec.cat\/ceiplessavines\/wp-json\/wp\/v2\/tags?post=7826"}],"curies":[{"name":"wp","href":"https:\/\/api.w.org\/{rel}","templated":true}]}}