{"id":7719,"date":"2023-06-14T13:20:54","date_gmt":"2023-06-14T11:20:54","guid":{"rendered":"https:\/\/agora.xtec.cat\/ceiplessavines\/?p=7719"},"modified":"2023-06-14T13:20:55","modified_gmt":"2023-06-14T11:20:55","slug":"la-festivitat-de-corpus-a-les-escoles-de-cervera","status":"publish","type":"post","link":"https:\/\/agora.xtec.cat\/ceiplessavines\/general\/la-festivitat-de-corpus-a-les-escoles-de-cervera\/","title":{"rendered":"La festivitat de Corpus a les escoles de Cervera"},"content":{"rendered":"<p>Entre el 5 i el 9 de juny, els alumnes des d\u2019I3 a 6\u00e8 curs de prim\u00e0ria de les escoles de<br \/>\nCervera van treballar la festivitat de Corpus a partir de materials did\u00e0ctics relacionats<br \/>\namb la festa. Aquesta iniciativa s\u2019engloba dins un projecte educatiu transversal, que t\u00e9<br \/>\nper objectiu apropar la cultura, la llengua catalana i les tradicions a tot l\u2019alumnat d\u2019infantil<br \/>\ni prim\u00e0ria, i tamb\u00e9 a les seves fam\u00edlies.<\/p>\n<p>La proposta pedag\u00f2gica s\u2019organitza en diferents unitats did\u00e0ctiques, una per a cada<br \/>\nnivell educatiu. Inclou activitats motivadores, vivencials i significatives en catal\u00e0 i angl\u00e8s<br \/>\nper treballar diversos aspectes: l\u2019arc\u00e0ngel Sant Miquel, les catifes de Corpus, les<br \/>\ncampanes, el timbaler, el seguici, l\u2019\u00e0liga de Cervera, el Corpus i el Ball Parlat del Ball de<br \/>\nDiables de Cervera, Carranquers. Entre les activitats que es proposen conv\u00e9 destacar<br \/>\nles creacions de catifes a la Pla\u00e7a Major per part de l\u2019alumnat de 3r, les visites escolars<br \/>\nde l\u2019alumnat de 4t al Museu de Cervera i a la Paeria de Cervera per veure el cap de<br \/>\nl\u2019\u00e0liga antiga i l\u2019\u00e0liga actual, respectivament, a c\u00e0rrec de voluntaris de la Confraria de<br \/>\nl\u2019\u00c0liga de Cervera i, finalment la xerrada a l\u2019alumnat de 6\u00e8 sobre la seguretat en el<br \/>\ncorrefoc a c\u00e0rrec de voluntaris del Ball de Diables de Cervera, Carranquers.<\/p>\n<p>El projecte est\u00e0 actiu des de l\u2019any 2010 i \u00e9s liderat pel Grup de Treball de Cultura<br \/>\nPopular a les Escoles de Cervera, de l&#8217;Agrupaci\u00f3 Seny Major, juntament amb la<br \/>\ncol\u00b7laboraci\u00f3 del Servei Educatiu de la Segarra del Departament d\u2019Educaci\u00f3. A m\u00e9s,<br \/>\ntamb\u00e9 compta amb dues propostes pedag\u00f2giques m\u00e9s: la Festa Major del Sant Crist i la<br \/>\nFesta del Sant\u00edssim Misteri.<\/p>\n<p><a href=\"https:\/\/agora.xtec.cat\/ceiplessavines\/general\/la-festivitat-de-corpus-a-les-escoles-de-cervera\/attachment\/escola-les-savines-4t\/\" rel=\"attachment wp-att-7721\"><img loading=\"lazy\" decoding=\"async\" class=\"alignnone size-medium wp-image-7721\" src=\"https:\/\/agora.xtec.cat\/ceiplessavines\/wp-content\/uploads\/usu230\/2023\/06\/Escola-Les-Savines-4t-300x225.jpeg\" alt=\"\" width=\"300\" height=\"225\" srcset=\"https:\/\/agora.xtec.cat\/ceiplessavines\/wp-content\/uploads\/usu230\/2023\/06\/Escola-Les-Savines-4t-300x225.jpeg 300w, https:\/\/agora.xtec.cat\/ceiplessavines\/wp-content\/uploads\/usu230\/2023\/06\/Escola-Les-Savines-4t-768x576.jpeg 768w, https:\/\/agora.xtec.cat\/ceiplessavines\/wp-content\/uploads\/usu230\/2023\/06\/Escola-Les-Savines-4t-200x150.jpeg 200w, https:\/\/agora.xtec.cat\/ceiplessavines\/wp-content\/uploads\/usu230\/2023\/06\/Escola-Les-Savines-4t.jpeg 1024w\" sizes=\"auto, (max-width: 300px) 100vw, 300px\" \/><\/a> <a href=\"https:\/\/agora.xtec.cat\/ceiplessavines\/general\/la-festivitat-de-corpus-a-les-escoles-de-cervera\/attachment\/escola-jaume-balmes-3r\/\" rel=\"attachment wp-att-7720\"><img loading=\"lazy\" decoding=\"async\" class=\"alignnone size-medium wp-image-7720\" src=\"https:\/\/agora.xtec.cat\/ceiplessavines\/wp-content\/uploads\/usu230\/2023\/06\/Escola-Jaume-Balmes-3r-300x225.jpeg\" alt=\"\" width=\"300\" height=\"225\" srcset=\"https:\/\/agora.xtec.cat\/ceiplessavines\/wp-content\/uploads\/usu230\/2023\/06\/Escola-Jaume-Balmes-3r-300x225.jpeg 300w, https:\/\/agora.xtec.cat\/ceiplessavines\/wp-content\/uploads\/usu230\/2023\/06\/Escola-Jaume-Balmes-3r-768x576.jpeg 768w, https:\/\/agora.xtec.cat\/ceiplessavines\/wp-content\/uploads\/usu230\/2023\/06\/Escola-Jaume-Balmes-3r-200x150.jpeg 200w, https:\/\/agora.xtec.cat\/ceiplessavines\/wp-content\/uploads\/usu230\/2023\/06\/Escola-Jaume-Balmes-3r.jpeg 1024w\" sizes=\"auto, (max-width: 300px) 100vw, 300px\" \/><\/a><\/p>\n","protected":false},"excerpt":{"rendered":"<p>Entre el 5 i el 9 de juny, els alumnes des d\u2019I3 a 6\u00e8 curs de prim\u00e0ria de les escoles de Cervera van treballar la festivitat de Corpus a partir de materials did\u00e0ctics relacionats amb la festa. Aquesta iniciativa s\u2019engloba dins un projecte educatiu transversal, que t\u00e9 per objectiu apropar la cultura, la llengua catalana [&hellip;]<\/p>\n","protected":false},"author":1,"featured_media":7721,"comment_status":"open","ping_status":"closed","sticky":false,"template":"","format":"standard","meta":{"_bbp_topic_count":0,"_bbp_reply_count":0,"_bbp_total_topic_count":0,"_bbp_total_reply_count":0,"_bbp_voice_count":0,"_bbp_anonymous_reply_count":0,"_bbp_topic_count_hidden":0,"_bbp_reply_count_hidden":0,"_bbp_forum_subforum_count":0,"site-sidebar-layout":"default","site-content-layout":"","ast-site-content-layout":"","site-content-style":"default","site-sidebar-style":"default","ast-global-header-display":"","ast-banner-title-visibility":"","ast-main-header-display":"","ast-hfb-above-header-display":"","ast-hfb-below-header-display":"","ast-hfb-mobile-header-display":"","site-post-title":"","ast-breadcrumbs-content":"","ast-featured-img":"","footer-sml-layout":"","theme-transparent-header-meta":"","adv-header-id-meta":"","stick-header-meta":"","header-above-stick-meta":"","header-main-stick-meta":"","header-below-stick-meta":"","astra-migrate-meta-layouts":"default","ast-page-background-enabled":"default","ast-page-background-meta":{"desktop":{"background-color":"var(--ast-global-color-4)","background-image":"","background-repeat":"repeat","background-position":"center center","background-size":"auto","background-attachment":"scroll","background-type":"","background-media":"","overlay-type":"","overlay-color":"","overlay-opacity":"","overlay-gradient":""},"tablet":{"background-color":"","background-image":"","background-repeat":"repeat","background-position":"center center","background-size":"auto","background-attachment":"scroll","background-type":"","background-media":"","overlay-type":"","overlay-color":"","overlay-opacity":"","overlay-gradient":""},"mobile":{"background-color":"","background-image":"","background-repeat":"repeat","background-position":"center center","background-size":"auto","background-attachment":"scroll","background-type":"","background-media":"","overlay-type":"","overlay-color":"","overlay-opacity":"","overlay-gradient":""}},"ast-content-background-meta":{"desktop":{"background-color":"var(--ast-global-color-5)","background-image":"","background-repeat":"repeat","background-position":"center center","background-size":"auto","background-attachment":"scroll","background-type":"","background-media":"","overlay-type":"","overlay-color":"","overlay-opacity":"","overlay-gradient":""},"tablet":{"background-color":"var(--ast-global-color-5)","background-image":"","background-repeat":"repeat","background-position":"center center","background-size":"auto","background-attachment":"scroll","background-type":"","background-media":"","overlay-type":"","overlay-color":"","overlay-opacity":"","overlay-gradient":""},"mobile":{"background-color":"var(--ast-global-color-5)","background-image":"","background-repeat":"repeat","background-position":"center center","background-size":"auto","background-attachment":"scroll","background-type":"","background-media":"","overlay-type":"","overlay-color":"","overlay-opacity":"","overlay-gradient":""}},"footnotes":""},"categories":[1,4],"tags":[],"class_list":["post-7719","post","type-post","status-publish","format-standard","has-post-thumbnail","hentry","category-general","category-portada"],"post_mailing_queue_ids":[],"_links":{"self":[{"href":"https:\/\/agora.xtec.cat\/ceiplessavines\/wp-json\/wp\/v2\/posts\/7719","targetHints":{"allow":["GET"]}}],"collection":[{"href":"https:\/\/agora.xtec.cat\/ceiplessavines\/wp-json\/wp\/v2\/posts"}],"about":[{"href":"https:\/\/agora.xtec.cat\/ceiplessavines\/wp-json\/wp\/v2\/types\/post"}],"author":[{"embeddable":true,"href":"https:\/\/agora.xtec.cat\/ceiplessavines\/wp-json\/wp\/v2\/users\/1"}],"replies":[{"embeddable":true,"href":"https:\/\/agora.xtec.cat\/ceiplessavines\/wp-json\/wp\/v2\/comments?post=7719"}],"version-history":[{"count":2,"href":"https:\/\/agora.xtec.cat\/ceiplessavines\/wp-json\/wp\/v2\/posts\/7719\/revisions"}],"predecessor-version":[{"id":7723,"href":"https:\/\/agora.xtec.cat\/ceiplessavines\/wp-json\/wp\/v2\/posts\/7719\/revisions\/7723"}],"wp:featuredmedia":[{"embeddable":true,"href":"https:\/\/agora.xtec.cat\/ceiplessavines\/wp-json\/wp\/v2\/media\/7721"}],"wp:attachment":[{"href":"https:\/\/agora.xtec.cat\/ceiplessavines\/wp-json\/wp\/v2\/media?parent=7719"}],"wp:term":[{"taxonomy":"category","embeddable":true,"href":"https:\/\/agora.xtec.cat\/ceiplessavines\/wp-json\/wp\/v2\/categories?post=7719"},{"taxonomy":"post_tag","embeddable":true,"href":"https:\/\/agora.xtec.cat\/ceiplessavines\/wp-json\/wp\/v2\/tags?post=7719"}],"curies":[{"name":"wp","href":"https:\/\/api.w.org\/{rel}","templated":true}]}}