{"id":7665,"date":"2023-05-10T15:26:29","date_gmt":"2023-05-10T13:26:29","guid":{"rendered":"https:\/\/agora.xtec.cat\/ceiplessavines\/?p=7665"},"modified":"2023-05-10T15:26:29","modified_gmt":"2023-05-10T13:26:29","slug":"la-familia","status":"publish","type":"post","link":"https:\/\/agora.xtec.cat\/ceiplessavines\/portada\/la-familia\/","title":{"rendered":"La fam\u00edlia"},"content":{"rendered":"<p align=\"left\"><span style=\"font-size: x-large\">Durant el mes d\u2019abril, els nens i nenes de 4<sup>t<\/sup> a la classe, estem treballant la hist\u00f2ria de vida.<\/span><\/p>\n<p align=\"left\"><span style=\"font-size: x-large\">Estem treballant la hist\u00f2ria de vida perqu\u00e8 estem llegint un llibre que es diu \u00ab\u00c0lbum de fam\u00edlia\u00bb. Primer cadasc\u00fa de la classe va explicar amb qui viu, despr\u00e9s vam portar una foto de les nostres fam\u00edlies i les hem penjat a la classe i per acabar cadasc\u00fa va buscar informaci\u00f3 de la seva fam\u00edlia.<\/span><\/p>\n<p align=\"left\"><span style=\"font-size: x-large\">Vam fer aquesta activitat per con\u00e8ixer m\u00e9s les fam\u00edlies dels altres.<\/span><\/p>\n<p align=\"left\"><a href=\"https:\/\/agora.xtec.cat\/ceiplessavines\/wp-content\/uploads\/usu230\/2023\/05\/IMG_20230503_155800.redimensionada.jpg\"><img loading=\"lazy\" decoding=\"async\" class=\"aligncenter size-medium wp-image-7666\" src=\"https:\/\/agora.xtec.cat\/ceiplessavines\/wp-content\/uploads\/usu230\/2023\/05\/IMG_20230503_155800.redimensionada-300x225.jpg\" alt=\"\" width=\"300\" height=\"225\" srcset=\"https:\/\/agora.xtec.cat\/ceiplessavines\/wp-content\/uploads\/usu230\/2023\/05\/IMG_20230503_155800.redimensionada-300x225.jpg 300w, https:\/\/agora.xtec.cat\/ceiplessavines\/wp-content\/uploads\/usu230\/2023\/05\/IMG_20230503_155800.redimensionada-768x576.jpg 768w, https:\/\/agora.xtec.cat\/ceiplessavines\/wp-content\/uploads\/usu230\/2023\/05\/IMG_20230503_155800.redimensionada-200x150.jpg 200w, https:\/\/agora.xtec.cat\/ceiplessavines\/wp-content\/uploads\/usu230\/2023\/05\/IMG_20230503_155800.redimensionada.jpg 1024w\" sizes=\"auto, (max-width: 300px) 100vw, 300px\" \/><\/a> <a href=\"https:\/\/agora.xtec.cat\/ceiplessavines\/wp-content\/uploads\/usu230\/2023\/05\/IMG_20230503_155530.redimensionada.jpg\"><img loading=\"lazy\" decoding=\"async\" class=\"aligncenter size-medium wp-image-7667\" src=\"https:\/\/agora.xtec.cat\/ceiplessavines\/wp-content\/uploads\/usu230\/2023\/05\/IMG_20230503_155530.redimensionada-225x300.jpg\" alt=\"\" width=\"225\" height=\"300\" srcset=\"https:\/\/agora.xtec.cat\/ceiplessavines\/wp-content\/uploads\/usu230\/2023\/05\/IMG_20230503_155530.redimensionada-225x300.jpg 225w, https:\/\/agora.xtec.cat\/ceiplessavines\/wp-content\/uploads\/usu230\/2023\/05\/IMG_20230503_155530.redimensionada.jpg 576w\" sizes=\"auto, (max-width: 225px) 100vw, 225px\" \/><\/a><\/p>\n","protected":false},"excerpt":{"rendered":"<p>Durant el mes d\u2019abril, els nens i nenes de 4t a la classe, estem treballant la hist\u00f2ria de vida. Estem treballant la hist\u00f2ria de vida perqu\u00e8 estem llegint un llibre que es diu \u00ab\u00c0lbum de fam\u00edlia\u00bb. Primer cadasc\u00fa de la classe va explicar amb qui viu, despr\u00e9s vam portar una foto de les nostres fam\u00edlies [&hellip;]<\/p>\n","protected":false},"author":8,"featured_media":7666,"comment_status":"open","ping_status":"closed","sticky":false,"template":"","format":"standard","meta":{"_bbp_topic_count":0,"_bbp_reply_count":0,"_bbp_total_topic_count":0,"_bbp_total_reply_count":0,"_bbp_voice_count":0,"_bbp_anonymous_reply_count":0,"_bbp_topic_count_hidden":0,"_bbp_reply_count_hidden":0,"_bbp_forum_subforum_count":0,"site-sidebar-layout":"default","site-content-layout":"","ast-site-content-layout":"","site-content-style":"default","site-sidebar-style":"default","ast-global-header-display":"","ast-banner-title-visibility":"","ast-main-header-display":"","ast-hfb-above-header-display":"","ast-hfb-below-header-display":"","ast-hfb-mobile-header-display":"","site-post-title":"","ast-breadcrumbs-content":"","ast-featured-img":"","footer-sml-layout":"","theme-transparent-header-meta":"","adv-header-id-meta":"","stick-header-meta":"","header-above-stick-meta":"","header-main-stick-meta":"","header-below-stick-meta":"","astra-migrate-meta-layouts":"default","ast-page-background-enabled":"default","ast-page-background-meta":{"desktop":{"background-color":"var(--ast-global-color-4)","background-image":"","background-repeat":"repeat","background-position":"center center","background-size":"auto","background-attachment":"scroll","background-type":"","background-media":"","overlay-type":"","overlay-color":"","overlay-opacity":"","overlay-gradient":""},"tablet":{"background-color":"","background-image":"","background-repeat":"repeat","background-position":"center center","background-size":"auto","background-attachment":"scroll","background-type":"","background-media":"","overlay-type":"","overlay-color":"","overlay-opacity":"","overlay-gradient":""},"mobile":{"background-color":"","background-image":"","background-repeat":"repeat","background-position":"center center","background-size":"auto","background-attachment":"scroll","background-type":"","background-media":"","overlay-type":"","overlay-color":"","overlay-opacity":"","overlay-gradient":""}},"ast-content-background-meta":{"desktop":{"background-color":"var(--ast-global-color-5)","background-image":"","background-repeat":"repeat","background-position":"center center","background-size":"auto","background-attachment":"scroll","background-type":"","background-media":"","overlay-type":"","overlay-color":"","overlay-opacity":"","overlay-gradient":""},"tablet":{"background-color":"var(--ast-global-color-5)","background-image":"","background-repeat":"repeat","background-position":"center center","background-size":"auto","background-attachment":"scroll","background-type":"","background-media":"","overlay-type":"","overlay-color":"","overlay-opacity":"","overlay-gradient":""},"mobile":{"background-color":"var(--ast-global-color-5)","background-image":"","background-repeat":"repeat","background-position":"center center","background-size":"auto","background-attachment":"scroll","background-type":"","background-media":"","overlay-type":"","overlay-color":"","overlay-opacity":"","overlay-gradient":""}},"footnotes":""},"categories":[74,4],"tags":[52,108],"class_list":["post-7665","post","type-post","status-publish","format-standard","has-post-thumbnail","hentry","category-biblioteca","category-portada","tag-4t","tag-tallers-llengua"],"post_mailing_queue_ids":[],"_links":{"self":[{"href":"https:\/\/agora.xtec.cat\/ceiplessavines\/wp-json\/wp\/v2\/posts\/7665","targetHints":{"allow":["GET"]}}],"collection":[{"href":"https:\/\/agora.xtec.cat\/ceiplessavines\/wp-json\/wp\/v2\/posts"}],"about":[{"href":"https:\/\/agora.xtec.cat\/ceiplessavines\/wp-json\/wp\/v2\/types\/post"}],"author":[{"embeddable":true,"href":"https:\/\/agora.xtec.cat\/ceiplessavines\/wp-json\/wp\/v2\/users\/8"}],"replies":[{"embeddable":true,"href":"https:\/\/agora.xtec.cat\/ceiplessavines\/wp-json\/wp\/v2\/comments?post=7665"}],"version-history":[{"count":1,"href":"https:\/\/agora.xtec.cat\/ceiplessavines\/wp-json\/wp\/v2\/posts\/7665\/revisions"}],"predecessor-version":[{"id":7668,"href":"https:\/\/agora.xtec.cat\/ceiplessavines\/wp-json\/wp\/v2\/posts\/7665\/revisions\/7668"}],"wp:featuredmedia":[{"embeddable":true,"href":"https:\/\/agora.xtec.cat\/ceiplessavines\/wp-json\/wp\/v2\/media\/7666"}],"wp:attachment":[{"href":"https:\/\/agora.xtec.cat\/ceiplessavines\/wp-json\/wp\/v2\/media?parent=7665"}],"wp:term":[{"taxonomy":"category","embeddable":true,"href":"https:\/\/agora.xtec.cat\/ceiplessavines\/wp-json\/wp\/v2\/categories?post=7665"},{"taxonomy":"post_tag","embeddable":true,"href":"https:\/\/agora.xtec.cat\/ceiplessavines\/wp-json\/wp\/v2\/tags?post=7665"}],"curies":[{"name":"wp","href":"https:\/\/api.w.org\/{rel}","templated":true}]}}