{"id":7506,"date":"2023-02-24T09:53:16","date_gmt":"2023-02-24T08:53:16","guid":{"rendered":"https:\/\/agora.xtec.cat\/ceiplessavines\/?p=7506"},"modified":"2023-03-02T19:55:54","modified_gmt":"2023-03-02T18:55:54","slug":"projecte-jonollenco-2","status":"publish","type":"post","link":"https:\/\/agora.xtec.cat\/ceiplessavines\/general\/projecte-jonollenco-2\/","title":{"rendered":"PROJECTE #jonollen\u00e7o"},"content":{"rendered":"<p><a href=\"https:\/\/agora.xtec.cat\/ceiplessavines\/general\/projecte-jonollenco\/attachment\/captura-de-pantalla-2022-11-19-193447\/\" rel=\"attachment wp-att-7348\"><img loading=\"lazy\" decoding=\"async\" class=\"alignnone size-medium wp-image-7348\" src=\"https:\/\/agora.xtec.cat\/ceiplessavines\/wp-content\/uploads\/usu230\/2022\/11\/Captura-de-pantalla-2022-11-19-193447-300x149.png\" alt=\"\" width=\"300\" height=\"149\" srcset=\"https:\/\/agora.xtec.cat\/ceiplessavines\/wp-content\/uploads\/usu230\/2022\/11\/Captura-de-pantalla-2022-11-19-193447-300x149.png 300w, https:\/\/agora.xtec.cat\/ceiplessavines\/wp-content\/uploads\/usu230\/2022\/11\/Captura-de-pantalla-2022-11-19-193447-1024x509.png 1024w, https:\/\/agora.xtec.cat\/ceiplessavines\/wp-content\/uploads\/usu230\/2022\/11\/Captura-de-pantalla-2022-11-19-193447-768x382.png 768w, https:\/\/agora.xtec.cat\/ceiplessavines\/wp-content\/uploads\/usu230\/2022\/11\/Captura-de-pantalla-2022-11-19-193447.png 1143w\" sizes=\"auto, (max-width: 300px) 100vw, 300px\" \/><\/a><\/p>\n<p>La nostra escola, com escola verda, est\u00e0 compromesa amb els objectius de desenvolupament sostenible. Amb el<strong><span style=\"color: #ff6600;\"> Projecte #jonollen\u00e7o<\/span><\/strong> volem reduir el malbaratament alimentari, treballant aix\u00ed l&#8217;<strong>objectiu n.12<\/strong> referent a <span style=\"color: #008000;\">la producci\u00f3 i el consum responsable<\/span>.<\/p>\n<p>Aqu\u00ed teniu els enlla\u00e7os amb les presentacions del primer i segon pesatge:<\/p>\n<p><a href=\"https:\/\/drive.google.com\/file\/d\/1zDjhITnCWvSlvZ-i_fdR_T4QeBysGWTh\/view?usp=share_link\">&#8211; Primer pesatge.<\/a><\/p>\n<p><a href=\"https:\/\/drive.google.com\/file\/d\/1iQ0_rlZp2Yna-U5UE1MFOYIi4XyehngS\/view?usp=sharing\">&#8211; Segon pesatge.<\/a><\/p>\n<p>El tercer pesatge el farem del 27 de febrer al 3 de mar\u00e7.<\/p>\n<p>&nbsp;<\/p>\n<p>&nbsp;<\/p>\n","protected":false},"excerpt":{"rendered":"<p>La nostra escola, com escola verda, est\u00e0 compromesa amb els objectius de desenvolupament sostenible. Amb el Projecte #jonollen\u00e7o volem reduir el malbaratament alimentari, treballant aix\u00ed l&#8217;objectiu n.12 referent a la producci\u00f3 i el consum responsable. Aqu\u00ed teniu els enlla\u00e7os amb les presentacions del primer i segon pesatge: &#8211; Primer pesatge. &#8211; Segon pesatge. El tercer [&hellip;]<\/p>\n","protected":false},"author":1,"featured_media":7507,"comment_status":"open","ping_status":"closed","sticky":false,"template":"","format":"standard","meta":{"_bbp_topic_count":0,"_bbp_reply_count":0,"_bbp_total_topic_count":0,"_bbp_total_reply_count":0,"_bbp_voice_count":0,"_bbp_anonymous_reply_count":0,"_bbp_topic_count_hidden":0,"_bbp_reply_count_hidden":0,"_bbp_forum_subforum_count":0,"site-sidebar-layout":"default","site-content-layout":"","ast-site-content-layout":"","site-content-style":"default","site-sidebar-style":"default","ast-global-header-display":"","ast-banner-title-visibility":"","ast-main-header-display":"","ast-hfb-above-header-display":"","ast-hfb-below-header-display":"","ast-hfb-mobile-header-display":"","site-post-title":"","ast-breadcrumbs-content":"","ast-featured-img":"","footer-sml-layout":"","theme-transparent-header-meta":"","adv-header-id-meta":"","stick-header-meta":"","header-above-stick-meta":"","header-main-stick-meta":"","header-below-stick-meta":"","astra-migrate-meta-layouts":"default","ast-page-background-enabled":"default","ast-page-background-meta":{"desktop":{"background-color":"var(--ast-global-color-4)","background-image":"","background-repeat":"repeat","background-position":"center center","background-size":"auto","background-attachment":"scroll","background-type":"","background-media":"","overlay-type":"","overlay-color":"","overlay-opacity":"","overlay-gradient":""},"tablet":{"background-color":"","background-image":"","background-repeat":"repeat","background-position":"center center","background-size":"auto","background-attachment":"scroll","background-type":"","background-media":"","overlay-type":"","overlay-color":"","overlay-opacity":"","overlay-gradient":""},"mobile":{"background-color":"","background-image":"","background-repeat":"repeat","background-position":"center center","background-size":"auto","background-attachment":"scroll","background-type":"","background-media":"","overlay-type":"","overlay-color":"","overlay-opacity":"","overlay-gradient":""}},"ast-content-background-meta":{"desktop":{"background-color":"var(--ast-global-color-5)","background-image":"","background-repeat":"repeat","background-position":"center center","background-size":"auto","background-attachment":"scroll","background-type":"","background-media":"","overlay-type":"","overlay-color":"","overlay-opacity":"","overlay-gradient":""},"tablet":{"background-color":"var(--ast-global-color-5)","background-image":"","background-repeat":"repeat","background-position":"center center","background-size":"auto","background-attachment":"scroll","background-type":"","background-media":"","overlay-type":"","overlay-color":"","overlay-opacity":"","overlay-gradient":""},"mobile":{"background-color":"var(--ast-global-color-5)","background-image":"","background-repeat":"repeat","background-position":"center center","background-size":"auto","background-attachment":"scroll","background-type":"","background-media":"","overlay-type":"","overlay-color":"","overlay-opacity":"","overlay-gradient":""}},"footnotes":""},"categories":[73,1,127,4,7],"tags":[128],"class_list":["post-7506","post","type-post","status-publish","format-standard","has-post-thumbnail","hentry","category-ev","category-general","category-menjador-escolar","category-portada","category-projectes-descola","tag-jonollenco"],"post_mailing_queue_ids":[],"_links":{"self":[{"href":"https:\/\/agora.xtec.cat\/ceiplessavines\/wp-json\/wp\/v2\/posts\/7506","targetHints":{"allow":["GET"]}}],"collection":[{"href":"https:\/\/agora.xtec.cat\/ceiplessavines\/wp-json\/wp\/v2\/posts"}],"about":[{"href":"https:\/\/agora.xtec.cat\/ceiplessavines\/wp-json\/wp\/v2\/types\/post"}],"author":[{"embeddable":true,"href":"https:\/\/agora.xtec.cat\/ceiplessavines\/wp-json\/wp\/v2\/users\/1"}],"replies":[{"embeddable":true,"href":"https:\/\/agora.xtec.cat\/ceiplessavines\/wp-json\/wp\/v2\/comments?post=7506"}],"version-history":[{"count":3,"href":"https:\/\/agora.xtec.cat\/ceiplessavines\/wp-json\/wp\/v2\/posts\/7506\/revisions"}],"predecessor-version":[{"id":7534,"href":"https:\/\/agora.xtec.cat\/ceiplessavines\/wp-json\/wp\/v2\/posts\/7506\/revisions\/7534"}],"wp:featuredmedia":[{"embeddable":true,"href":"https:\/\/agora.xtec.cat\/ceiplessavines\/wp-json\/wp\/v2\/media\/7507"}],"wp:attachment":[{"href":"https:\/\/agora.xtec.cat\/ceiplessavines\/wp-json\/wp\/v2\/media?parent=7506"}],"wp:term":[{"taxonomy":"category","embeddable":true,"href":"https:\/\/agora.xtec.cat\/ceiplessavines\/wp-json\/wp\/v2\/categories?post=7506"},{"taxonomy":"post_tag","embeddable":true,"href":"https:\/\/agora.xtec.cat\/ceiplessavines\/wp-json\/wp\/v2\/tags?post=7506"}],"curies":[{"name":"wp","href":"https:\/\/api.w.org\/{rel}","templated":true}]}}