{"id":7443,"date":"2023-02-02T12:06:35","date_gmt":"2023-02-02T11:06:35","guid":{"rendered":"https:\/\/agora.xtec.cat\/ceiplessavines\/?p=7443"},"modified":"2023-02-02T12:06:35","modified_gmt":"2023-02-02T11:06:35","slug":"els-tallers-de-cicle-mitja","status":"publish","type":"post","link":"https:\/\/agora.xtec.cat\/ceiplessavines\/portada\/els-tallers-de-cicle-mitja\/","title":{"rendered":"Els tallers de cicle mitj\u00e0"},"content":{"rendered":"<p><span style=\"font-size: large\">Els nens i nenes de <\/span><span style=\"font-size: large\">l\u2019escola les Savines de cicle mitj\u00e0 fem tallers de llengua els dimecres <\/span><span style=\"font-size: large\">a la tarda.<\/span><\/p>\n<p><a href=\"https:\/\/agora.xtec.cat\/ceiplessavines\/wp-content\/uploads\/usu230\/2023\/02\/80F9F12B-BF16-4420-8CE4-EA55EED48DEA.jpg\"><img loading=\"lazy\" decoding=\"async\" class=\"aligncenter size-medium wp-image-7447\" src=\"https:\/\/agora.xtec.cat\/ceiplessavines\/wp-content\/uploads\/usu230\/2023\/02\/80F9F12B-BF16-4420-8CE4-EA55EED48DEA-300x225.jpg\" alt=\"\" width=\"300\" height=\"225\" srcset=\"https:\/\/agora.xtec.cat\/ceiplessavines\/wp-content\/uploads\/usu230\/2023\/02\/80F9F12B-BF16-4420-8CE4-EA55EED48DEA-300x225.jpg 300w, https:\/\/agora.xtec.cat\/ceiplessavines\/wp-content\/uploads\/usu230\/2023\/02\/80F9F12B-BF16-4420-8CE4-EA55EED48DEA-1024x768.jpg 1024w, https:\/\/agora.xtec.cat\/ceiplessavines\/wp-content\/uploads\/usu230\/2023\/02\/80F9F12B-BF16-4420-8CE4-EA55EED48DEA-768x576.jpg 768w, https:\/\/agora.xtec.cat\/ceiplessavines\/wp-content\/uploads\/usu230\/2023\/02\/80F9F12B-BF16-4420-8CE4-EA55EED48DEA-200x150.jpg 200w, https:\/\/agora.xtec.cat\/ceiplessavines\/wp-content\/uploads\/usu230\/2023\/02\/80F9F12B-BF16-4420-8CE4-EA55EED48DEA.jpg 1200w\" sizes=\"auto, (max-width: 300px) 100vw, 300px\" \/><\/a><\/p>\n<p><span style=\"font-size: large\">Tenim 4 tallers de lleng<\/span><span style=\"font-size: large\">ua<\/span><span style=\"font-size: large\"> que s<\/span><span style=\"font-size: large\">\u00f3<\/span><span style=\"font-size: large\">n: <\/span><span style=\"font-size: large\">t<\/span><span style=\"font-size: large\">eatre, <\/span><span style=\"font-size: large\">a<\/span><span style=\"font-size: large\">nimals, <\/span><span style=\"font-size: large\">c<\/span><span style=\"font-size: large\">onfer<\/span><span style=\"font-size: large\">\u00e8<\/span><span style=\"font-size: large\">ncia i <\/span><span style=\"font-size: large\">p<\/span><span style=\"font-size: large\">\u00e0<\/span><span style=\"font-size: large\">gina web. <\/span><span style=\"font-size: large\">A<\/span> <span style=\"font-size: large\">cada taller fem <\/span><span style=\"font-size: large\">unes 7<\/span><span style=\"font-size: large\"> sessions i ens barregem nens i nenes de 3<\/span><sup><span style=\"font-size: large\">r <\/span><\/sup> <span style=\"font-size: large\">amb els de <\/span><span style=\"font-size: large\">4<\/span><sup><span style=\"font-size: large\">t<\/span><\/sup><span style=\"font-size: large\">. <\/span><span style=\"font-size: large\">Hi <\/span><span style=\"font-size: large\">ha <\/span><span style=\"font-size: large\">dos tallers en <\/span><span style=\"font-size: large\">catal\u00e0, un <\/span><span style=\"font-size: large\">en <\/span><span style=\"font-size: large\">angl<\/span><span style=\"font-size: large\">\u00e8<\/span><span style=\"font-size: large\">s i un <\/span><span style=\"font-size: large\">en <\/span><span style=\"font-size: large\">castell<\/span><span style=\"font-size: large\">\u00e0<\/span><span style=\"font-size: large\">.<a href=\"https:\/\/agora.xtec.cat\/ceiplessavines\/wp-content\/uploads\/usu230\/2023\/02\/F137D1E3-0EF2-43DB-96C3-772D2F9AA848.jpg\"><img loading=\"lazy\" decoding=\"async\" class=\"size-medium wp-image-7445 alignleft\" src=\"https:\/\/agora.xtec.cat\/ceiplessavines\/wp-content\/uploads\/usu230\/2023\/02\/F137D1E3-0EF2-43DB-96C3-772D2F9AA848-300x225.jpg\" alt=\"\" width=\"300\" height=\"225\" srcset=\"https:\/\/agora.xtec.cat\/ceiplessavines\/wp-content\/uploads\/usu230\/2023\/02\/F137D1E3-0EF2-43DB-96C3-772D2F9AA848-300x225.jpg 300w, https:\/\/agora.xtec.cat\/ceiplessavines\/wp-content\/uploads\/usu230\/2023\/02\/F137D1E3-0EF2-43DB-96C3-772D2F9AA848-1024x768.jpg 1024w, https:\/\/agora.xtec.cat\/ceiplessavines\/wp-content\/uploads\/usu230\/2023\/02\/F137D1E3-0EF2-43DB-96C3-772D2F9AA848-768x576.jpg 768w, https:\/\/agora.xtec.cat\/ceiplessavines\/wp-content\/uploads\/usu230\/2023\/02\/F137D1E3-0EF2-43DB-96C3-772D2F9AA848-1536x1153.jpg 1536w, https:\/\/agora.xtec.cat\/ceiplessavines\/wp-content\/uploads\/usu230\/2023\/02\/F137D1E3-0EF2-43DB-96C3-772D2F9AA848-200x150.jpg 200w, https:\/\/agora.xtec.cat\/ceiplessavines\/wp-content\/uploads\/usu230\/2023\/02\/F137D1E3-0EF2-43DB-96C3-772D2F9AA848.jpg 1599w\" sizes=\"auto, (max-width: 300px) 100vw, 300px\" \/><\/a><\/span><\/p>\n<p><span style=\"font-size: large\">F<\/span><span style=\"font-size: large\">ent a<\/span><span style=\"font-size: large\">quests tallers<\/span><span style=\"font-size: large\"> aprenem <\/span><span style=\"font-size: large\">a parlar en p\u00fablic, perdre la vergony<\/span><span style=\"font-size: large\">a<\/span><span style=\"font-size: large\">, <\/span><span style=\"font-size: large\">escriure amb ordinador i practicar l\u2019angl\u00e8s. <\/span><span style=\"font-size: large\">Aquest<\/span><span style=\"font-size: large\">s<\/span><span style=\"font-size: large\"> tallers s\u00f3n molt xulos.<\/span><\/p>\n<p><a href=\"https:\/\/agora.xtec.cat\/ceiplessavines\/wp-content\/uploads\/usu230\/2023\/02\/029827C0-E51D-4A3A-87A5-D179CD09B2BD.jpg\"><img loading=\"lazy\" decoding=\"async\" class=\"aligncenter size-medium wp-image-7446\" src=\"https:\/\/agora.xtec.cat\/ceiplessavines\/wp-content\/uploads\/usu230\/2023\/02\/029827C0-E51D-4A3A-87A5-D179CD09B2BD-300x225.jpg\" alt=\"\" width=\"300\" height=\"225\" srcset=\"https:\/\/agora.xtec.cat\/ceiplessavines\/wp-content\/uploads\/usu230\/2023\/02\/029827C0-E51D-4A3A-87A5-D179CD09B2BD-300x225.jpg 300w, https:\/\/agora.xtec.cat\/ceiplessavines\/wp-content\/uploads\/usu230\/2023\/02\/029827C0-E51D-4A3A-87A5-D179CD09B2BD-1024x768.jpg 1024w, https:\/\/agora.xtec.cat\/ceiplessavines\/wp-content\/uploads\/usu230\/2023\/02\/029827C0-E51D-4A3A-87A5-D179CD09B2BD-768x576.jpg 768w, https:\/\/agora.xtec.cat\/ceiplessavines\/wp-content\/uploads\/usu230\/2023\/02\/029827C0-E51D-4A3A-87A5-D179CD09B2BD-200x150.jpg 200w, https:\/\/agora.xtec.cat\/ceiplessavines\/wp-content\/uploads\/usu230\/2023\/02\/029827C0-E51D-4A3A-87A5-D179CD09B2BD.jpg 1200w\" sizes=\"auto, (max-width: 300px) 100vw, 300px\" \/><\/a><\/p>\n<p>&nbsp;<\/p>\n","protected":false},"excerpt":{"rendered":"<p>Els nens i nenes de l\u2019escola les Savines de cicle mitj\u00e0 fem tallers de llengua els dimecres a la tarda. Tenim 4 tallers de llengua que s\u00f3n: teatre, animals, confer\u00e8ncia i p\u00e0gina web. A cada taller fem unes 7 sessions i ens barregem nens i nenes de 3r amb els de 4t. Hi ha dos [&hellip;]<\/p>\n","protected":false},"author":8,"featured_media":7446,"comment_status":"open","ping_status":"closed","sticky":false,"template":"","format":"standard","meta":{"_bbp_topic_count":0,"_bbp_reply_count":0,"_bbp_total_topic_count":0,"_bbp_total_reply_count":0,"_bbp_voice_count":0,"_bbp_anonymous_reply_count":0,"_bbp_topic_count_hidden":0,"_bbp_reply_count_hidden":0,"_bbp_forum_subforum_count":0,"site-sidebar-layout":"default","site-content-layout":"","ast-site-content-layout":"","site-content-style":"default","site-sidebar-style":"default","ast-global-header-display":"","ast-banner-title-visibility":"","ast-main-header-display":"","ast-hfb-above-header-display":"","ast-hfb-below-header-display":"","ast-hfb-mobile-header-display":"","site-post-title":"","ast-breadcrumbs-content":"","ast-featured-img":"","footer-sml-layout":"","theme-transparent-header-meta":"","adv-header-id-meta":"","stick-header-meta":"","header-above-stick-meta":"","header-main-stick-meta":"","header-below-stick-meta":"","astra-migrate-meta-layouts":"default","ast-page-background-enabled":"default","ast-page-background-meta":{"desktop":{"background-color":"var(--ast-global-color-4)","background-image":"","background-repeat":"repeat","background-position":"center center","background-size":"auto","background-attachment":"scroll","background-type":"","background-media":"","overlay-type":"","overlay-color":"","overlay-opacity":"","overlay-gradient":""},"tablet":{"background-color":"","background-image":"","background-repeat":"repeat","background-position":"center center","background-size":"auto","background-attachment":"scroll","background-type":"","background-media":"","overlay-type":"","overlay-color":"","overlay-opacity":"","overlay-gradient":""},"mobile":{"background-color":"","background-image":"","background-repeat":"repeat","background-position":"center center","background-size":"auto","background-attachment":"scroll","background-type":"","background-media":"","overlay-type":"","overlay-color":"","overlay-opacity":"","overlay-gradient":""}},"ast-content-background-meta":{"desktop":{"background-color":"var(--ast-global-color-5)","background-image":"","background-repeat":"repeat","background-position":"center center","background-size":"auto","background-attachment":"scroll","background-type":"","background-media":"","overlay-type":"","overlay-color":"","overlay-opacity":"","overlay-gradient":""},"tablet":{"background-color":"var(--ast-global-color-5)","background-image":"","background-repeat":"repeat","background-position":"center center","background-size":"auto","background-attachment":"scroll","background-type":"","background-media":"","overlay-type":"","overlay-color":"","overlay-opacity":"","overlay-gradient":""},"mobile":{"background-color":"var(--ast-global-color-5)","background-image":"","background-repeat":"repeat","background-position":"center center","background-size":"auto","background-attachment":"scroll","background-type":"","background-media":"","overlay-type":"","overlay-color":"","overlay-opacity":"","overlay-gradient":""}},"footnotes":""},"categories":[4],"tags":[51,52,108],"class_list":["post-7443","post","type-post","status-publish","format-standard","has-post-thumbnail","hentry","category-portada","tag-3r","tag-4t","tag-tallers-llengua"],"post_mailing_queue_ids":[],"_links":{"self":[{"href":"https:\/\/agora.xtec.cat\/ceiplessavines\/wp-json\/wp\/v2\/posts\/7443","targetHints":{"allow":["GET"]}}],"collection":[{"href":"https:\/\/agora.xtec.cat\/ceiplessavines\/wp-json\/wp\/v2\/posts"}],"about":[{"href":"https:\/\/agora.xtec.cat\/ceiplessavines\/wp-json\/wp\/v2\/types\/post"}],"author":[{"embeddable":true,"href":"https:\/\/agora.xtec.cat\/ceiplessavines\/wp-json\/wp\/v2\/users\/8"}],"replies":[{"embeddable":true,"href":"https:\/\/agora.xtec.cat\/ceiplessavines\/wp-json\/wp\/v2\/comments?post=7443"}],"version-history":[{"count":1,"href":"https:\/\/agora.xtec.cat\/ceiplessavines\/wp-json\/wp\/v2\/posts\/7443\/revisions"}],"predecessor-version":[{"id":7448,"href":"https:\/\/agora.xtec.cat\/ceiplessavines\/wp-json\/wp\/v2\/posts\/7443\/revisions\/7448"}],"wp:featuredmedia":[{"embeddable":true,"href":"https:\/\/agora.xtec.cat\/ceiplessavines\/wp-json\/wp\/v2\/media\/7446"}],"wp:attachment":[{"href":"https:\/\/agora.xtec.cat\/ceiplessavines\/wp-json\/wp\/v2\/media?parent=7443"}],"wp:term":[{"taxonomy":"category","embeddable":true,"href":"https:\/\/agora.xtec.cat\/ceiplessavines\/wp-json\/wp\/v2\/categories?post=7443"},{"taxonomy":"post_tag","embeddable":true,"href":"https:\/\/agora.xtec.cat\/ceiplessavines\/wp-json\/wp\/v2\/tags?post=7443"}],"curies":[{"name":"wp","href":"https:\/\/api.w.org\/{rel}","templated":true}]}}