{"id":7371,"date":"2023-01-13T09:19:00","date_gmt":"2023-01-13T08:19:00","guid":{"rendered":"https:\/\/agora.xtec.cat\/ceiplessavines\/?p=7371"},"modified":"2023-01-13T09:19:00","modified_gmt":"2023-01-13T08:19:00","slug":"entrevistem-a-la-marta","status":"publish","type":"post","link":"https:\/\/agora.xtec.cat\/ceiplessavines\/portada\/entrevistem-a-la-marta\/","title":{"rendered":"Entrevistem a la Marta"},"content":{"rendered":"<p><span style=\"font-size: large\">Avui farem una entrevista a la Marta, que \u00e9s la mestra de 4<\/span><sup><span style=\"font-size: large\">t<\/span><\/sup><span style=\"font-size: large\"> de l\u2019escola de les Savines.<\/span><\/p>\n<p><span style=\"font-size: large\">Hola bon dia Marta, et <\/span><span style=\"font-size: large\">farem unes preguntes perqu\u00e8 et <\/span><span style=\"font-size: large\">volem con<\/span><span style=\"font-size: large\">\u00e8<\/span><span style=\"font-size: large\">ixer m<\/span><span style=\"font-size: large\">\u00e9<\/span><span style=\"font-size: large\">s b<\/span><span style=\"font-size: large\">\u00e9<\/span><span style=\"font-size: large\">.<\/span><\/p>\n<p><span style=\"font-size: x-large\">&#8211; <\/span><span style=\"font-size: large\">Quan<\/span><span style=\"font-size: large\">t<\/span><span style=\"font-size: large\">s anys fa que est<\/span><span style=\"font-size: large\">\u00e0<\/span><span style=\"font-size: large\">s aqu\u00ed <\/span><span style=\"font-size: large\">a la nostra escola<\/span><span style=\"font-size: large\">? Set<\/span><span style=\"font-size: large\">\u00a0anys.<\/span><\/p>\n<p><span style=\"font-size: large\">&#8211; <\/span><span style=\"font-size: large\">T\u2019<\/span><span style=\"font-size: large\">agrada ser mestra? <\/span><span style=\"font-size: large\">Si perqu\u00e8 <\/span><span style=\"font-size: large\">m\u2019<\/span><span style=\"font-size: large\">agrada treballa<\/span><span style=\"font-size: large\">r<\/span><span style=\"font-size: large\"> amb nens i <\/span><span style=\"font-size: large\">m\u2019ho passo molt b\u00e9 sent mestra. <\/span><\/p>\n<p><span style=\"font-size: large\">&#8211; <\/span><span style=\"font-size: large\">A<\/span><span style=\"font-size: large\">mb quants anys vas <\/span><span style=\"font-size: large\">comen\u00e7ar a<\/span> <span style=\"font-size: large\">treballar ? <\/span><span style=\"font-size: large\">Amb<\/span> <span style=\"font-size: large\">22 anys.<\/span><\/p>\n<p><span style=\"font-size: large\">&#8211; <\/span><span style=\"font-size: large\">T\u2019agradaria ser professora d\u2019extraescolars ? <\/span><span style=\"font-size: large\">N<\/span><span style=\"font-size: large\">o, perqu\u00e8 <\/span><span style=\"font-size: large\">m\u2019agrada <\/span><span style=\"font-size: large\">esta<\/span><span style=\"font-size: large\">r<\/span><span style=\"font-size: large\"> a <\/span><span style=\"font-size: large\">l\u2019<\/span><span style=\"font-size: large\">aula.<\/span><\/p>\n<p><span style=\"font-size: large\">&#8211; <\/span><span style=\"font-size: large\">T<\/span><span style=\"font-size: large\">&#8216;agraden els nens petits o grans ? <\/span><span style=\"font-size: large\">Mit<\/span><span style=\"font-size: large\">j<\/span><span style=\"font-size: large\">ans, <\/span><span style=\"font-size: large\">com vosaltres. <\/span><\/p>\n<p><span style=\"font-size: large\">&#8211; <\/span><span style=\"font-size: large\">T<\/span><span style=\"font-size: large\">&#8216;agrada<\/span><span style=\"font-size: large\">va<\/span><span style=\"font-size: large\"> el menja<\/span><span style=\"font-size: large\">r<\/span><span style=\"font-size: large\"> del menjador <\/span><span style=\"font-size: large\">quan et quedaves a dinar a l\u2019escola<\/span><span style=\"font-size: large\">? <\/span><span style=\"font-size: large\">S\u00ed, perqu\u00e8 els men\u00fas s\u00f3n adequats. <\/span><\/p>\n<p><span style=\"font-size: large\">Moltes gr\u00e0cies Marta per contestar-nos aquestes preguntes.<\/span><\/p>\n<p><a href=\"https:\/\/agora.xtec.cat\/ceiplessavines\/wp-content\/uploads\/usu230\/2023\/01\/foto-marta-scaled.jpg\"><img loading=\"lazy\" decoding=\"async\" class=\"aligncenter size-medium wp-image-7372\" src=\"https:\/\/agora.xtec.cat\/ceiplessavines\/wp-content\/uploads\/usu230\/2023\/01\/foto-marta-225x300.jpg\" alt=\"\" width=\"225\" height=\"300\" srcset=\"https:\/\/agora.xtec.cat\/ceiplessavines\/wp-content\/uploads\/usu230\/2023\/01\/foto-marta-225x300.jpg 225w, https:\/\/agora.xtec.cat\/ceiplessavines\/wp-content\/uploads\/usu230\/2023\/01\/foto-marta-768x1024.jpg 768w, https:\/\/agora.xtec.cat\/ceiplessavines\/wp-content\/uploads\/usu230\/2023\/01\/foto-marta-1152x1536.jpg 1152w, https:\/\/agora.xtec.cat\/ceiplessavines\/wp-content\/uploads\/usu230\/2023\/01\/foto-marta-1536x2048.jpg 1536w, https:\/\/agora.xtec.cat\/ceiplessavines\/wp-content\/uploads\/usu230\/2023\/01\/foto-marta-scaled.jpg 1920w\" sizes=\"auto, (max-width: 225px) 100vw, 225px\" \/><\/a><\/p>\n","protected":false},"excerpt":{"rendered":"<p>Avui farem una entrevista a la Marta, que \u00e9s la mestra de 4t de l\u2019escola de les Savines. Hola bon dia Marta, et farem unes preguntes perqu\u00e8 et volem con\u00e8ixer m\u00e9s b\u00e9. &#8211; Quants anys fa que est\u00e0s aqu\u00ed a la nostra escola? Set\u00a0anys. &#8211; T\u2019agrada ser mestra? Si perqu\u00e8 m\u2019agrada treballar amb nens i [&hellip;]<\/p>\n","protected":false},"author":8,"featured_media":7372,"comment_status":"open","ping_status":"closed","sticky":false,"template":"","format":"standard","meta":{"_bbp_topic_count":0,"_bbp_reply_count":0,"_bbp_total_topic_count":0,"_bbp_total_reply_count":0,"_bbp_voice_count":0,"_bbp_anonymous_reply_count":0,"_bbp_topic_count_hidden":0,"_bbp_reply_count_hidden":0,"_bbp_forum_subforum_count":0,"site-sidebar-layout":"default","site-content-layout":"","ast-site-content-layout":"","site-content-style":"default","site-sidebar-style":"default","ast-global-header-display":"","ast-banner-title-visibility":"","ast-main-header-display":"","ast-hfb-above-header-display":"","ast-hfb-below-header-display":"","ast-hfb-mobile-header-display":"","site-post-title":"","ast-breadcrumbs-content":"","ast-featured-img":"","footer-sml-layout":"","theme-transparent-header-meta":"","adv-header-id-meta":"","stick-header-meta":"","header-above-stick-meta":"","header-main-stick-meta":"","header-below-stick-meta":"","astra-migrate-meta-layouts":"default","ast-page-background-enabled":"default","ast-page-background-meta":{"desktop":{"background-color":"var(--ast-global-color-4)","background-image":"","background-repeat":"repeat","background-position":"center center","background-size":"auto","background-attachment":"scroll","background-type":"","background-media":"","overlay-type":"","overlay-color":"","overlay-opacity":"","overlay-gradient":""},"tablet":{"background-color":"","background-image":"","background-repeat":"repeat","background-position":"center center","background-size":"auto","background-attachment":"scroll","background-type":"","background-media":"","overlay-type":"","overlay-color":"","overlay-opacity":"","overlay-gradient":""},"mobile":{"background-color":"","background-image":"","background-repeat":"repeat","background-position":"center center","background-size":"auto","background-attachment":"scroll","background-type":"","background-media":"","overlay-type":"","overlay-color":"","overlay-opacity":"","overlay-gradient":""}},"ast-content-background-meta":{"desktop":{"background-color":"var(--ast-global-color-5)","background-image":"","background-repeat":"repeat","background-position":"center center","background-size":"auto","background-attachment":"scroll","background-type":"","background-media":"","overlay-type":"","overlay-color":"","overlay-opacity":"","overlay-gradient":""},"tablet":{"background-color":"var(--ast-global-color-5)","background-image":"","background-repeat":"repeat","background-position":"center center","background-size":"auto","background-attachment":"scroll","background-type":"","background-media":"","overlay-type":"","overlay-color":"","overlay-opacity":"","overlay-gradient":""},"mobile":{"background-color":"var(--ast-global-color-5)","background-image":"","background-repeat":"repeat","background-position":"center center","background-size":"auto","background-attachment":"scroll","background-type":"","background-media":"","overlay-type":"","overlay-color":"","overlay-opacity":"","overlay-gradient":""}},"footnotes":""},"categories":[4],"tags":[51,52,108],"class_list":["post-7371","post","type-post","status-publish","format-standard","has-post-thumbnail","hentry","category-portada","tag-3r","tag-4t","tag-tallers-llengua"],"post_mailing_queue_ids":[],"_links":{"self":[{"href":"https:\/\/agora.xtec.cat\/ceiplessavines\/wp-json\/wp\/v2\/posts\/7371","targetHints":{"allow":["GET"]}}],"collection":[{"href":"https:\/\/agora.xtec.cat\/ceiplessavines\/wp-json\/wp\/v2\/posts"}],"about":[{"href":"https:\/\/agora.xtec.cat\/ceiplessavines\/wp-json\/wp\/v2\/types\/post"}],"author":[{"embeddable":true,"href":"https:\/\/agora.xtec.cat\/ceiplessavines\/wp-json\/wp\/v2\/users\/8"}],"replies":[{"embeddable":true,"href":"https:\/\/agora.xtec.cat\/ceiplessavines\/wp-json\/wp\/v2\/comments?post=7371"}],"version-history":[{"count":1,"href":"https:\/\/agora.xtec.cat\/ceiplessavines\/wp-json\/wp\/v2\/posts\/7371\/revisions"}],"predecessor-version":[{"id":7373,"href":"https:\/\/agora.xtec.cat\/ceiplessavines\/wp-json\/wp\/v2\/posts\/7371\/revisions\/7373"}],"wp:featuredmedia":[{"embeddable":true,"href":"https:\/\/agora.xtec.cat\/ceiplessavines\/wp-json\/wp\/v2\/media\/7372"}],"wp:attachment":[{"href":"https:\/\/agora.xtec.cat\/ceiplessavines\/wp-json\/wp\/v2\/media?parent=7371"}],"wp:term":[{"taxonomy":"category","embeddable":true,"href":"https:\/\/agora.xtec.cat\/ceiplessavines\/wp-json\/wp\/v2\/categories?post=7371"},{"taxonomy":"post_tag","embeddable":true,"href":"https:\/\/agora.xtec.cat\/ceiplessavines\/wp-json\/wp\/v2\/tags?post=7371"}],"curies":[{"name":"wp","href":"https:\/\/api.w.org\/{rel}","templated":true}]}}