{"id":7347,"date":"2022-11-19T19:37:29","date_gmt":"2022-11-19T18:37:29","guid":{"rendered":"https:\/\/agora.xtec.cat\/ceiplessavines\/?p=7347"},"modified":"2022-11-19T19:37:29","modified_gmt":"2022-11-19T18:37:29","slug":"projecte-jonollenco","status":"publish","type":"post","link":"https:\/\/agora.xtec.cat\/ceiplessavines\/general\/projecte-jonollenco\/","title":{"rendered":"PROJECTE #jonollen\u00e7o"},"content":{"rendered":"<p><a href=\"https:\/\/agora.xtec.cat\/ceiplessavines\/general\/projecte-jonollenco\/attachment\/captura-de-pantalla-2022-11-19-193447\/\" rel=\"attachment wp-att-7348\"><img loading=\"lazy\" decoding=\"async\" class=\"alignnone size-full wp-image-7348\" src=\"https:\/\/agora.xtec.cat\/ceiplessavines\/wp-content\/uploads\/usu230\/2022\/11\/Captura-de-pantalla-2022-11-19-193447.png\" alt=\"\" width=\"1143\" height=\"568\" srcset=\"https:\/\/agora.xtec.cat\/ceiplessavines\/wp-content\/uploads\/usu230\/2022\/11\/Captura-de-pantalla-2022-11-19-193447.png 1143w, https:\/\/agora.xtec.cat\/ceiplessavines\/wp-content\/uploads\/usu230\/2022\/11\/Captura-de-pantalla-2022-11-19-193447-300x149.png 300w, https:\/\/agora.xtec.cat\/ceiplessavines\/wp-content\/uploads\/usu230\/2022\/11\/Captura-de-pantalla-2022-11-19-193447-1024x509.png 1024w, https:\/\/agora.xtec.cat\/ceiplessavines\/wp-content\/uploads\/usu230\/2022\/11\/Captura-de-pantalla-2022-11-19-193447-768x382.png 768w\" sizes=\"auto, (max-width: 1143px) 100vw, 1143px\" \/><\/a><\/p>\n<p>Des del curs passat al menjador de l&#8217;escola estem participant en el projecte <strong><span style=\"color: #008000;\">#jonollen\u00e7o<\/span><\/strong> per per reduir el malbaratament alimentari al centre. Ho fem de la m\u00e0 de l&#8217;associaci\u00f3 <strong>Els espigoladors<\/strong> i l&#8217;empresa <strong>Lleure Qu\u00e0lia<\/strong> que gestiona el menjador.<\/p>\n<p><img loading=\"lazy\" decoding=\"async\" class=\"aligncenter\" src=\"https:\/\/sp-ao.shortpixel.ai\/client\/to_avif,q_lossy,ret_img,w_240,h_140\/https:\/\/espigoladors.cat\/wp-content\/uploads\/2019\/09\/logoweb-black.png\" alt=\"Fundaci\u00f3 Espigoladors \u00a9 Tots els drets reservats | Fotos: \u00a9 Jordi Flores, Gl\u00f2ria Solans, Rafael Coelho, Lucia Gulminelli, Arxiu Espigoladors\" width=\"118\" height=\"69\" \/> El projecte t\u00e9 diferents fases:<\/p>\n<ul>\n<li>Primer vam fer un pesatge de la fracci\u00f3 org\u00e0nica que es llen\u00e7ava a l&#8217;hora de menjador.<\/li>\n<li>Ara estem duent a terme actuacions per reduir la quantitat d&#8217;aliment que es llen\u00e7a: com el sem\u00e0for de la gana, amb educaci\u00f3 infantil i cicle inicial. Els alumnes de cicle mitj\u00e0 i cicle superior es serveixen ells la quantitat de menjar segons la gana que tenen. L&#8217;alumnat tamb\u00e9 valora els men\u00fas i reflexionem sobre les restes i l&#8217;aliment que es llen\u00e7a.<\/li>\n<li>Durant el m\u00e9s de novembre portarem a terme un segon pesatge per valorar com estan funcionant les accions que s&#8217;estan duent a terme.<\/li>\n<\/ul>\n<p>Aquest projecte est\u00e0 en l\u00ednia amb el treball que fem al centre de l&#8217;objectiu <strong><span style=\"color: #ff6600;\">n.12, per promoure modalitats de consum i producci\u00f3 responsable<\/span><\/strong>, dins els <strong><span style=\"color: #008000;\">Objectius de desenvolupament sostenible<\/span><\/strong> que es van fixar a nivell mundial pel 2030.<\/p>\n<p><img loading=\"lazy\" decoding=\"async\" class=\"aligncenter\" src=\"https:\/\/www.respon.cat\/.old\/content\/uploads\/2015\/12\/ODS_Objectius_Desenvolupament_Sostenible_Respon.cat_SDG_Icons_CAT-01-12.jpg\" alt=\"ODS_Objectius_Desenvolupament_Sostenible_Respon.cat_SDG_Icons_CAT-01-12\" width=\"177\" height=\"177\" \/><\/p>\n<p>&nbsp;<\/p>\n","protected":false},"excerpt":{"rendered":"<p>Des del curs passat al menjador de l&#8217;escola estem participant en el projecte #jonollen\u00e7o per per reduir el malbaratament alimentari al centre. Ho fem de la m\u00e0 de l&#8217;associaci\u00f3 Els espigoladors i l&#8217;empresa Lleure Qu\u00e0lia que gestiona el menjador. El projecte t\u00e9 diferents fases: Primer vam fer un pesatge de la fracci\u00f3 org\u00e0nica que es [&hellip;]<\/p>\n","protected":false},"author":1,"featured_media":7348,"comment_status":"open","ping_status":"closed","sticky":false,"template":"","format":"standard","meta":{"_bbp_topic_count":0,"_bbp_reply_count":0,"_bbp_total_topic_count":0,"_bbp_total_reply_count":0,"_bbp_voice_count":0,"_bbp_anonymous_reply_count":0,"_bbp_topic_count_hidden":0,"_bbp_reply_count_hidden":0,"_bbp_forum_subforum_count":0,"site-sidebar-layout":"default","site-content-layout":"","ast-site-content-layout":"","site-content-style":"default","site-sidebar-style":"default","ast-global-header-display":"","ast-banner-title-visibility":"","ast-main-header-display":"","ast-hfb-above-header-display":"","ast-hfb-below-header-display":"","ast-hfb-mobile-header-display":"","site-post-title":"","ast-breadcrumbs-content":"","ast-featured-img":"","footer-sml-layout":"","theme-transparent-header-meta":"","adv-header-id-meta":"","stick-header-meta":"","header-above-stick-meta":"","header-main-stick-meta":"","header-below-stick-meta":"","astra-migrate-meta-layouts":"default","ast-page-background-enabled":"default","ast-page-background-meta":{"desktop":{"background-color":"var(--ast-global-color-4)","background-image":"","background-repeat":"repeat","background-position":"center center","background-size":"auto","background-attachment":"scroll","background-type":"","background-media":"","overlay-type":"","overlay-color":"","overlay-opacity":"","overlay-gradient":""},"tablet":{"background-color":"","background-image":"","background-repeat":"repeat","background-position":"center center","background-size":"auto","background-attachment":"scroll","background-type":"","background-media":"","overlay-type":"","overlay-color":"","overlay-opacity":"","overlay-gradient":""},"mobile":{"background-color":"","background-image":"","background-repeat":"repeat","background-position":"center center","background-size":"auto","background-attachment":"scroll","background-type":"","background-media":"","overlay-type":"","overlay-color":"","overlay-opacity":"","overlay-gradient":""}},"ast-content-background-meta":{"desktop":{"background-color":"var(--ast-global-color-5)","background-image":"","background-repeat":"repeat","background-position":"center center","background-size":"auto","background-attachment":"scroll","background-type":"","background-media":"","overlay-type":"","overlay-color":"","overlay-opacity":"","overlay-gradient":""},"tablet":{"background-color":"var(--ast-global-color-5)","background-image":"","background-repeat":"repeat","background-position":"center center","background-size":"auto","background-attachment":"scroll","background-type":"","background-media":"","overlay-type":"","overlay-color":"","overlay-opacity":"","overlay-gradient":""},"mobile":{"background-color":"var(--ast-global-color-5)","background-image":"","background-repeat":"repeat","background-position":"center center","background-size":"auto","background-attachment":"scroll","background-type":"","background-media":"","overlay-type":"","overlay-color":"","overlay-opacity":"","overlay-gradient":""}},"footnotes":""},"categories":[73,1,127,4,7],"tags":[128],"class_list":["post-7347","post","type-post","status-publish","format-standard","has-post-thumbnail","hentry","category-ev","category-general","category-menjador-escolar","category-portada","category-projectes-descola","tag-jonollenco"],"post_mailing_queue_ids":[],"_links":{"self":[{"href":"https:\/\/agora.xtec.cat\/ceiplessavines\/wp-json\/wp\/v2\/posts\/7347","targetHints":{"allow":["GET"]}}],"collection":[{"href":"https:\/\/agora.xtec.cat\/ceiplessavines\/wp-json\/wp\/v2\/posts"}],"about":[{"href":"https:\/\/agora.xtec.cat\/ceiplessavines\/wp-json\/wp\/v2\/types\/post"}],"author":[{"embeddable":true,"href":"https:\/\/agora.xtec.cat\/ceiplessavines\/wp-json\/wp\/v2\/users\/1"}],"replies":[{"embeddable":true,"href":"https:\/\/agora.xtec.cat\/ceiplessavines\/wp-json\/wp\/v2\/comments?post=7347"}],"version-history":[{"count":2,"href":"https:\/\/agora.xtec.cat\/ceiplessavines\/wp-json\/wp\/v2\/posts\/7347\/revisions"}],"predecessor-version":[{"id":7350,"href":"https:\/\/agora.xtec.cat\/ceiplessavines\/wp-json\/wp\/v2\/posts\/7347\/revisions\/7350"}],"wp:featuredmedia":[{"embeddable":true,"href":"https:\/\/agora.xtec.cat\/ceiplessavines\/wp-json\/wp\/v2\/media\/7348"}],"wp:attachment":[{"href":"https:\/\/agora.xtec.cat\/ceiplessavines\/wp-json\/wp\/v2\/media?parent=7347"}],"wp:term":[{"taxonomy":"category","embeddable":true,"href":"https:\/\/agora.xtec.cat\/ceiplessavines\/wp-json\/wp\/v2\/categories?post=7347"},{"taxonomy":"post_tag","embeddable":true,"href":"https:\/\/agora.xtec.cat\/ceiplessavines\/wp-json\/wp\/v2\/tags?post=7347"}],"curies":[{"name":"wp","href":"https:\/\/api.w.org\/{rel}","templated":true}]}}