{"id":7330,"date":"2022-11-11T09:30:32","date_gmt":"2022-11-11T08:30:32","guid":{"rendered":"https:\/\/agora.xtec.cat\/ceiplessavines\/?p=7330"},"modified":"2022-11-11T09:30:32","modified_gmt":"2022-11-11T08:30:32","slug":"la-castanyada-2","status":"publish","type":"post","link":"https:\/\/agora.xtec.cat\/ceiplessavines\/portada\/la-castanyada-2\/","title":{"rendered":"La castanyada"},"content":{"rendered":"<p><span style=\"font-size: large\">El divendres 28 d\u2019octubre vam celebrar la castanyada.<\/span><\/p>\n<p><span style=\"font-size: large\"><a href=\"https:\/\/agora.xtec.cat\/ceiplessavines\/wp-content\/uploads\/usu230\/2022\/11\/IMG_20221028_100845.jpg\"><img loading=\"lazy\" decoding=\"async\" class=\"alignright size-medium wp-image-7331\" src=\"https:\/\/agora.xtec.cat\/ceiplessavines\/wp-content\/uploads\/usu230\/2022\/11\/IMG_20221028_100845-300x225.jpg\" alt=\"\" width=\"300\" height=\"225\" srcset=\"https:\/\/agora.xtec.cat\/ceiplessavines\/wp-content\/uploads\/usu230\/2022\/11\/IMG_20221028_100845-300x225.jpg 300w, https:\/\/agora.xtec.cat\/ceiplessavines\/wp-content\/uploads\/usu230\/2022\/11\/IMG_20221028_100845-1024x768.jpg 1024w, https:\/\/agora.xtec.cat\/ceiplessavines\/wp-content\/uploads\/usu230\/2022\/11\/IMG_20221028_100845-768x576.jpg 768w, https:\/\/agora.xtec.cat\/ceiplessavines\/wp-content\/uploads\/usu230\/2022\/11\/IMG_20221028_100845-200x150.jpg 200w, https:\/\/agora.xtec.cat\/ceiplessavines\/wp-content\/uploads\/usu230\/2022\/11\/IMG_20221028_100845.jpg 1200w\" sizes=\"auto, (max-width: 300px) 100vw, 300px\" \/><\/a>Al mat\u00ed vam fer 6 jocs relacionats amb la castanyada, la tardor i el Halloween. <\/span><span style=\"font-size: large\">A cada joc que acab\u00e0vem, els nens i nenes de 6\u00e8 ens van donar un n\u00famero per desxifrar un codi i poder trobar les castanyes per la tarda. Quan vam acabar ens van donar 2 pistes:<\/span><\/p>\n<p><span style=\"font-size: large\">1. Quin \u00e9s el n\u00famero de tel\u00e8fon d\u2019emerg\u00e8ncia.<\/span><\/p>\n<p><span style=\"font-size: large\">2. Amb quins tres n\u00fameros comencen els tel\u00e8fons de Cervera. <\/span><\/p>\n<p><span style=\"font-size: large\">Vam ordenar els n\u00fameros i vam desxifrar el codi i vam aconseguir les castanyes.<\/span><\/p>\n<p><span style=\"font-size: large\">A la tarda els nens i nenes de 6\u00e8 es van disfressar de castanyers i castanyeres. <\/span><span style=\"font-size: large\">Vam ballar la can\u00e7\u00f3 i ens vam menjar les castanyes.<\/span><\/p>\n<p><span style=\"font-size: large\">Ens va agradar molt\u00edssim.<a href=\"https:\/\/agora.xtec.cat\/ceiplessavines\/wp-content\/uploads\/usu230\/2022\/11\/IMG_20221028_160507.jpg\"><img loading=\"lazy\" decoding=\"async\" class=\"alignright size-medium wp-image-7332\" src=\"https:\/\/agora.xtec.cat\/ceiplessavines\/wp-content\/uploads\/usu230\/2022\/11\/IMG_20221028_160507-300x225.jpg\" alt=\"\" width=\"300\" height=\"225\" srcset=\"https:\/\/agora.xtec.cat\/ceiplessavines\/wp-content\/uploads\/usu230\/2022\/11\/IMG_20221028_160507-300x225.jpg 300w, https:\/\/agora.xtec.cat\/ceiplessavines\/wp-content\/uploads\/usu230\/2022\/11\/IMG_20221028_160507-1024x768.jpg 1024w, https:\/\/agora.xtec.cat\/ceiplessavines\/wp-content\/uploads\/usu230\/2022\/11\/IMG_20221028_160507-768x576.jpg 768w, https:\/\/agora.xtec.cat\/ceiplessavines\/wp-content\/uploads\/usu230\/2022\/11\/IMG_20221028_160507-200x150.jpg 200w, https:\/\/agora.xtec.cat\/ceiplessavines\/wp-content\/uploads\/usu230\/2022\/11\/IMG_20221028_160507.jpg 1200w\" sizes=\"auto, (max-width: 300px) 100vw, 300px\" \/><\/a> <a href=\"https:\/\/agora.xtec.cat\/ceiplessavines\/wp-content\/uploads\/usu230\/2022\/11\/IMG_20221028_160840.jpg\"><img loading=\"lazy\" decoding=\"async\" class=\"alignright size-medium wp-image-7333\" src=\"https:\/\/agora.xtec.cat\/ceiplessavines\/wp-content\/uploads\/usu230\/2022\/11\/IMG_20221028_160840-300x225.jpg\" alt=\"\" width=\"300\" height=\"225\" srcset=\"https:\/\/agora.xtec.cat\/ceiplessavines\/wp-content\/uploads\/usu230\/2022\/11\/IMG_20221028_160840-300x225.jpg 300w, https:\/\/agora.xtec.cat\/ceiplessavines\/wp-content\/uploads\/usu230\/2022\/11\/IMG_20221028_160840-1024x768.jpg 1024w, https:\/\/agora.xtec.cat\/ceiplessavines\/wp-content\/uploads\/usu230\/2022\/11\/IMG_20221028_160840-768x576.jpg 768w, https:\/\/agora.xtec.cat\/ceiplessavines\/wp-content\/uploads\/usu230\/2022\/11\/IMG_20221028_160840-200x150.jpg 200w, https:\/\/agora.xtec.cat\/ceiplessavines\/wp-content\/uploads\/usu230\/2022\/11\/IMG_20221028_160840.jpg 1200w\" sizes=\"auto, (max-width: 300px) 100vw, 300px\" \/><\/a><\/span><\/p>\n","protected":false},"excerpt":{"rendered":"<p>El divendres 28 d\u2019octubre vam celebrar la castanyada. Al mat\u00ed vam fer 6 jocs relacionats amb la castanyada, la tardor i el Halloween. A cada joc que acab\u00e0vem, els nens i nenes de 6\u00e8 ens van donar un n\u00famero per desxifrar un codi i poder trobar les castanyes per la tarda. Quan vam acabar ens [&hellip;]<\/p>\n","protected":false},"author":8,"featured_media":7333,"comment_status":"open","ping_status":"closed","sticky":false,"template":"","format":"standard","meta":{"_bbp_topic_count":0,"_bbp_reply_count":0,"_bbp_total_topic_count":0,"_bbp_total_reply_count":0,"_bbp_voice_count":0,"_bbp_anonymous_reply_count":0,"_bbp_topic_count_hidden":0,"_bbp_reply_count_hidden":0,"_bbp_forum_subforum_count":0,"site-sidebar-layout":"default","site-content-layout":"","ast-site-content-layout":"","site-content-style":"default","site-sidebar-style":"default","ast-global-header-display":"","ast-banner-title-visibility":"","ast-main-header-display":"","ast-hfb-above-header-display":"","ast-hfb-below-header-display":"","ast-hfb-mobile-header-display":"","site-post-title":"","ast-breadcrumbs-content":"","ast-featured-img":"","footer-sml-layout":"","theme-transparent-header-meta":"","adv-header-id-meta":"","stick-header-meta":"","header-above-stick-meta":"","header-main-stick-meta":"","header-below-stick-meta":"","astra-migrate-meta-layouts":"default","ast-page-background-enabled":"default","ast-page-background-meta":{"desktop":{"background-color":"var(--ast-global-color-4)","background-image":"","background-repeat":"repeat","background-position":"center center","background-size":"auto","background-attachment":"scroll","background-type":"","background-media":"","overlay-type":"","overlay-color":"","overlay-opacity":"","overlay-gradient":""},"tablet":{"background-color":"","background-image":"","background-repeat":"repeat","background-position":"center center","background-size":"auto","background-attachment":"scroll","background-type":"","background-media":"","overlay-type":"","overlay-color":"","overlay-opacity":"","overlay-gradient":""},"mobile":{"background-color":"","background-image":"","background-repeat":"repeat","background-position":"center center","background-size":"auto","background-attachment":"scroll","background-type":"","background-media":"","overlay-type":"","overlay-color":"","overlay-opacity":"","overlay-gradient":""}},"ast-content-background-meta":{"desktop":{"background-color":"var(--ast-global-color-5)","background-image":"","background-repeat":"repeat","background-position":"center center","background-size":"auto","background-attachment":"scroll","background-type":"","background-media":"","overlay-type":"","overlay-color":"","overlay-opacity":"","overlay-gradient":""},"tablet":{"background-color":"var(--ast-global-color-5)","background-image":"","background-repeat":"repeat","background-position":"center center","background-size":"auto","background-attachment":"scroll","background-type":"","background-media":"","overlay-type":"","overlay-color":"","overlay-opacity":"","overlay-gradient":""},"mobile":{"background-color":"var(--ast-global-color-5)","background-image":"","background-repeat":"repeat","background-position":"center center","background-size":"auto","background-attachment":"scroll","background-type":"","background-media":"","overlay-type":"","overlay-color":"","overlay-opacity":"","overlay-gradient":""}},"footnotes":""},"categories":[4],"tags":[51,52,43],"class_list":["post-7330","post","type-post","status-publish","format-standard","has-post-thumbnail","hentry","category-portada","tag-3r","tag-4t","tag-festes"],"post_mailing_queue_ids":[],"_links":{"self":[{"href":"https:\/\/agora.xtec.cat\/ceiplessavines\/wp-json\/wp\/v2\/posts\/7330","targetHints":{"allow":["GET"]}}],"collection":[{"href":"https:\/\/agora.xtec.cat\/ceiplessavines\/wp-json\/wp\/v2\/posts"}],"about":[{"href":"https:\/\/agora.xtec.cat\/ceiplessavines\/wp-json\/wp\/v2\/types\/post"}],"author":[{"embeddable":true,"href":"https:\/\/agora.xtec.cat\/ceiplessavines\/wp-json\/wp\/v2\/users\/8"}],"replies":[{"embeddable":true,"href":"https:\/\/agora.xtec.cat\/ceiplessavines\/wp-json\/wp\/v2\/comments?post=7330"}],"version-history":[{"count":1,"href":"https:\/\/agora.xtec.cat\/ceiplessavines\/wp-json\/wp\/v2\/posts\/7330\/revisions"}],"predecessor-version":[{"id":7334,"href":"https:\/\/agora.xtec.cat\/ceiplessavines\/wp-json\/wp\/v2\/posts\/7330\/revisions\/7334"}],"wp:featuredmedia":[{"embeddable":true,"href":"https:\/\/agora.xtec.cat\/ceiplessavines\/wp-json\/wp\/v2\/media\/7333"}],"wp:attachment":[{"href":"https:\/\/agora.xtec.cat\/ceiplessavines\/wp-json\/wp\/v2\/media?parent=7330"}],"wp:term":[{"taxonomy":"category","embeddable":true,"href":"https:\/\/agora.xtec.cat\/ceiplessavines\/wp-json\/wp\/v2\/categories?post=7330"},{"taxonomy":"post_tag","embeddable":true,"href":"https:\/\/agora.xtec.cat\/ceiplessavines\/wp-json\/wp\/v2\/tags?post=7330"}],"curies":[{"name":"wp","href":"https:\/\/api.w.org\/{rel}","templated":true}]}}