{"id":7114,"date":"2022-05-26T13:23:41","date_gmt":"2022-05-26T11:23:41","guid":{"rendered":"https:\/\/agora.xtec.cat\/ceiplessavines\/?p=7114"},"modified":"2022-05-26T13:24:27","modified_gmt":"2022-05-26T11:24:27","slug":"visita-de-mestres-per-coneixer-el-treball-cooperatiu","status":"publish","type":"post","link":"https:\/\/agora.xtec.cat\/ceiplessavines\/general\/visita-de-mestres-per-coneixer-el-treball-cooperatiu\/","title":{"rendered":"VISITA DE MESTRES PER CON\u00c8IXER EL TREBALL COOPERATIU"},"content":{"rendered":"<p>&nbsp;<\/p>\n<p>&nbsp;<\/p>\n<p><img loading=\"lazy\" decoding=\"async\" class=\"alignnone size-full wp-image-7116 aligncenter\" src=\"https:\/\/agora.xtec.cat\/ceiplessavines\/wp-content\/uploads\/usu230\/2022\/05\/IMG-20220526-WA0003.redimensionada.jpg\" alt=\"\" width=\"575\" height=\"768\" srcset=\"https:\/\/agora.xtec.cat\/ceiplessavines\/wp-content\/uploads\/usu230\/2022\/05\/IMG-20220526-WA0003.redimensionada.jpg 575w, https:\/\/agora.xtec.cat\/ceiplessavines\/wp-content\/uploads\/usu230\/2022\/05\/IMG-20220526-WA0003.redimensionada-225x300.jpg 225w\" sizes=\"auto, (max-width: 575px) 100vw, 575px\" \/><\/p>\n<p>El dimecres 18 de maig, dins les visites del Laboratori de transformaci\u00f3 educativa, com a centre referent, vam obrir les portes a\u00a0 un grup de mestres d&#8217;altres centres de Catalunya per con\u00e8ixer com treballem a l&#8217;escola l&#8217;aprenentatge cooperatiu.<\/p>\n<p>Primerament la direcci\u00f3 els va fer una breu explicaci\u00f3 sobre el recorregut de l&#8217;aprenentatge cooperatiu al nostre centre. Despr\u00e9s van visitar dues aules per veure com es treballen algunes estrat\u00e8gies i din\u00e0miques d&#8217;aprenentatge cooperatiu. A la classe de primer van veure com es treballen les estrat\u00e8gies aplicades als racons d&#8217;aprenentatge i a la classe de sis\u00e8 van poder observar com treballen aut\u00f2nomament l&#8217;aprenentatge cooperatiu.<\/p>\n<p>Finalment vam compartir la documentaci\u00f3 que tenim al centre: la guia d&#8217;aprenentatge cooperatiu, els quaderns de l&#8217;equip i els plans de l&#8217;equip de diferents cursos.<\/p>\n","protected":false},"excerpt":{"rendered":"<p>&nbsp; &nbsp; El dimecres 18 de maig, dins les visites del Laboratori de transformaci\u00f3 educativa, com a centre referent, vam obrir les portes a\u00a0 un grup de mestres d&#8217;altres centres de Catalunya per con\u00e8ixer com treballem a l&#8217;escola l&#8217;aprenentatge cooperatiu. Primerament la direcci\u00f3 els va fer una breu explicaci\u00f3 sobre el recorregut de l&#8217;aprenentatge cooperatiu [&hellip;]<\/p>\n","protected":false},"author":1,"featured_media":7115,"comment_status":"open","ping_status":"closed","sticky":false,"template":"","format":"standard","meta":{"_bbp_topic_count":0,"_bbp_reply_count":0,"_bbp_total_topic_count":0,"_bbp_total_reply_count":0,"_bbp_voice_count":0,"_bbp_anonymous_reply_count":0,"_bbp_topic_count_hidden":0,"_bbp_reply_count_hidden":0,"_bbp_forum_subforum_count":0,"site-sidebar-layout":"default","site-content-layout":"","ast-site-content-layout":"","site-content-style":"default","site-sidebar-style":"default","ast-global-header-display":"","ast-banner-title-visibility":"","ast-main-header-display":"","ast-hfb-above-header-display":"","ast-hfb-below-header-display":"","ast-hfb-mobile-header-display":"","site-post-title":"","ast-breadcrumbs-content":"","ast-featured-img":"","footer-sml-layout":"","theme-transparent-header-meta":"","adv-header-id-meta":"","stick-header-meta":"","header-above-stick-meta":"","header-main-stick-meta":"","header-below-stick-meta":"","astra-migrate-meta-layouts":"default","ast-page-background-enabled":"default","ast-page-background-meta":{"desktop":{"background-color":"var(--ast-global-color-4)","background-image":"","background-repeat":"repeat","background-position":"center center","background-size":"auto","background-attachment":"scroll","background-type":"","background-media":"","overlay-type":"","overlay-color":"","overlay-opacity":"","overlay-gradient":""},"tablet":{"background-color":"","background-image":"","background-repeat":"repeat","background-position":"center center","background-size":"auto","background-attachment":"scroll","background-type":"","background-media":"","overlay-type":"","overlay-color":"","overlay-opacity":"","overlay-gradient":""},"mobile":{"background-color":"","background-image":"","background-repeat":"repeat","background-position":"center center","background-size":"auto","background-attachment":"scroll","background-type":"","background-media":"","overlay-type":"","overlay-color":"","overlay-opacity":"","overlay-gradient":""}},"ast-content-background-meta":{"desktop":{"background-color":"var(--ast-global-color-5)","background-image":"","background-repeat":"repeat","background-position":"center center","background-size":"auto","background-attachment":"scroll","background-type":"","background-media":"","overlay-type":"","overlay-color":"","overlay-opacity":"","overlay-gradient":""},"tablet":{"background-color":"var(--ast-global-color-5)","background-image":"","background-repeat":"repeat","background-position":"center center","background-size":"auto","background-attachment":"scroll","background-type":"","background-media":"","overlay-type":"","overlay-color":"","overlay-opacity":"","overlay-gradient":""},"mobile":{"background-color":"var(--ast-global-color-5)","background-image":"","background-repeat":"repeat","background-position":"center center","background-size":"auto","background-attachment":"scroll","background-type":"","background-media":"","overlay-type":"","overlay-color":"","overlay-opacity":"","overlay-gradient":""}},"footnotes":""},"categories":[60,1,100,4],"tags":[126,120],"class_list":["post-7114","post","type-post","status-publish","format-standard","has-post-thumbnail","hentry","category-ac","category-general","category-nova","category-portada","tag-visiteslab","tag-xarxes-de-transformacio-educativa"],"post_mailing_queue_ids":[],"_links":{"self":[{"href":"https:\/\/agora.xtec.cat\/ceiplessavines\/wp-json\/wp\/v2\/posts\/7114","targetHints":{"allow":["GET"]}}],"collection":[{"href":"https:\/\/agora.xtec.cat\/ceiplessavines\/wp-json\/wp\/v2\/posts"}],"about":[{"href":"https:\/\/agora.xtec.cat\/ceiplessavines\/wp-json\/wp\/v2\/types\/post"}],"author":[{"embeddable":true,"href":"https:\/\/agora.xtec.cat\/ceiplessavines\/wp-json\/wp\/v2\/users\/1"}],"replies":[{"embeddable":true,"href":"https:\/\/agora.xtec.cat\/ceiplessavines\/wp-json\/wp\/v2\/comments?post=7114"}],"version-history":[{"count":1,"href":"https:\/\/agora.xtec.cat\/ceiplessavines\/wp-json\/wp\/v2\/posts\/7114\/revisions"}],"predecessor-version":[{"id":7117,"href":"https:\/\/agora.xtec.cat\/ceiplessavines\/wp-json\/wp\/v2\/posts\/7114\/revisions\/7117"}],"wp:featuredmedia":[{"embeddable":true,"href":"https:\/\/agora.xtec.cat\/ceiplessavines\/wp-json\/wp\/v2\/media\/7115"}],"wp:attachment":[{"href":"https:\/\/agora.xtec.cat\/ceiplessavines\/wp-json\/wp\/v2\/media?parent=7114"}],"wp:term":[{"taxonomy":"category","embeddable":true,"href":"https:\/\/agora.xtec.cat\/ceiplessavines\/wp-json\/wp\/v2\/categories?post=7114"},{"taxonomy":"post_tag","embeddable":true,"href":"https:\/\/agora.xtec.cat\/ceiplessavines\/wp-json\/wp\/v2\/tags?post=7114"}],"curies":[{"name":"wp","href":"https:\/\/api.w.org\/{rel}","templated":true}]}}