{"id":7076,"date":"2022-05-04T16:19:13","date_gmt":"2022-05-04T14:19:13","guid":{"rendered":"https:\/\/agora.xtec.cat\/ceiplessavines\/?p=7076"},"modified":"2022-05-04T16:19:13","modified_gmt":"2022-05-04T14:19:13","slug":"colonies","status":"publish","type":"post","link":"https:\/\/agora.xtec.cat\/ceiplessavines\/general\/colonies\/","title":{"rendered":"COL\u00d2NIES"},"content":{"rendered":"<p><span style=\"font-size: x-large\"><b>1-ON? <\/b>Vam anar a la Carral de Solsona. <\/span><\/p>\n<p><span style=\"font-size: x-large\"><b>2-QUI?<\/b> Vam anar-hi els alumnes de 1<sup>r<\/sup> fins a 4<sup>t<\/sup> .<\/span><\/p>\n<p><span style=\"font-size: x-large\"><b>3-QUAN?<\/b> Els dies 4 i 5 d\u2019abril.<\/span><\/p>\n<p><span style=\"font-size: x-large\"><b>4-QU<\/b><b>\u00c8<\/b><b> VAM FER?<\/b> El primer dia vam con\u00e8ixer als nostres monitors que ens van fer diferents activitats durant els dos dies, tamb\u00e9 ens van fer cantar molt!<\/span><\/p>\n<p><span style=\"font-size: x-large\"><b>5-PER QU\u00c8? <\/b>Per tenir una bona conviv\u00e8ncia entre els companys i companyes de la classe, tamb\u00e9 per divertir-nos molt!!!!<\/span><\/p>\n<p><span style=\"font-size: x-large\">ISAAC, AINARA I JAN<\/span><\/p>\n<p><a href=\"https:\/\/agora.xtec.cat\/ceiplessavines\/wp-content\/uploads\/usu230\/2022\/05\/aeefc553-7779-4808-8063-e0e59083ddf7.jpg\"><img loading=\"lazy\" decoding=\"async\" class=\"wp-image-7077 aligncenter\" src=\"https:\/\/agora.xtec.cat\/ceiplessavines\/wp-content\/uploads\/usu230\/2022\/05\/aeefc553-7779-4808-8063-e0e59083ddf7-300x211.jpg\" alt=\"\" width=\"628\" height=\"441\" srcset=\"https:\/\/agora.xtec.cat\/ceiplessavines\/wp-content\/uploads\/usu230\/2022\/05\/aeefc553-7779-4808-8063-e0e59083ddf7-300x211.jpg 300w, https:\/\/agora.xtec.cat\/ceiplessavines\/wp-content\/uploads\/usu230\/2022\/05\/aeefc553-7779-4808-8063-e0e59083ddf7-1024x719.jpg 1024w, https:\/\/agora.xtec.cat\/ceiplessavines\/wp-content\/uploads\/usu230\/2022\/05\/aeefc553-7779-4808-8063-e0e59083ddf7-768x539.jpg 768w, https:\/\/agora.xtec.cat\/ceiplessavines\/wp-content\/uploads\/usu230\/2022\/05\/aeefc553-7779-4808-8063-e0e59083ddf7-1536x1078.jpg 1536w, https:\/\/agora.xtec.cat\/ceiplessavines\/wp-content\/uploads\/usu230\/2022\/05\/aeefc553-7779-4808-8063-e0e59083ddf7.jpg 1956w\" sizes=\"auto, (max-width: 628px) 100vw, 628px\" \/><\/a><\/p>\n","protected":false},"excerpt":{"rendered":"<p>1-ON? Vam anar a la Carral de Solsona. 2-QUI? Vam anar-hi els alumnes de 1r fins a 4t . 3-QUAN? Els dies 4 i 5 d\u2019abril. 4-QU\u00c8 VAM FER? El primer dia vam con\u00e8ixer als nostres monitors que ens van fer diferents activitats durant els dos dies, tamb\u00e9 ens van fer cantar molt! 5-PER QU\u00c8? [&hellip;]<\/p>\n","protected":false},"author":8,"featured_media":7077,"comment_status":"open","ping_status":"closed","sticky":false,"template":"","format":"standard","meta":{"_bbp_topic_count":0,"_bbp_reply_count":0,"_bbp_total_topic_count":0,"_bbp_total_reply_count":0,"_bbp_voice_count":0,"_bbp_anonymous_reply_count":0,"_bbp_topic_count_hidden":0,"_bbp_reply_count_hidden":0,"_bbp_forum_subforum_count":0,"site-sidebar-layout":"default","site-content-layout":"","ast-site-content-layout":"","site-content-style":"default","site-sidebar-style":"default","ast-global-header-display":"","ast-banner-title-visibility":"","ast-main-header-display":"","ast-hfb-above-header-display":"","ast-hfb-below-header-display":"","ast-hfb-mobile-header-display":"","site-post-title":"","ast-breadcrumbs-content":"","ast-featured-img":"","footer-sml-layout":"","theme-transparent-header-meta":"","adv-header-id-meta":"","stick-header-meta":"","header-above-stick-meta":"","header-main-stick-meta":"","header-below-stick-meta":"","astra-migrate-meta-layouts":"default","ast-page-background-enabled":"default","ast-page-background-meta":{"desktop":{"background-color":"var(--ast-global-color-4)","background-image":"","background-repeat":"repeat","background-position":"center center","background-size":"auto","background-attachment":"scroll","background-type":"","background-media":"","overlay-type":"","overlay-color":"","overlay-opacity":"","overlay-gradient":""},"tablet":{"background-color":"","background-image":"","background-repeat":"repeat","background-position":"center center","background-size":"auto","background-attachment":"scroll","background-type":"","background-media":"","overlay-type":"","overlay-color":"","overlay-opacity":"","overlay-gradient":""},"mobile":{"background-color":"","background-image":"","background-repeat":"repeat","background-position":"center center","background-size":"auto","background-attachment":"scroll","background-type":"","background-media":"","overlay-type":"","overlay-color":"","overlay-opacity":"","overlay-gradient":""}},"ast-content-background-meta":{"desktop":{"background-color":"var(--ast-global-color-5)","background-image":"","background-repeat":"repeat","background-position":"center center","background-size":"auto","background-attachment":"scroll","background-type":"","background-media":"","overlay-type":"","overlay-color":"","overlay-opacity":"","overlay-gradient":""},"tablet":{"background-color":"var(--ast-global-color-5)","background-image":"","background-repeat":"repeat","background-position":"center center","background-size":"auto","background-attachment":"scroll","background-type":"","background-media":"","overlay-type":"","overlay-color":"","overlay-opacity":"","overlay-gradient":""},"mobile":{"background-color":"var(--ast-global-color-5)","background-image":"","background-repeat":"repeat","background-position":"center center","background-size":"auto","background-attachment":"scroll","background-type":"","background-media":"","overlay-type":"","overlay-color":"","overlay-opacity":"","overlay-gradient":""}},"footnotes":""},"categories":[1],"tags":[],"class_list":["post-7076","post","type-post","status-publish","format-standard","has-post-thumbnail","hentry","category-general"],"post_mailing_queue_ids":[],"_links":{"self":[{"href":"https:\/\/agora.xtec.cat\/ceiplessavines\/wp-json\/wp\/v2\/posts\/7076","targetHints":{"allow":["GET"]}}],"collection":[{"href":"https:\/\/agora.xtec.cat\/ceiplessavines\/wp-json\/wp\/v2\/posts"}],"about":[{"href":"https:\/\/agora.xtec.cat\/ceiplessavines\/wp-json\/wp\/v2\/types\/post"}],"author":[{"embeddable":true,"href":"https:\/\/agora.xtec.cat\/ceiplessavines\/wp-json\/wp\/v2\/users\/8"}],"replies":[{"embeddable":true,"href":"https:\/\/agora.xtec.cat\/ceiplessavines\/wp-json\/wp\/v2\/comments?post=7076"}],"version-history":[{"count":1,"href":"https:\/\/agora.xtec.cat\/ceiplessavines\/wp-json\/wp\/v2\/posts\/7076\/revisions"}],"predecessor-version":[{"id":7078,"href":"https:\/\/agora.xtec.cat\/ceiplessavines\/wp-json\/wp\/v2\/posts\/7076\/revisions\/7078"}],"wp:featuredmedia":[{"embeddable":true,"href":"https:\/\/agora.xtec.cat\/ceiplessavines\/wp-json\/wp\/v2\/media\/7077"}],"wp:attachment":[{"href":"https:\/\/agora.xtec.cat\/ceiplessavines\/wp-json\/wp\/v2\/media?parent=7076"}],"wp:term":[{"taxonomy":"category","embeddable":true,"href":"https:\/\/agora.xtec.cat\/ceiplessavines\/wp-json\/wp\/v2\/categories?post=7076"},{"taxonomy":"post_tag","embeddable":true,"href":"https:\/\/agora.xtec.cat\/ceiplessavines\/wp-json\/wp\/v2\/tags?post=7076"}],"curies":[{"name":"wp","href":"https:\/\/api.w.org\/{rel}","templated":true}]}}