{"id":7045,"date":"2022-04-29T10:12:17","date_gmt":"2022-04-29T08:12:17","guid":{"rendered":"https:\/\/agora.xtec.cat\/ceiplessavines\/?p=7045"},"modified":"2022-04-29T10:12:17","modified_gmt":"2022-04-29T08:12:17","slug":"el-comite-ambiental-prepara-la-jornada-de-leuropean-clean-up-day","status":"publish","type":"post","link":"https:\/\/agora.xtec.cat\/ceiplessavines\/general\/el-comite-ambiental-prepara-la-jornada-de-leuropean-clean-up-day\/","title":{"rendered":"El comit\u00e8 ambiental prepara la jornada de l&#8217;European Clean Up Day"},"content":{"rendered":"<p>El passat dimecres 27 d&#8217;abril, el comit\u00e8 ambiental de l&#8217;escola va tornar a reunir-se per ultimar els preparatius de la jornada de l&#8217;European Clean Up Day.<\/p>\n<p><img loading=\"lazy\" decoding=\"async\" class=\"size-full wp-image-7047 aligncenter\" src=\"https:\/\/agora.xtec.cat\/ceiplessavines\/wp-content\/uploads\/usu230\/2022\/04\/c38f8b30-5dc1-4912-9545-5205d3af9f5e.jpg\" alt=\"\" width=\"1600\" height=\"1200\" srcset=\"https:\/\/agora.xtec.cat\/ceiplessavines\/wp-content\/uploads\/usu230\/2022\/04\/c38f8b30-5dc1-4912-9545-5205d3af9f5e.jpg 1600w, https:\/\/agora.xtec.cat\/ceiplessavines\/wp-content\/uploads\/usu230\/2022\/04\/c38f8b30-5dc1-4912-9545-5205d3af9f5e-300x225.jpg 300w, https:\/\/agora.xtec.cat\/ceiplessavines\/wp-content\/uploads\/usu230\/2022\/04\/c38f8b30-5dc1-4912-9545-5205d3af9f5e-1024x768.jpg 1024w, https:\/\/agora.xtec.cat\/ceiplessavines\/wp-content\/uploads\/usu230\/2022\/04\/c38f8b30-5dc1-4912-9545-5205d3af9f5e-768x576.jpg 768w, https:\/\/agora.xtec.cat\/ceiplessavines\/wp-content\/uploads\/usu230\/2022\/04\/c38f8b30-5dc1-4912-9545-5205d3af9f5e-1536x1152.jpg 1536w, https:\/\/agora.xtec.cat\/ceiplessavines\/wp-content\/uploads\/usu230\/2022\/04\/c38f8b30-5dc1-4912-9545-5205d3af9f5e-200x150.jpg 200w\" sizes=\"auto, (max-width: 1600px) 100vw, 1600px\" \/><\/p>\n<p>El proper <strong>diumenge 8 de maig, de les 10:00h a les 12:00h del migdia<\/strong> s&#8217;ha organitzat una jornada de neteja de l&#8217;entorn de l&#8217;escola, concretament del Bosquet. Es tracta de recollir els residus que es vagin trobant, classificar-los i despr\u00e9s quantificar-los. A part d&#8217;aquests objectius que venen determinants per l&#8217;Ag\u00e8ncia de Residus de Catalunya, a l&#8217;acabar farem una mica de col\u00b7loqui on establirem propostes de millora d&#8217;aquest entorn.<\/p>\n<p>Durant la setmana vinent, s&#8217;enviar\u00e0 un correu a les fam\u00edlies perqu\u00e8 es puguin apuntar a les jornades de neteja, que esperem que siguin tot un \u00e8xit i que a part de millorar i tenir cura de l&#8217;entorn ens serveixin per compartir una jornada l\u00fadica entre tota la comunitat educativa.<\/p>\n<p>Us esperem a tots i totes el proper diumenge 8 de maig!<\/p>\n<p><img loading=\"lazy\" decoding=\"async\" class=\"alignnone size-full wp-image-7049\" src=\"https:\/\/agora.xtec.cat\/ceiplessavines\/wp-content\/uploads\/usu230\/2022\/04\/netegem-el-bosquet.jpg\" alt=\"\" width=\"1168\" height=\"1652\" srcset=\"https:\/\/agora.xtec.cat\/ceiplessavines\/wp-content\/uploads\/usu230\/2022\/04\/netegem-el-bosquet.jpg 1168w, https:\/\/agora.xtec.cat\/ceiplessavines\/wp-content\/uploads\/usu230\/2022\/04\/netegem-el-bosquet-212x300.jpg 212w, https:\/\/agora.xtec.cat\/ceiplessavines\/wp-content\/uploads\/usu230\/2022\/04\/netegem-el-bosquet-724x1024.jpg 724w, https:\/\/agora.xtec.cat\/ceiplessavines\/wp-content\/uploads\/usu230\/2022\/04\/netegem-el-bosquet-768x1086.jpg 768w, https:\/\/agora.xtec.cat\/ceiplessavines\/wp-content\/uploads\/usu230\/2022\/04\/netegem-el-bosquet-1086x1536.jpg 1086w\" sizes=\"auto, (max-width: 1168px) 100vw, 1168px\" \/><\/p>\n<p>&nbsp;<\/p>\n","protected":false},"excerpt":{"rendered":"<p>El passat dimecres 27 d&#8217;abril, el comit\u00e8 ambiental de l&#8217;escola va tornar a reunir-se per ultimar els preparatius de la jornada de l&#8217;European Clean Up Day. El proper diumenge 8 de maig, de les 10:00h a les 12:00h del migdia s&#8217;ha organitzat una jornada de neteja de l&#8217;entorn de l&#8217;escola, concretament del Bosquet. Es tracta [&hellip;]<\/p>\n","protected":false},"author":1,"featured_media":7047,"comment_status":"open","ping_status":"closed","sticky":false,"template":"","format":"standard","meta":{"_bbp_topic_count":0,"_bbp_reply_count":0,"_bbp_total_topic_count":0,"_bbp_total_reply_count":0,"_bbp_voice_count":0,"_bbp_anonymous_reply_count":0,"_bbp_topic_count_hidden":0,"_bbp_reply_count_hidden":0,"_bbp_forum_subforum_count":0,"site-sidebar-layout":"default","site-content-layout":"","ast-site-content-layout":"","site-content-style":"default","site-sidebar-style":"default","ast-global-header-display":"","ast-banner-title-visibility":"","ast-main-header-display":"","ast-hfb-above-header-display":"","ast-hfb-below-header-display":"","ast-hfb-mobile-header-display":"","site-post-title":"","ast-breadcrumbs-content":"","ast-featured-img":"","footer-sml-layout":"","theme-transparent-header-meta":"","adv-header-id-meta":"","stick-header-meta":"","header-above-stick-meta":"","header-main-stick-meta":"","header-below-stick-meta":"","astra-migrate-meta-layouts":"default","ast-page-background-enabled":"default","ast-page-background-meta":{"desktop":{"background-color":"var(--ast-global-color-4)","background-image":"","background-repeat":"repeat","background-position":"center center","background-size":"auto","background-attachment":"scroll","background-type":"","background-media":"","overlay-type":"","overlay-color":"","overlay-opacity":"","overlay-gradient":""},"tablet":{"background-color":"","background-image":"","background-repeat":"repeat","background-position":"center center","background-size":"auto","background-attachment":"scroll","background-type":"","background-media":"","overlay-type":"","overlay-color":"","overlay-opacity":"","overlay-gradient":""},"mobile":{"background-color":"","background-image":"","background-repeat":"repeat","background-position":"center center","background-size":"auto","background-attachment":"scroll","background-type":"","background-media":"","overlay-type":"","overlay-color":"","overlay-opacity":"","overlay-gradient":""}},"ast-content-background-meta":{"desktop":{"background-color":"var(--ast-global-color-5)","background-image":"","background-repeat":"repeat","background-position":"center center","background-size":"auto","background-attachment":"scroll","background-type":"","background-media":"","overlay-type":"","overlay-color":"","overlay-opacity":"","overlay-gradient":""},"tablet":{"background-color":"var(--ast-global-color-5)","background-image":"","background-repeat":"repeat","background-position":"center center","background-size":"auto","background-attachment":"scroll","background-type":"","background-media":"","overlay-type":"","overlay-color":"","overlay-opacity":"","overlay-gradient":""},"mobile":{"background-color":"var(--ast-global-color-5)","background-image":"","background-repeat":"repeat","background-position":"center center","background-size":"auto","background-attachment":"scroll","background-type":"","background-media":"","overlay-type":"","overlay-color":"","overlay-opacity":"","overlay-gradient":""}},"footnotes":""},"categories":[73,1,4],"tags":[125,78],"class_list":["post-7045","post","type-post","status-publish","format-standard","has-post-thumbnail","hentry","category-ev","category-general","category-portada","tag-clean-up-day","tag-comite-ambiental"],"post_mailing_queue_ids":[],"_links":{"self":[{"href":"https:\/\/agora.xtec.cat\/ceiplessavines\/wp-json\/wp\/v2\/posts\/7045","targetHints":{"allow":["GET"]}}],"collection":[{"href":"https:\/\/agora.xtec.cat\/ceiplessavines\/wp-json\/wp\/v2\/posts"}],"about":[{"href":"https:\/\/agora.xtec.cat\/ceiplessavines\/wp-json\/wp\/v2\/types\/post"}],"author":[{"embeddable":true,"href":"https:\/\/agora.xtec.cat\/ceiplessavines\/wp-json\/wp\/v2\/users\/1"}],"replies":[{"embeddable":true,"href":"https:\/\/agora.xtec.cat\/ceiplessavines\/wp-json\/wp\/v2\/comments?post=7045"}],"version-history":[{"count":3,"href":"https:\/\/agora.xtec.cat\/ceiplessavines\/wp-json\/wp\/v2\/posts\/7045\/revisions"}],"predecessor-version":[{"id":7050,"href":"https:\/\/agora.xtec.cat\/ceiplessavines\/wp-json\/wp\/v2\/posts\/7045\/revisions\/7050"}],"wp:featuredmedia":[{"embeddable":true,"href":"https:\/\/agora.xtec.cat\/ceiplessavines\/wp-json\/wp\/v2\/media\/7047"}],"wp:attachment":[{"href":"https:\/\/agora.xtec.cat\/ceiplessavines\/wp-json\/wp\/v2\/media?parent=7045"}],"wp:term":[{"taxonomy":"category","embeddable":true,"href":"https:\/\/agora.xtec.cat\/ceiplessavines\/wp-json\/wp\/v2\/categories?post=7045"},{"taxonomy":"post_tag","embeddable":true,"href":"https:\/\/agora.xtec.cat\/ceiplessavines\/wp-json\/wp\/v2\/tags?post=7045"}],"curies":[{"name":"wp","href":"https:\/\/api.w.org\/{rel}","templated":true}]}}