{"id":7012,"date":"2022-03-11T10:39:23","date_gmt":"2022-03-11T09:39:23","guid":{"rendered":"https:\/\/agora.xtec.cat\/ceiplessavines\/?p=7012"},"modified":"2022-03-11T10:39:23","modified_gmt":"2022-03-11T09:39:23","slug":"el-comite-ambiental-de-lescola-es-torna-a-reunir","status":"publish","type":"post","link":"https:\/\/agora.xtec.cat\/ceiplessavines\/general\/el-comite-ambiental-de-lescola-es-torna-a-reunir\/","title":{"rendered":"El comit\u00e8 ambiental de l\u2019escola es torna a reunir"},"content":{"rendered":"<p>Despr\u00e9s d\u2019estar uns cursos parats per la pand\u00e8mia, el comit\u00e8 ambiental de l\u2019escola s\u2019ha tornat a reunir per tornar a reemprendre projectes mediambientals d\u2019escola.<\/p>\n<p>El comit\u00e8 ambiental \u00e9s un \u00f2rgan on es reuneixen totes les parts de la comunitat educativa: els delegats i delegades verdes de cada classe de prim\u00e0ria, els mestres de la comissi\u00f3 d\u2019escoles verdes, representants de pares i mares, el conserge de l\u2019escola, la coordinadora del menjador i un\/a representant de l\u2019Ajuntament.<\/p>\n<p>En aquesta primera reuni\u00f3 es van tractar temes com les papereres del pati de l\u2019espai de l\u2019hort, el concurs Apilo i el projecte Clean\u2019s Up Europa, que si tot va b\u00e9, el comit\u00e8 organitzar\u00e0 una jornada de treball al Bosquet per aquest any.<\/p>\n<p>Esperem que es puguin reemprendre \u00a0i engegar nous projectes mediambientals per l\u2019escola.<br \/>\n<img loading=\"lazy\" decoding=\"async\" class=\"alignnone size-full wp-image-7013\" src=\"https:\/\/agora.xtec.cat\/ceiplessavines\/wp-content\/uploads\/usu230\/2022\/03\/3D423F7C-76EC-445C-8758-B8F76A9476F0.jpeg\" alt=\"\" width=\"2000\" height=\"1500\" srcset=\"https:\/\/agora.xtec.cat\/ceiplessavines\/wp-content\/uploads\/usu230\/2022\/03\/3D423F7C-76EC-445C-8758-B8F76A9476F0.jpeg 2000w, https:\/\/agora.xtec.cat\/ceiplessavines\/wp-content\/uploads\/usu230\/2022\/03\/3D423F7C-76EC-445C-8758-B8F76A9476F0-300x225.jpeg 300w, https:\/\/agora.xtec.cat\/ceiplessavines\/wp-content\/uploads\/usu230\/2022\/03\/3D423F7C-76EC-445C-8758-B8F76A9476F0-1024x768.jpeg 1024w, https:\/\/agora.xtec.cat\/ceiplessavines\/wp-content\/uploads\/usu230\/2022\/03\/3D423F7C-76EC-445C-8758-B8F76A9476F0-768x576.jpeg 768w, https:\/\/agora.xtec.cat\/ceiplessavines\/wp-content\/uploads\/usu230\/2022\/03\/3D423F7C-76EC-445C-8758-B8F76A9476F0-1536x1152.jpeg 1536w, https:\/\/agora.xtec.cat\/ceiplessavines\/wp-content\/uploads\/usu230\/2022\/03\/3D423F7C-76EC-445C-8758-B8F76A9476F0-200x150.jpeg 200w\" sizes=\"auto, (max-width: 2000px) 100vw, 2000px\" \/> <img loading=\"lazy\" decoding=\"async\" class=\"alignnone size-full wp-image-7014\" src=\"https:\/\/agora.xtec.cat\/ceiplessavines\/wp-content\/uploads\/usu230\/2022\/03\/B7AF54B9-17E0-4F75-B173-FFAA35C704D7.jpeg\" alt=\"\" width=\"2000\" height=\"1500\" srcset=\"https:\/\/agora.xtec.cat\/ceiplessavines\/wp-content\/uploads\/usu230\/2022\/03\/B7AF54B9-17E0-4F75-B173-FFAA35C704D7.jpeg 2000w, https:\/\/agora.xtec.cat\/ceiplessavines\/wp-content\/uploads\/usu230\/2022\/03\/B7AF54B9-17E0-4F75-B173-FFAA35C704D7-300x225.jpeg 300w, https:\/\/agora.xtec.cat\/ceiplessavines\/wp-content\/uploads\/usu230\/2022\/03\/B7AF54B9-17E0-4F75-B173-FFAA35C704D7-1024x768.jpeg 1024w, https:\/\/agora.xtec.cat\/ceiplessavines\/wp-content\/uploads\/usu230\/2022\/03\/B7AF54B9-17E0-4F75-B173-FFAA35C704D7-768x576.jpeg 768w, https:\/\/agora.xtec.cat\/ceiplessavines\/wp-content\/uploads\/usu230\/2022\/03\/B7AF54B9-17E0-4F75-B173-FFAA35C704D7-1536x1152.jpeg 1536w, https:\/\/agora.xtec.cat\/ceiplessavines\/wp-content\/uploads\/usu230\/2022\/03\/B7AF54B9-17E0-4F75-B173-FFAA35C704D7-200x150.jpeg 200w\" sizes=\"auto, (max-width: 2000px) 100vw, 2000px\" \/><\/p>\n","protected":false},"excerpt":{"rendered":"<p>Despr\u00e9s d\u2019estar uns cursos parats per la pand\u00e8mia, el comit\u00e8 ambiental de l\u2019escola s\u2019ha tornat a reunir per tornar a reemprendre projectes mediambientals d\u2019escola. El comit\u00e8 ambiental \u00e9s un \u00f2rgan on es reuneixen totes les parts de la comunitat educativa: els delegats i delegades verdes de cada classe de prim\u00e0ria, els mestres de la comissi\u00f3 [&hellip;]<\/p>\n","protected":false},"author":1,"featured_media":7013,"comment_status":"open","ping_status":"closed","sticky":false,"template":"","format":"standard","meta":{"_bbp_topic_count":0,"_bbp_reply_count":0,"_bbp_total_topic_count":0,"_bbp_total_reply_count":0,"_bbp_voice_count":0,"_bbp_anonymous_reply_count":0,"_bbp_topic_count_hidden":0,"_bbp_reply_count_hidden":0,"_bbp_forum_subforum_count":0,"site-sidebar-layout":"default","site-content-layout":"","ast-site-content-layout":"","site-content-style":"default","site-sidebar-style":"default","ast-global-header-display":"","ast-banner-title-visibility":"","ast-main-header-display":"","ast-hfb-above-header-display":"","ast-hfb-below-header-display":"","ast-hfb-mobile-header-display":"","site-post-title":"","ast-breadcrumbs-content":"","ast-featured-img":"","footer-sml-layout":"","theme-transparent-header-meta":"","adv-header-id-meta":"","stick-header-meta":"","header-above-stick-meta":"","header-main-stick-meta":"","header-below-stick-meta":"","astra-migrate-meta-layouts":"default","ast-page-background-enabled":"default","ast-page-background-meta":{"desktop":{"background-color":"var(--ast-global-color-4)","background-image":"","background-repeat":"repeat","background-position":"center center","background-size":"auto","background-attachment":"scroll","background-type":"","background-media":"","overlay-type":"","overlay-color":"","overlay-opacity":"","overlay-gradient":""},"tablet":{"background-color":"","background-image":"","background-repeat":"repeat","background-position":"center center","background-size":"auto","background-attachment":"scroll","background-type":"","background-media":"","overlay-type":"","overlay-color":"","overlay-opacity":"","overlay-gradient":""},"mobile":{"background-color":"","background-image":"","background-repeat":"repeat","background-position":"center center","background-size":"auto","background-attachment":"scroll","background-type":"","background-media":"","overlay-type":"","overlay-color":"","overlay-opacity":"","overlay-gradient":""}},"ast-content-background-meta":{"desktop":{"background-color":"var(--ast-global-color-5)","background-image":"","background-repeat":"repeat","background-position":"center center","background-size":"auto","background-attachment":"scroll","background-type":"","background-media":"","overlay-type":"","overlay-color":"","overlay-opacity":"","overlay-gradient":""},"tablet":{"background-color":"var(--ast-global-color-5)","background-image":"","background-repeat":"repeat","background-position":"center center","background-size":"auto","background-attachment":"scroll","background-type":"","background-media":"","overlay-type":"","overlay-color":"","overlay-opacity":"","overlay-gradient":""},"mobile":{"background-color":"var(--ast-global-color-5)","background-image":"","background-repeat":"repeat","background-position":"center center","background-size":"auto","background-attachment":"scroll","background-type":"","background-media":"","overlay-type":"","overlay-color":"","overlay-opacity":"","overlay-gradient":""}},"footnotes":""},"categories":[73,1,4],"tags":[78,107],"class_list":["post-7012","post","type-post","status-publish","format-standard","has-post-thumbnail","hentry","category-ev","category-general","category-portada","tag-comite-ambiental","tag-escoles-verdes"],"post_mailing_queue_ids":[],"_links":{"self":[{"href":"https:\/\/agora.xtec.cat\/ceiplessavines\/wp-json\/wp\/v2\/posts\/7012","targetHints":{"allow":["GET"]}}],"collection":[{"href":"https:\/\/agora.xtec.cat\/ceiplessavines\/wp-json\/wp\/v2\/posts"}],"about":[{"href":"https:\/\/agora.xtec.cat\/ceiplessavines\/wp-json\/wp\/v2\/types\/post"}],"author":[{"embeddable":true,"href":"https:\/\/agora.xtec.cat\/ceiplessavines\/wp-json\/wp\/v2\/users\/1"}],"replies":[{"embeddable":true,"href":"https:\/\/agora.xtec.cat\/ceiplessavines\/wp-json\/wp\/v2\/comments?post=7012"}],"version-history":[{"count":1,"href":"https:\/\/agora.xtec.cat\/ceiplessavines\/wp-json\/wp\/v2\/posts\/7012\/revisions"}],"predecessor-version":[{"id":7015,"href":"https:\/\/agora.xtec.cat\/ceiplessavines\/wp-json\/wp\/v2\/posts\/7012\/revisions\/7015"}],"wp:featuredmedia":[{"embeddable":true,"href":"https:\/\/agora.xtec.cat\/ceiplessavines\/wp-json\/wp\/v2\/media\/7013"}],"wp:attachment":[{"href":"https:\/\/agora.xtec.cat\/ceiplessavines\/wp-json\/wp\/v2\/media?parent=7012"}],"wp:term":[{"taxonomy":"category","embeddable":true,"href":"https:\/\/agora.xtec.cat\/ceiplessavines\/wp-json\/wp\/v2\/categories?post=7012"},{"taxonomy":"post_tag","embeddable":true,"href":"https:\/\/agora.xtec.cat\/ceiplessavines\/wp-json\/wp\/v2\/tags?post=7012"}],"curies":[{"name":"wp","href":"https:\/\/api.w.org\/{rel}","templated":true}]}}