{"id":6763,"date":"2021-11-25T11:21:29","date_gmt":"2021-11-25T10:21:29","guid":{"rendered":"https:\/\/agora.xtec.cat\/ceiplessavines\/?p=6763"},"modified":"2021-11-25T11:21:29","modified_gmt":"2021-11-25T10:21:29","slug":"celebrem-la-setmana-europea-de-prevencio-de-residus","status":"publish","type":"post","link":"https:\/\/agora.xtec.cat\/ceiplessavines\/portada\/celebrem-la-setmana-europea-de-prevencio-de-residus\/","title":{"rendered":"Celebrem la setmana Europea de Prevenci\u00f3 de Residus"},"content":{"rendered":"<p><img loading=\"lazy\" decoding=\"async\" class=\"alignleft wp-image-6764 size-thumbnail\" src=\"https:\/\/agora.xtec.cat\/ceiplessavines\/wp-content\/uploads\/usu230\/2021\/11\/setmana-europea-150x150.jpg\" alt=\"\" width=\"150\" height=\"150\" \/>Durant la setmana del 20 al 28 de novembre es celebra la Setmana Europea de Prevenci\u00f3 de Residus i com cada any, a l&#8217;escola, tamb\u00e9 fem una acci\u00f3 per conscienciar-nos.<\/p>\n<p>La setmana passada, del dilluns 15 de novembre al divendres 19, cada aula va omplir una graella per comprovar si &#8220;separem b\u00e9 les deixalles&#8221;. Cada tarda, mir\u00e0vem totes les papereres que tenim a l&#8217;aula i revis\u00e0vem si hav\u00edem fet una bona separaci\u00f3 de tots els residus generats. Totes les graelles, les hem exposat al punt verd, per poder fer-ne una valoraci\u00f3 i si s&#8217;escau, fer una millora de la separaci\u00f3 de residus que fem a l&#8217;escola.<\/p>\n<p><img loading=\"lazy\" decoding=\"async\" class=\"aligncenter wp-image-6766 size-medium\" src=\"https:\/\/agora.xtec.cat\/ceiplessavines\/wp-content\/uploads\/usu230\/2021\/11\/8AFDB873-CBD4-4766-928C-EC1C90817EAA-300x225.jpg\" alt=\"\" width=\"300\" height=\"225\" srcset=\"https:\/\/agora.xtec.cat\/ceiplessavines\/wp-content\/uploads\/usu230\/2021\/11\/8AFDB873-CBD4-4766-928C-EC1C90817EAA-300x225.jpg 300w, https:\/\/agora.xtec.cat\/ceiplessavines\/wp-content\/uploads\/usu230\/2021\/11\/8AFDB873-CBD4-4766-928C-EC1C90817EAA-1024x768.jpg 1024w, https:\/\/agora.xtec.cat\/ceiplessavines\/wp-content\/uploads\/usu230\/2021\/11\/8AFDB873-CBD4-4766-928C-EC1C90817EAA-768x576.jpg 768w, https:\/\/agora.xtec.cat\/ceiplessavines\/wp-content\/uploads\/usu230\/2021\/11\/8AFDB873-CBD4-4766-928C-EC1C90817EAA-1536x1152.jpg 1536w, https:\/\/agora.xtec.cat\/ceiplessavines\/wp-content\/uploads\/usu230\/2021\/11\/8AFDB873-CBD4-4766-928C-EC1C90817EAA-2048x1536.jpg 2048w, https:\/\/agora.xtec.cat\/ceiplessavines\/wp-content\/uploads\/usu230\/2021\/11\/8AFDB873-CBD4-4766-928C-EC1C90817EAA-200x150.jpg 200w\" sizes=\"auto, (max-width: 300px) 100vw, 300px\" \/><\/p>\n<p>Tamb\u00e9 hem recollit, durant una setmana, la quantitat de paper d&#8217;eixugar-nos les mans, ja que \u00e9s el residu que m\u00e9s generem. Al punt verd de l&#8217;escola, hem exposat f\u00edsicament totes les bosses recollides, i cada aula ha pesat la quantitat de massa que ha recollit, i ho hem anotat en una graella conjunta.<\/p>\n<p><img loading=\"lazy\" decoding=\"async\" class=\"wp-image-6768 size-medium alignleft\" src=\"https:\/\/agora.xtec.cat\/ceiplessavines\/wp-content\/uploads\/usu230\/2021\/11\/6CCDBA1A-5798-4891-8CE8-FF1FCC5B88E9-300x225.jpg\" alt=\"\" width=\"300\" height=\"225\" srcset=\"https:\/\/agora.xtec.cat\/ceiplessavines\/wp-content\/uploads\/usu230\/2021\/11\/6CCDBA1A-5798-4891-8CE8-FF1FCC5B88E9-300x225.jpg 300w, https:\/\/agora.xtec.cat\/ceiplessavines\/wp-content\/uploads\/usu230\/2021\/11\/6CCDBA1A-5798-4891-8CE8-FF1FCC5B88E9-1024x768.jpg 1024w, https:\/\/agora.xtec.cat\/ceiplessavines\/wp-content\/uploads\/usu230\/2021\/11\/6CCDBA1A-5798-4891-8CE8-FF1FCC5B88E9-768x576.jpg 768w, https:\/\/agora.xtec.cat\/ceiplessavines\/wp-content\/uploads\/usu230\/2021\/11\/6CCDBA1A-5798-4891-8CE8-FF1FCC5B88E9-1536x1152.jpg 1536w, https:\/\/agora.xtec.cat\/ceiplessavines\/wp-content\/uploads\/usu230\/2021\/11\/6CCDBA1A-5798-4891-8CE8-FF1FCC5B88E9-2048x1536.jpg 2048w, https:\/\/agora.xtec.cat\/ceiplessavines\/wp-content\/uploads\/usu230\/2021\/11\/6CCDBA1A-5798-4891-8CE8-FF1FCC5B88E9-200x150.jpg 200w\" sizes=\"auto, (max-width: 300px) 100vw, 300px\" \/> <img loading=\"lazy\" decoding=\"async\" class=\"wp-image-6769 size-medium alignleft\" src=\"https:\/\/agora.xtec.cat\/ceiplessavines\/wp-content\/uploads\/usu230\/2021\/11\/21262BED-4E27-4270-9435-D667EB063979-300x225.jpg\" alt=\"\" width=\"300\" height=\"225\" srcset=\"https:\/\/agora.xtec.cat\/ceiplessavines\/wp-content\/uploads\/usu230\/2021\/11\/21262BED-4E27-4270-9435-D667EB063979-300x225.jpg 300w, https:\/\/agora.xtec.cat\/ceiplessavines\/wp-content\/uploads\/usu230\/2021\/11\/21262BED-4E27-4270-9435-D667EB063979-1024x768.jpg 1024w, https:\/\/agora.xtec.cat\/ceiplessavines\/wp-content\/uploads\/usu230\/2021\/11\/21262BED-4E27-4270-9435-D667EB063979-768x576.jpg 768w, https:\/\/agora.xtec.cat\/ceiplessavines\/wp-content\/uploads\/usu230\/2021\/11\/21262BED-4E27-4270-9435-D667EB063979-1536x1152.jpg 1536w, https:\/\/agora.xtec.cat\/ceiplessavines\/wp-content\/uploads\/usu230\/2021\/11\/21262BED-4E27-4270-9435-D667EB063979-2048x1536.jpg 2048w, https:\/\/agora.xtec.cat\/ceiplessavines\/wp-content\/uploads\/usu230\/2021\/11\/21262BED-4E27-4270-9435-D667EB063979-200x150.jpg 200w\" sizes=\"auto, (max-width: 300px) 100vw, 300px\" \/><\/p>\n<p>&nbsp;<\/p>\n<p>&nbsp;<\/p>\n<p>&nbsp;<\/p>\n<p>&nbsp;<\/p>\n<p>&nbsp;<\/p>\n<p>&nbsp;<\/p>\n<p>Ara, durant els pr\u00f2xims dies, cada aula, anir\u00e0 passant pel punt verd a observar totes aquestes dades i a reflexionar sobre qu\u00e8 podem fer entre tots i totes per millorar aquestes dues accions i reduir el consum de paper d&#8217;eixugar les mans.<\/p>\n<p>El divendres 3 de desembre, els delegats i delegades verdes de l&#8217;escola faran una nova reuni\u00f3 per posar en com\u00fa totes les idees, i decidir les futures accions que farem.<\/p>\n<h4 style=\"text-align: center;\"><span style=\"color: #339966;\">Els petits canvis, comencen per un mateix!<\/span><\/h4>\n","protected":false},"excerpt":{"rendered":"<p>Durant la setmana del 20 al 28 de novembre es celebra la Setmana Europea de Prevenci\u00f3 de Residus i com cada any, a l&#8217;escola, tamb\u00e9 fem una acci\u00f3 per conscienciar-nos. La setmana passada, del dilluns 15 de novembre al divendres 19, cada aula va omplir una graella per comprovar si &#8220;separem b\u00e9 les deixalles&#8221;. Cada [&hellip;]<\/p>\n","protected":false},"author":1,"featured_media":6768,"comment_status":"open","ping_status":"closed","sticky":false,"template":"","format":"standard","meta":{"_bbp_topic_count":0,"_bbp_reply_count":0,"_bbp_total_topic_count":0,"_bbp_total_reply_count":0,"_bbp_voice_count":0,"_bbp_anonymous_reply_count":0,"_bbp_topic_count_hidden":0,"_bbp_reply_count_hidden":0,"_bbp_forum_subforum_count":0,"site-sidebar-layout":"default","site-content-layout":"","ast-site-content-layout":"","site-content-style":"default","site-sidebar-style":"default","ast-global-header-display":"","ast-banner-title-visibility":"","ast-main-header-display":"","ast-hfb-above-header-display":"","ast-hfb-below-header-display":"","ast-hfb-mobile-header-display":"","site-post-title":"","ast-breadcrumbs-content":"","ast-featured-img":"","footer-sml-layout":"","theme-transparent-header-meta":"","adv-header-id-meta":"","stick-header-meta":"","header-above-stick-meta":"","header-main-stick-meta":"","header-below-stick-meta":"","astra-migrate-meta-layouts":"default","ast-page-background-enabled":"default","ast-page-background-meta":{"desktop":{"background-color":"var(--ast-global-color-4)","background-image":"","background-repeat":"repeat","background-position":"center center","background-size":"auto","background-attachment":"scroll","background-type":"","background-media":"","overlay-type":"","overlay-color":"","overlay-opacity":"","overlay-gradient":""},"tablet":{"background-color":"","background-image":"","background-repeat":"repeat","background-position":"center center","background-size":"auto","background-attachment":"scroll","background-type":"","background-media":"","overlay-type":"","overlay-color":"","overlay-opacity":"","overlay-gradient":""},"mobile":{"background-color":"","background-image":"","background-repeat":"repeat","background-position":"center center","background-size":"auto","background-attachment":"scroll","background-type":"","background-media":"","overlay-type":"","overlay-color":"","overlay-opacity":"","overlay-gradient":""}},"ast-content-background-meta":{"desktop":{"background-color":"var(--ast-global-color-5)","background-image":"","background-repeat":"repeat","background-position":"center center","background-size":"auto","background-attachment":"scroll","background-type":"","background-media":"","overlay-type":"","overlay-color":"","overlay-opacity":"","overlay-gradient":""},"tablet":{"background-color":"var(--ast-global-color-5)","background-image":"","background-repeat":"repeat","background-position":"center center","background-size":"auto","background-attachment":"scroll","background-type":"","background-media":"","overlay-type":"","overlay-color":"","overlay-opacity":"","overlay-gradient":""},"mobile":{"background-color":"var(--ast-global-color-5)","background-image":"","background-repeat":"repeat","background-position":"center center","background-size":"auto","background-attachment":"scroll","background-type":"","background-media":"","overlay-type":"","overlay-color":"","overlay-opacity":"","overlay-gradient":""}},"footnotes":""},"categories":[73,4],"tags":[107],"class_list":["post-6763","post","type-post","status-publish","format-standard","has-post-thumbnail","hentry","category-ev","category-portada","tag-escoles-verdes"],"post_mailing_queue_ids":[],"_links":{"self":[{"href":"https:\/\/agora.xtec.cat\/ceiplessavines\/wp-json\/wp\/v2\/posts\/6763","targetHints":{"allow":["GET"]}}],"collection":[{"href":"https:\/\/agora.xtec.cat\/ceiplessavines\/wp-json\/wp\/v2\/posts"}],"about":[{"href":"https:\/\/agora.xtec.cat\/ceiplessavines\/wp-json\/wp\/v2\/types\/post"}],"author":[{"embeddable":true,"href":"https:\/\/agora.xtec.cat\/ceiplessavines\/wp-json\/wp\/v2\/users\/1"}],"replies":[{"embeddable":true,"href":"https:\/\/agora.xtec.cat\/ceiplessavines\/wp-json\/wp\/v2\/comments?post=6763"}],"version-history":[{"count":3,"href":"https:\/\/agora.xtec.cat\/ceiplessavines\/wp-json\/wp\/v2\/posts\/6763\/revisions"}],"predecessor-version":[{"id":6771,"href":"https:\/\/agora.xtec.cat\/ceiplessavines\/wp-json\/wp\/v2\/posts\/6763\/revisions\/6771"}],"wp:featuredmedia":[{"embeddable":true,"href":"https:\/\/agora.xtec.cat\/ceiplessavines\/wp-json\/wp\/v2\/media\/6768"}],"wp:attachment":[{"href":"https:\/\/agora.xtec.cat\/ceiplessavines\/wp-json\/wp\/v2\/media?parent=6763"}],"wp:term":[{"taxonomy":"category","embeddable":true,"href":"https:\/\/agora.xtec.cat\/ceiplessavines\/wp-json\/wp\/v2\/categories?post=6763"},{"taxonomy":"post_tag","embeddable":true,"href":"https:\/\/agora.xtec.cat\/ceiplessavines\/wp-json\/wp\/v2\/tags?post=6763"}],"curies":[{"name":"wp","href":"https:\/\/api.w.org\/{rel}","templated":true}]}}