{"id":6694,"date":"2021-11-12T12:18:53","date_gmt":"2021-11-12T11:18:53","guid":{"rendered":"https:\/\/agora.xtec.cat\/ceiplessavines\/?p=6694"},"modified":"2021-11-12T12:18:53","modified_gmt":"2021-11-12T11:18:53","slug":"comencen-les-trobades-de-delegats-i-delegades-verdes","status":"publish","type":"post","link":"https:\/\/agora.xtec.cat\/ceiplessavines\/portada\/comencen-les-trobades-de-delegats-i-delegades-verdes\/","title":{"rendered":"Comencen les trobades de delegats i delegades verdes"},"content":{"rendered":"<p>Avui divendres 12 de novembre hem fet la primera trobada de delegats i delegades verdes d&#8217;aquest curs.<\/p>\n<p>Ens hem trobat tots els delegats i les delegades de les diferents classes: el Marc de 1r, l&#8217;Ona de 2n, l&#8217;Evelina de 3r, l&#8217;Arlet de 4t (com a substituta de la Kadijatou), la Paula de 5\u00e8 i la Carla de 6\u00e8; juntament amb els mestres de l&#8217;escola responsables de la comissi\u00f3 d&#8217;escoles verdes.<\/p>\n<p><img loading=\"lazy\" decoding=\"async\" class=\"alignnone size-full wp-image-6696\" src=\"https:\/\/agora.xtec.cat\/ceiplessavines\/wp-content\/uploads\/usu230\/2021\/11\/5CEAFABF-F3CE-48FC-A505-CAD39D3A8DF8.jpg\" alt=\"\" width=\"1600\" height=\"1200\" srcset=\"https:\/\/agora.xtec.cat\/ceiplessavines\/wp-content\/uploads\/usu230\/2021\/11\/5CEAFABF-F3CE-48FC-A505-CAD39D3A8DF8.jpg 1600w, https:\/\/agora.xtec.cat\/ceiplessavines\/wp-content\/uploads\/usu230\/2021\/11\/5CEAFABF-F3CE-48FC-A505-CAD39D3A8DF8-300x225.jpg 300w, https:\/\/agora.xtec.cat\/ceiplessavines\/wp-content\/uploads\/usu230\/2021\/11\/5CEAFABF-F3CE-48FC-A505-CAD39D3A8DF8-1024x768.jpg 1024w, https:\/\/agora.xtec.cat\/ceiplessavines\/wp-content\/uploads\/usu230\/2021\/11\/5CEAFABF-F3CE-48FC-A505-CAD39D3A8DF8-768x576.jpg 768w, https:\/\/agora.xtec.cat\/ceiplessavines\/wp-content\/uploads\/usu230\/2021\/11\/5CEAFABF-F3CE-48FC-A505-CAD39D3A8DF8-1536x1152.jpg 1536w, https:\/\/agora.xtec.cat\/ceiplessavines\/wp-content\/uploads\/usu230\/2021\/11\/5CEAFABF-F3CE-48FC-A505-CAD39D3A8DF8-200x150.jpg 200w\" sizes=\"auto, (max-width: 1600px) 100vw, 1600px\" \/><\/p>\n<p>En aquesta primera trobada, a part de presentar-nos i fer mem\u00f2ria de les tasques que fem els delegats i delegades verdes, tamb\u00e9 hem comen\u00e7at a preparar les activitats que farem durant la setmana europea de prevenci\u00f3 de residus.<\/p>\n<p>Durant les pr\u00f2ximes setmanes, ens centrarem a observar i analitzar si separem b\u00e9 les deixalles a l&#8217;aula i a calcular la quantitat de paper d&#8217;eixugar les mans que generem a les aules i quines accions podrem fer per reduir-ne el seu consum.<\/p>\n","protected":false},"excerpt":{"rendered":"<p>Avui divendres 12 de novembre hem fet la primera trobada de delegats i delegades verdes d&#8217;aquest curs. Ens hem trobat tots els delegats i les delegades de les diferents classes: el Marc de 1r, l&#8217;Ona de 2n, l&#8217;Evelina de 3r, l&#8217;Arlet de 4t (com a substituta de la Kadijatou), la Paula de 5\u00e8 i la [&hellip;]<\/p>\n","protected":false},"author":1,"featured_media":6696,"comment_status":"open","ping_status":"closed","sticky":false,"template":"","format":"standard","meta":{"_bbp_topic_count":0,"_bbp_reply_count":0,"_bbp_total_topic_count":0,"_bbp_total_reply_count":0,"_bbp_voice_count":0,"_bbp_anonymous_reply_count":0,"_bbp_topic_count_hidden":0,"_bbp_reply_count_hidden":0,"_bbp_forum_subforum_count":0,"site-sidebar-layout":"default","site-content-layout":"","ast-site-content-layout":"","site-content-style":"default","site-sidebar-style":"default","ast-global-header-display":"","ast-banner-title-visibility":"","ast-main-header-display":"","ast-hfb-above-header-display":"","ast-hfb-below-header-display":"","ast-hfb-mobile-header-display":"","site-post-title":"","ast-breadcrumbs-content":"","ast-featured-img":"","footer-sml-layout":"","theme-transparent-header-meta":"","adv-header-id-meta":"","stick-header-meta":"","header-above-stick-meta":"","header-main-stick-meta":"","header-below-stick-meta":"","astra-migrate-meta-layouts":"default","ast-page-background-enabled":"default","ast-page-background-meta":{"desktop":{"background-color":"var(--ast-global-color-4)","background-image":"","background-repeat":"repeat","background-position":"center center","background-size":"auto","background-attachment":"scroll","background-type":"","background-media":"","overlay-type":"","overlay-color":"","overlay-opacity":"","overlay-gradient":""},"tablet":{"background-color":"","background-image":"","background-repeat":"repeat","background-position":"center center","background-size":"auto","background-attachment":"scroll","background-type":"","background-media":"","overlay-type":"","overlay-color":"","overlay-opacity":"","overlay-gradient":""},"mobile":{"background-color":"","background-image":"","background-repeat":"repeat","background-position":"center center","background-size":"auto","background-attachment":"scroll","background-type":"","background-media":"","overlay-type":"","overlay-color":"","overlay-opacity":"","overlay-gradient":""}},"ast-content-background-meta":{"desktop":{"background-color":"var(--ast-global-color-5)","background-image":"","background-repeat":"repeat","background-position":"center center","background-size":"auto","background-attachment":"scroll","background-type":"","background-media":"","overlay-type":"","overlay-color":"","overlay-opacity":"","overlay-gradient":""},"tablet":{"background-color":"var(--ast-global-color-5)","background-image":"","background-repeat":"repeat","background-position":"center center","background-size":"auto","background-attachment":"scroll","background-type":"","background-media":"","overlay-type":"","overlay-color":"","overlay-opacity":"","overlay-gradient":""},"mobile":{"background-color":"var(--ast-global-color-5)","background-image":"","background-repeat":"repeat","background-position":"center center","background-size":"auto","background-attachment":"scroll","background-type":"","background-media":"","overlay-type":"","overlay-color":"","overlay-opacity":"","overlay-gradient":""}},"footnotes":""},"categories":[73,4],"tags":[],"class_list":["post-6694","post","type-post","status-publish","format-standard","has-post-thumbnail","hentry","category-ev","category-portada"],"post_mailing_queue_ids":[],"_links":{"self":[{"href":"https:\/\/agora.xtec.cat\/ceiplessavines\/wp-json\/wp\/v2\/posts\/6694","targetHints":{"allow":["GET"]}}],"collection":[{"href":"https:\/\/agora.xtec.cat\/ceiplessavines\/wp-json\/wp\/v2\/posts"}],"about":[{"href":"https:\/\/agora.xtec.cat\/ceiplessavines\/wp-json\/wp\/v2\/types\/post"}],"author":[{"embeddable":true,"href":"https:\/\/agora.xtec.cat\/ceiplessavines\/wp-json\/wp\/v2\/users\/1"}],"replies":[{"embeddable":true,"href":"https:\/\/agora.xtec.cat\/ceiplessavines\/wp-json\/wp\/v2\/comments?post=6694"}],"version-history":[{"count":1,"href":"https:\/\/agora.xtec.cat\/ceiplessavines\/wp-json\/wp\/v2\/posts\/6694\/revisions"}],"predecessor-version":[{"id":6697,"href":"https:\/\/agora.xtec.cat\/ceiplessavines\/wp-json\/wp\/v2\/posts\/6694\/revisions\/6697"}],"wp:featuredmedia":[{"embeddable":true,"href":"https:\/\/agora.xtec.cat\/ceiplessavines\/wp-json\/wp\/v2\/media\/6696"}],"wp:attachment":[{"href":"https:\/\/agora.xtec.cat\/ceiplessavines\/wp-json\/wp\/v2\/media?parent=6694"}],"wp:term":[{"taxonomy":"category","embeddable":true,"href":"https:\/\/agora.xtec.cat\/ceiplessavines\/wp-json\/wp\/v2\/categories?post=6694"},{"taxonomy":"post_tag","embeddable":true,"href":"https:\/\/agora.xtec.cat\/ceiplessavines\/wp-json\/wp\/v2\/tags?post=6694"}],"curies":[{"name":"wp","href":"https:\/\/api.w.org\/{rel}","templated":true}]}}