{"id":6353,"date":"2021-06-03T16:22:28","date_gmt":"2021-06-03T14:22:28","guid":{"rendered":"https:\/\/agora.xtec.cat\/ceiplessavines\/?p=6353"},"modified":"2021-06-03T16:24:46","modified_gmt":"2021-06-03T14:24:46","slug":"invencibles-la-canco-de-4t","status":"publish","type":"post","link":"https:\/\/agora.xtec.cat\/ceiplessavines\/general\/invencibles-la-canco-de-4t\/","title":{"rendered":"INVENCIBLES LA CAN\u00c7O DE 4T"},"content":{"rendered":"<p align=\"justify\"><span style=\"color: #000000\"><span style=\"font-size: large\">Dijous 29 d&#8217;abril del 2021 a les 11:30 del migdia els companys i companyes de la classe de 4<sup>t<\/sup> de l&#8217;escola Les Savines a l&#8217;hora de musica vam treballar la can\u00e7\u00f3 que sonar\u00e0 a les 9:00 del mat\u00ed i a les 15:00 de la tarda a l&#8217;entrar. Cada classe posa una can\u00e7\u00f3 durant 1 setmana aproximadament. Primer el que vam fer \u00e9s escoltar la can\u00e7\u00f3 que ens va triar la nostra mestra de musica. Tamb\u00e9 vam aprendre la lletra de la can\u00e7\u00f3 que es titula INVENCIBLE i vam fer una coreografia. Tamb\u00e9 ens van donar un full petit i vam dibuixar un dibuix que representa amb el que som invencibles i vam escriure una frase de la can\u00e7\u00f3 i amb el que som invencibles. La nostra mestra de m\u00fasica ens ha explicat perqu\u00e8 va triar aquesta can\u00e7\u00f3: perqu\u00e8 diu que la classe de 4<sup>t<\/sup> \u00e9s invencible, que cada alumne de 4<sup>t<\/sup> \u00e9s invencible amb algo. Tenim sort de tenir una mestra de m\u00fasica que sap com som, \u00e9s amable i ens vol molt. T\u00b4estimem molt, Desir\u00e9e la millor mestra de musica!!!<\/span><\/span><\/p>\n<p><span style=\"color: #000000\">Aqu\u00ed us deixem el link de la can\u00e7\u00f3 perqu\u00e8 la pugueu escoltar.<\/span><\/p>\n<p><span style=\"color: #000000\"><span style=\"font-size: 300%\">c<\/span><\/span><a href=\"https:\/\/www.youtube.com\/watch?v=OO3kH9mlEMk\"><span style=\"color: #000000\"><span style=\"font-size: 300%\">an\u00e7<\/span><\/span><span style=\"color: #000000\"><span style=\"font-size: 300%\">\u00f3<\/span><\/span><span style=\"color: #000000\"><span style=\"font-size: 300%\"> invencibles<\/span><\/span><\/a><\/p>\n","protected":false},"excerpt":{"rendered":"<p>Dijous 29 d&#8217;abril del 2021 a les 11:30 del migdia els companys i companyes de la classe de 4t de l&#8217;escola Les Savines a l&#8217;hora de musica vam treballar la can\u00e7\u00f3 que sonar\u00e0 a les 9:00 del mat\u00ed i a les 15:00 de la tarda a l&#8217;entrar. Cada classe posa una can\u00e7\u00f3 durant 1 setmana [&hellip;]<\/p>\n","protected":false},"author":8,"featured_media":6355,"comment_status":"open","ping_status":"closed","sticky":false,"template":"","format":"standard","meta":{"_bbp_topic_count":0,"_bbp_reply_count":0,"_bbp_total_topic_count":0,"_bbp_total_reply_count":0,"_bbp_voice_count":0,"_bbp_anonymous_reply_count":0,"_bbp_topic_count_hidden":0,"_bbp_reply_count_hidden":0,"_bbp_forum_subforum_count":0,"site-sidebar-layout":"default","site-content-layout":"","ast-site-content-layout":"","site-content-style":"default","site-sidebar-style":"default","ast-global-header-display":"","ast-banner-title-visibility":"","ast-main-header-display":"","ast-hfb-above-header-display":"","ast-hfb-below-header-display":"","ast-hfb-mobile-header-display":"","site-post-title":"","ast-breadcrumbs-content":"","ast-featured-img":"","footer-sml-layout":"","theme-transparent-header-meta":"","adv-header-id-meta":"","stick-header-meta":"","header-above-stick-meta":"","header-main-stick-meta":"","header-below-stick-meta":"","astra-migrate-meta-layouts":"default","ast-page-background-enabled":"default","ast-page-background-meta":{"desktop":{"background-color":"var(--ast-global-color-4)","background-image":"","background-repeat":"repeat","background-position":"center center","background-size":"auto","background-attachment":"scroll","background-type":"","background-media":"","overlay-type":"","overlay-color":"","overlay-opacity":"","overlay-gradient":""},"tablet":{"background-color":"","background-image":"","background-repeat":"repeat","background-position":"center center","background-size":"auto","background-attachment":"scroll","background-type":"","background-media":"","overlay-type":"","overlay-color":"","overlay-opacity":"","overlay-gradient":""},"mobile":{"background-color":"","background-image":"","background-repeat":"repeat","background-position":"center center","background-size":"auto","background-attachment":"scroll","background-type":"","background-media":"","overlay-type":"","overlay-color":"","overlay-opacity":"","overlay-gradient":""}},"ast-content-background-meta":{"desktop":{"background-color":"var(--ast-global-color-5)","background-image":"","background-repeat":"repeat","background-position":"center center","background-size":"auto","background-attachment":"scroll","background-type":"","background-media":"","overlay-type":"","overlay-color":"","overlay-opacity":"","overlay-gradient":""},"tablet":{"background-color":"var(--ast-global-color-5)","background-image":"","background-repeat":"repeat","background-position":"center center","background-size":"auto","background-attachment":"scroll","background-type":"","background-media":"","overlay-type":"","overlay-color":"","overlay-opacity":"","overlay-gradient":""},"mobile":{"background-color":"var(--ast-global-color-5)","background-image":"","background-repeat":"repeat","background-position":"center center","background-size":"auto","background-attachment":"scroll","background-type":"","background-media":"","overlay-type":"","overlay-color":"","overlay-opacity":"","overlay-gradient":""}},"footnotes":""},"categories":[1,4],"tags":[],"class_list":["post-6353","post","type-post","status-publish","format-standard","has-post-thumbnail","hentry","category-general","category-portada"],"post_mailing_queue_ids":[],"_links":{"self":[{"href":"https:\/\/agora.xtec.cat\/ceiplessavines\/wp-json\/wp\/v2\/posts\/6353","targetHints":{"allow":["GET"]}}],"collection":[{"href":"https:\/\/agora.xtec.cat\/ceiplessavines\/wp-json\/wp\/v2\/posts"}],"about":[{"href":"https:\/\/agora.xtec.cat\/ceiplessavines\/wp-json\/wp\/v2\/types\/post"}],"author":[{"embeddable":true,"href":"https:\/\/agora.xtec.cat\/ceiplessavines\/wp-json\/wp\/v2\/users\/8"}],"replies":[{"embeddable":true,"href":"https:\/\/agora.xtec.cat\/ceiplessavines\/wp-json\/wp\/v2\/comments?post=6353"}],"version-history":[{"count":2,"href":"https:\/\/agora.xtec.cat\/ceiplessavines\/wp-json\/wp\/v2\/posts\/6353\/revisions"}],"predecessor-version":[{"id":6359,"href":"https:\/\/agora.xtec.cat\/ceiplessavines\/wp-json\/wp\/v2\/posts\/6353\/revisions\/6359"}],"wp:featuredmedia":[{"embeddable":true,"href":"https:\/\/agora.xtec.cat\/ceiplessavines\/wp-json\/wp\/v2\/media\/6355"}],"wp:attachment":[{"href":"https:\/\/agora.xtec.cat\/ceiplessavines\/wp-json\/wp\/v2\/media?parent=6353"}],"wp:term":[{"taxonomy":"category","embeddable":true,"href":"https:\/\/agora.xtec.cat\/ceiplessavines\/wp-json\/wp\/v2\/categories?post=6353"},{"taxonomy":"post_tag","embeddable":true,"href":"https:\/\/agora.xtec.cat\/ceiplessavines\/wp-json\/wp\/v2\/tags?post=6353"}],"curies":[{"name":"wp","href":"https:\/\/api.w.org\/{rel}","templated":true}]}}