{"id":6258,"date":"2021-05-10T11:07:52","date_gmt":"2021-05-10T09:07:52","guid":{"rendered":"https:\/\/agora.xtec.cat\/ceiplessavines\/?p=6258"},"modified":"2021-05-10T11:07:52","modified_gmt":"2021-05-10T09:07:52","slug":"sortida-de-la-mona","status":"publish","type":"post","link":"https:\/\/agora.xtec.cat\/ceiplessavines\/general\/sortida-de-la-mona\/","title":{"rendered":"Sortida de la mona"},"content":{"rendered":"<p align=\"left\"><span style=\"font-family: Comic Sans MS, cursive\"><span style=\"font-size: x-large\"><span style=\"color: #000000\">Els nens i nenes de c<\/span><span style=\"color: #000000\">icle superior de l&#8217;escola de <\/span><span style=\"color: #000000\">L<\/span><span style=\"color: #000000\">es <\/span><span style=\"color: #000000\">S<\/span><span style=\"color: #000000\">avines vam <\/span><span style=\"color: #000000\">a<\/span><span style=\"color: #000000\">na<\/span><span style=\"color: #000000\">r<\/span><span style=\"color: #000000\"> d<\/span><span style=\"color: #000000\">&#8216;<\/span><span style=\"color: #000000\">excursi\u00f3 el divendres 26 de mar\u00e7 de 2021.<\/span><\/span><\/span><\/p>\n<p align=\"left\"><img loading=\"lazy\" decoding=\"async\" class=\"aligncenter size-medium wp-image-6261\" src=\"https:\/\/agora.xtec.cat\/ceiplessavines\/wp-content\/uploads\/usu230\/2021\/05\/IMG_8458.redimensionada-300x225.jpg\" alt=\"\" width=\"300\" height=\"225\" srcset=\"https:\/\/agora.xtec.cat\/ceiplessavines\/wp-content\/uploads\/usu230\/2021\/05\/IMG_8458.redimensionada-300x225.jpg 300w, https:\/\/agora.xtec.cat\/ceiplessavines\/wp-content\/uploads\/usu230\/2021\/05\/IMG_8458.redimensionada-768x576.jpg 768w, https:\/\/agora.xtec.cat\/ceiplessavines\/wp-content\/uploads\/usu230\/2021\/05\/IMG_8458.redimensionada.jpg 1024w, https:\/\/agora.xtec.cat\/ceiplessavines\/wp-content\/uploads\/usu230\/2021\/05\/IMG_8458.redimensionada-200x150.jpg 200w\" sizes=\"auto, (max-width: 300px) 100vw, 300px\" \/><\/p>\n<p align=\"left\"><span style=\"color: #000000\"><span style=\"font-family: Comic Sans MS, cursive\"><span style=\"font-size: x-large\">Aquesta excursi\u00f3 va ser caminant . Va ser una ruta especial que va ser de<b> Cervera <\/b>a <b>Verg\u00f3s<\/b>, de Verg\u00f3s a Fiol, de <b>Fiol<\/b> a <b>St. Pere el Gros<\/b> i de St. Pere el Gros a <b>Cervera.<\/b><\/span><\/span><\/span><\/p>\n<p align=\"left\"><img loading=\"lazy\" decoding=\"async\" class=\"aligncenter size-medium wp-image-6259\" src=\"https:\/\/agora.xtec.cat\/ceiplessavines\/wp-content\/uploads\/usu230\/2021\/05\/IMG_8468.redimensionada-225x300.jpg\" alt=\"\" width=\"225\" height=\"300\" srcset=\"https:\/\/agora.xtec.cat\/ceiplessavines\/wp-content\/uploads\/usu230\/2021\/05\/IMG_8468.redimensionada-225x300.jpg 225w, https:\/\/agora.xtec.cat\/ceiplessavines\/wp-content\/uploads\/usu230\/2021\/05\/IMG_8468.redimensionada.jpg 576w\" sizes=\"auto, (max-width: 225px) 100vw, 225px\" \/><\/p>\n<p align=\"left\"><span style=\"color: #000000\"><span style=\"font-family: Comic Sans MS, cursive\"><span style=\"font-size: x-large\">Aquesta excursi\u00f3 es va fer el dia de la <u><b>MONA<\/b><\/u><u><b> .<\/b><\/u><\/span><\/span><\/span><\/p>\n<p align=\"left\"><span style=\"color: #000000\"><span style=\"font-family: Comic Sans MS, cursive\"><span style=\"font-size: x-large\">La <u><b>MONA<\/b><\/u> d&#8217;aquest any ha sigut especial pel Covid-19. No hem menjat mona per\u00f2 ens han donat un ou de Pasqua. <img loading=\"lazy\" decoding=\"async\" class=\"aligncenter size-medium wp-image-6260\" src=\"https:\/\/agora.xtec.cat\/ceiplessavines\/wp-content\/uploads\/usu230\/2021\/05\/IMG_8473.redimensionada-300x225.jpg\" alt=\"\" width=\"300\" height=\"225\" srcset=\"https:\/\/agora.xtec.cat\/ceiplessavines\/wp-content\/uploads\/usu230\/2021\/05\/IMG_8473.redimensionada-300x225.jpg 300w, https:\/\/agora.xtec.cat\/ceiplessavines\/wp-content\/uploads\/usu230\/2021\/05\/IMG_8473.redimensionada-768x576.jpg 768w, https:\/\/agora.xtec.cat\/ceiplessavines\/wp-content\/uploads\/usu230\/2021\/05\/IMG_8473.redimensionada.jpg 1024w, https:\/\/agora.xtec.cat\/ceiplessavines\/wp-content\/uploads\/usu230\/2021\/05\/IMG_8473.redimensionada-200x150.jpg 200w\" sizes=\"auto, (max-width: 300px) 100vw, 300px\" \/>\u00a0<\/span><\/span><\/span><\/p>\n<p align=\"left\">\n","protected":false},"excerpt":{"rendered":"<p>Els nens i nenes de cicle superior de l&#8217;escola de Les Savines vam anar d&#8216;excursi\u00f3 el divendres 26 de mar\u00e7 de 2021. Aquesta excursi\u00f3 va ser caminant . Va ser una ruta especial que va ser de Cervera a Verg\u00f3s, de Verg\u00f3s a Fiol, de Fiol a St. Pere el Gros i de St. Pere [&hellip;]<\/p>\n","protected":false},"author":9,"featured_media":6260,"comment_status":"open","ping_status":"closed","sticky":false,"template":"","format":"standard","meta":{"_bbp_topic_count":0,"_bbp_reply_count":0,"_bbp_total_topic_count":0,"_bbp_total_reply_count":0,"_bbp_voice_count":0,"_bbp_anonymous_reply_count":0,"_bbp_topic_count_hidden":0,"_bbp_reply_count_hidden":0,"_bbp_forum_subforum_count":0,"site-sidebar-layout":"default","site-content-layout":"","ast-site-content-layout":"","site-content-style":"default","site-sidebar-style":"default","ast-global-header-display":"","ast-banner-title-visibility":"","ast-main-header-display":"","ast-hfb-above-header-display":"","ast-hfb-below-header-display":"","ast-hfb-mobile-header-display":"","site-post-title":"","ast-breadcrumbs-content":"","ast-featured-img":"","footer-sml-layout":"","theme-transparent-header-meta":"","adv-header-id-meta":"","stick-header-meta":"","header-above-stick-meta":"","header-main-stick-meta":"","header-below-stick-meta":"","astra-migrate-meta-layouts":"default","ast-page-background-enabled":"default","ast-page-background-meta":{"desktop":{"background-color":"var(--ast-global-color-4)","background-image":"","background-repeat":"repeat","background-position":"center center","background-size":"auto","background-attachment":"scroll","background-type":"","background-media":"","overlay-type":"","overlay-color":"","overlay-opacity":"","overlay-gradient":""},"tablet":{"background-color":"","background-image":"","background-repeat":"repeat","background-position":"center center","background-size":"auto","background-attachment":"scroll","background-type":"","background-media":"","overlay-type":"","overlay-color":"","overlay-opacity":"","overlay-gradient":""},"mobile":{"background-color":"","background-image":"","background-repeat":"repeat","background-position":"center center","background-size":"auto","background-attachment":"scroll","background-type":"","background-media":"","overlay-type":"","overlay-color":"","overlay-opacity":"","overlay-gradient":""}},"ast-content-background-meta":{"desktop":{"background-color":"var(--ast-global-color-5)","background-image":"","background-repeat":"repeat","background-position":"center center","background-size":"auto","background-attachment":"scroll","background-type":"","background-media":"","overlay-type":"","overlay-color":"","overlay-opacity":"","overlay-gradient":""},"tablet":{"background-color":"var(--ast-global-color-5)","background-image":"","background-repeat":"repeat","background-position":"center center","background-size":"auto","background-attachment":"scroll","background-type":"","background-media":"","overlay-type":"","overlay-color":"","overlay-opacity":"","overlay-gradient":""},"mobile":{"background-color":"var(--ast-global-color-5)","background-image":"","background-repeat":"repeat","background-position":"center center","background-size":"auto","background-attachment":"scroll","background-type":"","background-media":"","overlay-type":"","overlay-color":"","overlay-opacity":"","overlay-gradient":""}},"footnotes":""},"categories":[1],"tags":[49,16],"class_list":["post-6258","post","type-post","status-publish","format-standard","has-post-thumbnail","hentry","category-general","tag-5e","tag-sortides"],"post_mailing_queue_ids":[],"_links":{"self":[{"href":"https:\/\/agora.xtec.cat\/ceiplessavines\/wp-json\/wp\/v2\/posts\/6258","targetHints":{"allow":["GET"]}}],"collection":[{"href":"https:\/\/agora.xtec.cat\/ceiplessavines\/wp-json\/wp\/v2\/posts"}],"about":[{"href":"https:\/\/agora.xtec.cat\/ceiplessavines\/wp-json\/wp\/v2\/types\/post"}],"author":[{"embeddable":true,"href":"https:\/\/agora.xtec.cat\/ceiplessavines\/wp-json\/wp\/v2\/users\/9"}],"replies":[{"embeddable":true,"href":"https:\/\/agora.xtec.cat\/ceiplessavines\/wp-json\/wp\/v2\/comments?post=6258"}],"version-history":[{"count":1,"href":"https:\/\/agora.xtec.cat\/ceiplessavines\/wp-json\/wp\/v2\/posts\/6258\/revisions"}],"predecessor-version":[{"id":6262,"href":"https:\/\/agora.xtec.cat\/ceiplessavines\/wp-json\/wp\/v2\/posts\/6258\/revisions\/6262"}],"wp:featuredmedia":[{"embeddable":true,"href":"https:\/\/agora.xtec.cat\/ceiplessavines\/wp-json\/wp\/v2\/media\/6260"}],"wp:attachment":[{"href":"https:\/\/agora.xtec.cat\/ceiplessavines\/wp-json\/wp\/v2\/media?parent=6258"}],"wp:term":[{"taxonomy":"category","embeddable":true,"href":"https:\/\/agora.xtec.cat\/ceiplessavines\/wp-json\/wp\/v2\/categories?post=6258"},{"taxonomy":"post_tag","embeddable":true,"href":"https:\/\/agora.xtec.cat\/ceiplessavines\/wp-json\/wp\/v2\/tags?post=6258"}],"curies":[{"name":"wp","href":"https:\/\/api.w.org\/{rel}","templated":true}]}}