{"id":6144,"date":"2021-04-08T13:19:37","date_gmt":"2021-04-08T11:19:37","guid":{"rendered":"https:\/\/agora.xtec.cat\/ceiplessavines\/?p=6144"},"modified":"2021-04-08T13:34:58","modified_gmt":"2021-04-08T11:34:58","slug":"cohesio-de-grup","status":"publish","type":"post","link":"https:\/\/agora.xtec.cat\/ceiplessavines\/general\/projectes-descola\/ac\/cohesio-de-grup\/","title":{"rendered":"COHESI\u00d3 DE GRUP"},"content":{"rendered":"<p>La cohesi\u00f3 de grup \u00e9s un dels aspectes que no hem de descuidar mai doncs contribueix en gran mesura a que els resultats del treball cooperatiu siguin satisfactoris.<\/p>\n<p>Algunes de les din\u00e0miques que hem treballat a la classe de 2n s\u00f3n les seg\u00fcents:<\/p>\n<figure id=\"attachment_6146\" aria-describedby=\"caption-attachment-6146\" style=\"width: 1024px\" class=\"wp-caption aligncenter\"><a href=\"https:\/\/photos.google.com\/u\/2\/album\/AF1QipNRW0mI1sUqlJTe1WZAygW235YTVZhTlKOr0-Yq\"><img loading=\"lazy\" decoding=\"async\" class=\"wp-image-6146 size-large\" src=\"https:\/\/agora.xtec.cat\/ceiplessavines\/wp-content\/uploads\/usu230\/2021\/04\/DSCN6723.redimensionada-1024x768.jpg\" alt=\"Ens ajuda a preparar i sensibilitzar l'alumnat per treballar de forma cooperativa\" width=\"1024\" height=\"768\" srcset=\"https:\/\/agora.xtec.cat\/ceiplessavines\/wp-content\/uploads\/usu230\/2021\/04\/DSCN6723.redimensionada.jpg 1024w, https:\/\/agora.xtec.cat\/ceiplessavines\/wp-content\/uploads\/usu230\/2021\/04\/DSCN6723.redimensionada-300x225.jpg 300w, https:\/\/agora.xtec.cat\/ceiplessavines\/wp-content\/uploads\/usu230\/2021\/04\/DSCN6723.redimensionada-768x576.jpg 768w, https:\/\/agora.xtec.cat\/ceiplessavines\/wp-content\/uploads\/usu230\/2021\/04\/DSCN6723.redimensionada-200x150.jpg 200w\" sizes=\"auto, (max-width: 1024px) 100vw, 1024px\" \/><\/a><figcaption id=\"caption-attachment-6146\" class=\"wp-caption-text\">Din\u00e0mica de LA SERP. Ens ajuda a preparar i sensibilitzar l&#8217;alumnat per treballar de forma cooperativa.<\/figcaption><\/figure>\n<p>&nbsp;<\/p>\n<figure id=\"attachment_6153\" aria-describedby=\"caption-attachment-6153\" style=\"width: 1024px\" class=\"wp-caption aligncenter\"><a href=\"https:\/\/photos.google.com\/u\/2\/album\/AF1QipPLsDge9j6wWhkZwtC9bivXuOQSgCiktKpR-BA4\"><img loading=\"lazy\" decoding=\"async\" class=\"wp-image-6153 size-large\" src=\"https:\/\/agora.xtec.cat\/ceiplessavines\/wp-content\/uploads\/usu230\/2021\/04\/1611673898922.redimensionada-1024x766.jpg\" alt=\"\" width=\"1024\" height=\"766\" srcset=\"https:\/\/agora.xtec.cat\/ceiplessavines\/wp-content\/uploads\/usu230\/2021\/04\/1611673898922.redimensionada.jpg 1024w, https:\/\/agora.xtec.cat\/ceiplessavines\/wp-content\/uploads\/usu230\/2021\/04\/1611673898922.redimensionada-300x224.jpg 300w, https:\/\/agora.xtec.cat\/ceiplessavines\/wp-content\/uploads\/usu230\/2021\/04\/1611673898922.redimensionada-768x575.jpg 768w, https:\/\/agora.xtec.cat\/ceiplessavines\/wp-content\/uploads\/usu230\/2021\/04\/1611673898922.redimensionada-200x150.jpg 200w\" sizes=\"auto, (max-width: 1024px) 100vw, 1024px\" \/><\/a><figcaption id=\"caption-attachment-6153\" class=\"wp-caption-text\">LA MALETA. Facilita la interrelaci\u00f3, el coneixement mutu i la distensi\u00f3 dins el grup.<\/figcaption><\/figure>\n<p>&nbsp;<\/p>\n<figure id=\"attachment_6151\" aria-describedby=\"caption-attachment-6151\" style=\"width: 1024px\" class=\"wp-caption aligncenter\"><a href=\"https:\/\/photos.google.com\/u\/2\/album\/AF1QipN2jKK9htkcxVfUVXUW-F6iVR1XmiB6CRDSOtch\"><img loading=\"lazy\" decoding=\"async\" class=\"wp-image-6151 size-large\" src=\"https:\/\/agora.xtec.cat\/ceiplessavines\/wp-content\/uploads\/usu230\/2021\/04\/IMG_20210223_152336.redimensionada-1024x768.jpg\" alt=\"\" width=\"1024\" height=\"768\" srcset=\"https:\/\/agora.xtec.cat\/ceiplessavines\/wp-content\/uploads\/usu230\/2021\/04\/IMG_20210223_152336.redimensionada.jpg 1024w, https:\/\/agora.xtec.cat\/ceiplessavines\/wp-content\/uploads\/usu230\/2021\/04\/IMG_20210223_152336.redimensionada-300x225.jpg 300w, https:\/\/agora.xtec.cat\/ceiplessavines\/wp-content\/uploads\/usu230\/2021\/04\/IMG_20210223_152336.redimensionada-768x576.jpg 768w, https:\/\/agora.xtec.cat\/ceiplessavines\/wp-content\/uploads\/usu230\/2021\/04\/IMG_20210223_152336.redimensionada-200x150.jpg 200w\" sizes=\"auto, (max-width: 1024px) 100vw, 1024px\" \/><\/a><figcaption id=\"caption-attachment-6151\" class=\"wp-caption-text\">ORDRE PER AL\u00c7ADA AL BANC. Facilita el debat, el consens i la presa de decisions.<\/figcaption><\/figure>\n","protected":false},"excerpt":{"rendered":"<p>La cohesi\u00f3 de grup \u00e9s un dels aspectes que no hem de descuidar mai doncs contribueix en gran mesura a que els resultats del treball cooperatiu siguin satisfactoris. Algunes de les din\u00e0miques que hem treballat a la classe de 2n s\u00f3n les seg\u00fcents: &nbsp; &nbsp;<\/p>\n","protected":false},"author":16,"featured_media":6146,"comment_status":"open","ping_status":"closed","sticky":false,"template":"","format":"standard","meta":{"_bbp_topic_count":0,"_bbp_reply_count":0,"_bbp_total_topic_count":0,"_bbp_total_reply_count":0,"_bbp_voice_count":0,"_bbp_anonymous_reply_count":0,"_bbp_topic_count_hidden":0,"_bbp_reply_count_hidden":0,"_bbp_forum_subforum_count":0,"site-sidebar-layout":"default","site-content-layout":"","ast-site-content-layout":"","site-content-style":"default","site-sidebar-style":"default","ast-global-header-display":"","ast-banner-title-visibility":"","ast-main-header-display":"","ast-hfb-above-header-display":"","ast-hfb-below-header-display":"","ast-hfb-mobile-header-display":"","site-post-title":"","ast-breadcrumbs-content":"","ast-featured-img":"","footer-sml-layout":"","theme-transparent-header-meta":"","adv-header-id-meta":"","stick-header-meta":"","header-above-stick-meta":"","header-main-stick-meta":"","header-below-stick-meta":"","astra-migrate-meta-layouts":"default","ast-page-background-enabled":"default","ast-page-background-meta":{"desktop":{"background-color":"var(--ast-global-color-4)","background-image":"","background-repeat":"repeat","background-position":"center center","background-size":"auto","background-attachment":"scroll","background-type":"","background-media":"","overlay-type":"","overlay-color":"","overlay-opacity":"","overlay-gradient":""},"tablet":{"background-color":"","background-image":"","background-repeat":"repeat","background-position":"center center","background-size":"auto","background-attachment":"scroll","background-type":"","background-media":"","overlay-type":"","overlay-color":"","overlay-opacity":"","overlay-gradient":""},"mobile":{"background-color":"","background-image":"","background-repeat":"repeat","background-position":"center center","background-size":"auto","background-attachment":"scroll","background-type":"","background-media":"","overlay-type":"","overlay-color":"","overlay-opacity":"","overlay-gradient":""}},"ast-content-background-meta":{"desktop":{"background-color":"var(--ast-global-color-5)","background-image":"","background-repeat":"repeat","background-position":"center center","background-size":"auto","background-attachment":"scroll","background-type":"","background-media":"","overlay-type":"","overlay-color":"","overlay-opacity":"","overlay-gradient":""},"tablet":{"background-color":"var(--ast-global-color-5)","background-image":"","background-repeat":"repeat","background-position":"center center","background-size":"auto","background-attachment":"scroll","background-type":"","background-media":"","overlay-type":"","overlay-color":"","overlay-opacity":"","overlay-gradient":""},"mobile":{"background-color":"var(--ast-global-color-5)","background-image":"","background-repeat":"repeat","background-position":"center center","background-size":"auto","background-attachment":"scroll","background-type":"","background-media":"","overlay-type":"","overlay-color":"","overlay-opacity":"","overlay-gradient":""}},"footnotes":""},"categories":[60],"tags":[82],"class_list":["post-6144","post","type-post","status-publish","format-standard","has-post-thumbnail","hentry","category-ac","tag-dinamiques-de-cohesio"],"post_mailing_queue_ids":[],"_links":{"self":[{"href":"https:\/\/agora.xtec.cat\/ceiplessavines\/wp-json\/wp\/v2\/posts\/6144","targetHints":{"allow":["GET"]}}],"collection":[{"href":"https:\/\/agora.xtec.cat\/ceiplessavines\/wp-json\/wp\/v2\/posts"}],"about":[{"href":"https:\/\/agora.xtec.cat\/ceiplessavines\/wp-json\/wp\/v2\/types\/post"}],"author":[{"embeddable":true,"href":"https:\/\/agora.xtec.cat\/ceiplessavines\/wp-json\/wp\/v2\/users\/16"}],"replies":[{"embeddable":true,"href":"https:\/\/agora.xtec.cat\/ceiplessavines\/wp-json\/wp\/v2\/comments?post=6144"}],"version-history":[{"count":4,"href":"https:\/\/agora.xtec.cat\/ceiplessavines\/wp-json\/wp\/v2\/posts\/6144\/revisions"}],"predecessor-version":[{"id":6157,"href":"https:\/\/agora.xtec.cat\/ceiplessavines\/wp-json\/wp\/v2\/posts\/6144\/revisions\/6157"}],"wp:featuredmedia":[{"embeddable":true,"href":"https:\/\/agora.xtec.cat\/ceiplessavines\/wp-json\/wp\/v2\/media\/6146"}],"wp:attachment":[{"href":"https:\/\/agora.xtec.cat\/ceiplessavines\/wp-json\/wp\/v2\/media?parent=6144"}],"wp:term":[{"taxonomy":"category","embeddable":true,"href":"https:\/\/agora.xtec.cat\/ceiplessavines\/wp-json\/wp\/v2\/categories?post=6144"},{"taxonomy":"post_tag","embeddable":true,"href":"https:\/\/agora.xtec.cat\/ceiplessavines\/wp-json\/wp\/v2\/tags?post=6144"}],"curies":[{"name":"wp","href":"https:\/\/api.w.org\/{rel}","templated":true}]}}