{"id":5958,"date":"2021-02-09T13:09:18","date_gmt":"2021-02-09T12:09:18","guid":{"rendered":"https:\/\/agora.xtec.cat\/ceiplessavines\/?p=5958"},"modified":"2021-02-09T13:09:43","modified_gmt":"2021-02-09T12:09:43","slug":"excursion-a-la-parroquia-y-a-la-paeria","status":"publish","type":"post","link":"https:\/\/agora.xtec.cat\/ceiplessavines\/portada\/excursion-a-la-parroquia-y-a-la-paeria\/","title":{"rendered":"Excursi\u00f3n a la Parroquia y a la Paeria"},"content":{"rendered":"<p lang=\"es-ES\"><span style=\"color: #1c1c1c\"><span style=\"font-family: Arial, sans-serif\"><span style=\"font-size: medium\">El d\u00eda 3 de febrero del 2021 la clase de 5<sup>\u00ba <\/sup>fuimos a visitar la iglesia de Santa Maria y tambi\u00e9n la Paeria de Cervera porque ya pronto ser\u00e1 la Fiesta Mayor de Cervera. Salimos del colegio a las 9:25h y llegamos a la Parroquia a las 10:00h.<\/span><\/span><\/span><\/p>\n<p lang=\"es-ES\"><span style=\"color: #1c1c1c\"><span style=\"font-family: Arial, sans-serif\"><span style=\"font-size: medium\">Cuando llegamos a la Plaza Mayor nos estaba esperando nuestro gu\u00eda, Armand. Primero nos explic\u00f3 cosas de la historia de Cervera y de la Paeria: que naci\u00f3 el a\u00f1o 1.026, como fue creciendo, como es su escudo, que quiere decir Paeria&#8230;<\/span><\/span><\/span><\/p>\n<p lang=\"es-ES\"><img loading=\"lazy\" decoding=\"async\" class=\"aligncenter size-medium wp-image-5960\" src=\"https:\/\/agora.xtec.cat\/ceiplessavines\/wp-content\/uploads\/usu230\/2021\/02\/CIMG7174.redimensionada-300x225.jpg\" alt=\"\" width=\"300\" height=\"225\" srcset=\"https:\/\/agora.xtec.cat\/ceiplessavines\/wp-content\/uploads\/usu230\/2021\/02\/CIMG7174.redimensionada-300x225.jpg 300w, https:\/\/agora.xtec.cat\/ceiplessavines\/wp-content\/uploads\/usu230\/2021\/02\/CIMG7174.redimensionada-768x576.jpg 768w, https:\/\/agora.xtec.cat\/ceiplessavines\/wp-content\/uploads\/usu230\/2021\/02\/CIMG7174.redimensionada.jpg 1024w, https:\/\/agora.xtec.cat\/ceiplessavines\/wp-content\/uploads\/usu230\/2021\/02\/CIMG7174.redimensionada-200x150.jpg 200w\" sizes=\"auto, (max-width: 300px) 100vw, 300px\" \/><\/p>\n<p lang=\"es-ES\"><span style=\"font-family: Arial, sans-serif\"><span style=\"font-size: medium\">Una vez a la Parroquia, Armand nos habl\u00f3 sobre su arquitectura y de la Fiesta Mayor de Invierno. Hemos aprendido mucho sobre el G\u00f3tico y el Barroco. <\/span><\/span><\/p>\n<p lang=\"es-ES\"><img loading=\"lazy\" decoding=\"async\" class=\"aligncenter size-medium wp-image-5961\" src=\"https:\/\/agora.xtec.cat\/ceiplessavines\/wp-content\/uploads\/usu230\/2021\/02\/CIMG7185.redimensionada-300x225.jpg\" alt=\"\" width=\"300\" height=\"225\" srcset=\"https:\/\/agora.xtec.cat\/ceiplessavines\/wp-content\/uploads\/usu230\/2021\/02\/CIMG7185.redimensionada-300x225.jpg 300w, https:\/\/agora.xtec.cat\/ceiplessavines\/wp-content\/uploads\/usu230\/2021\/02\/CIMG7185.redimensionada-768x576.jpg 768w, https:\/\/agora.xtec.cat\/ceiplessavines\/wp-content\/uploads\/usu230\/2021\/02\/CIMG7185.redimensionada.jpg 1024w, https:\/\/agora.xtec.cat\/ceiplessavines\/wp-content\/uploads\/usu230\/2021\/02\/CIMG7185.redimensionada-200x150.jpg 200w\" sizes=\"auto, (max-width: 300px) 100vw, 300px\" \/><\/p>\n<p lang=\"es-ES\" align=\"left\"><span style=\"font-family: Arial, sans-serif\"><span style=\"font-size: medium\">Mas tarde fuimos a la Paeria de Cervera para visitar la exposici\u00f3n de los elementos municipales que salen por la Fiesta Mayor. <\/span><\/span><\/p>\n<p lang=\"es-ES\" align=\"left\"><img loading=\"lazy\" decoding=\"async\" class=\"aligncenter size-medium wp-image-5962\" src=\"https:\/\/agora.xtec.cat\/ceiplessavines\/wp-content\/uploads\/usu230\/2021\/02\/CIMG7193.redimensionada-300x225.jpg\" alt=\"\" width=\"300\" height=\"225\" srcset=\"https:\/\/agora.xtec.cat\/ceiplessavines\/wp-content\/uploads\/usu230\/2021\/02\/CIMG7193.redimensionada-300x225.jpg 300w, https:\/\/agora.xtec.cat\/ceiplessavines\/wp-content\/uploads\/usu230\/2021\/02\/CIMG7193.redimensionada-768x576.jpg 768w, https:\/\/agora.xtec.cat\/ceiplessavines\/wp-content\/uploads\/usu230\/2021\/02\/CIMG7193.redimensionada.jpg 1024w, https:\/\/agora.xtec.cat\/ceiplessavines\/wp-content\/uploads\/usu230\/2021\/02\/CIMG7193.redimensionada-200x150.jpg 200w\" sizes=\"auto, (max-width: 300px) 100vw, 300px\" \/><\/p>\n<p lang=\"es-ES\" align=\"left\"><span style=\"color: #1c1c1c\"><span style=\"font-family: Arial, sans-serif\"><span style=\"font-size: medium\">Para finalizar fuimos a un parque y luego volvimos a la escuela.<\/span><\/span><\/span><\/p>\n","protected":false},"excerpt":{"rendered":"<p>El d\u00eda 3 de febrero del 2021 la clase de 5\u00ba fuimos a visitar la iglesia de Santa Maria y tambi\u00e9n la Paeria de Cervera porque ya pronto ser\u00e1 la Fiesta Mayor de Cervera. Salimos del colegio a las 9:25h y llegamos a la Parroquia a las 10:00h. Cuando llegamos a la Plaza Mayor nos [&hellip;]<\/p>\n","protected":false},"author":9,"featured_media":5962,"comment_status":"open","ping_status":"closed","sticky":false,"template":"","format":"standard","meta":{"_bbp_topic_count":0,"_bbp_reply_count":0,"_bbp_total_topic_count":0,"_bbp_total_reply_count":0,"_bbp_voice_count":0,"_bbp_anonymous_reply_count":0,"_bbp_topic_count_hidden":0,"_bbp_reply_count_hidden":0,"_bbp_forum_subforum_count":0,"site-sidebar-layout":"default","site-content-layout":"","ast-site-content-layout":"","site-content-style":"default","site-sidebar-style":"default","ast-global-header-display":"","ast-banner-title-visibility":"","ast-main-header-display":"","ast-hfb-above-header-display":"","ast-hfb-below-header-display":"","ast-hfb-mobile-header-display":"","site-post-title":"","ast-breadcrumbs-content":"","ast-featured-img":"","footer-sml-layout":"","theme-transparent-header-meta":"","adv-header-id-meta":"","stick-header-meta":"","header-above-stick-meta":"","header-main-stick-meta":"","header-below-stick-meta":"","astra-migrate-meta-layouts":"default","ast-page-background-enabled":"default","ast-page-background-meta":{"desktop":{"background-color":"var(--ast-global-color-4)","background-image":"","background-repeat":"repeat","background-position":"center center","background-size":"auto","background-attachment":"scroll","background-type":"","background-media":"","overlay-type":"","overlay-color":"","overlay-opacity":"","overlay-gradient":""},"tablet":{"background-color":"","background-image":"","background-repeat":"repeat","background-position":"center center","background-size":"auto","background-attachment":"scroll","background-type":"","background-media":"","overlay-type":"","overlay-color":"","overlay-opacity":"","overlay-gradient":""},"mobile":{"background-color":"","background-image":"","background-repeat":"repeat","background-position":"center center","background-size":"auto","background-attachment":"scroll","background-type":"","background-media":"","overlay-type":"","overlay-color":"","overlay-opacity":"","overlay-gradient":""}},"ast-content-background-meta":{"desktop":{"background-color":"var(--ast-global-color-5)","background-image":"","background-repeat":"repeat","background-position":"center center","background-size":"auto","background-attachment":"scroll","background-type":"","background-media":"","overlay-type":"","overlay-color":"","overlay-opacity":"","overlay-gradient":""},"tablet":{"background-color":"var(--ast-global-color-5)","background-image":"","background-repeat":"repeat","background-position":"center center","background-size":"auto","background-attachment":"scroll","background-type":"","background-media":"","overlay-type":"","overlay-color":"","overlay-opacity":"","overlay-gradient":""},"mobile":{"background-color":"var(--ast-global-color-5)","background-image":"","background-repeat":"repeat","background-position":"center center","background-size":"auto","background-attachment":"scroll","background-type":"","background-media":"","overlay-type":"","overlay-color":"","overlay-opacity":"","overlay-gradient":""}},"footnotes":""},"categories":[4],"tags":[49,16],"class_list":["post-5958","post","type-post","status-publish","format-standard","has-post-thumbnail","hentry","category-portada","tag-5e","tag-sortides"],"post_mailing_queue_ids":[],"_links":{"self":[{"href":"https:\/\/agora.xtec.cat\/ceiplessavines\/wp-json\/wp\/v2\/posts\/5958","targetHints":{"allow":["GET"]}}],"collection":[{"href":"https:\/\/agora.xtec.cat\/ceiplessavines\/wp-json\/wp\/v2\/posts"}],"about":[{"href":"https:\/\/agora.xtec.cat\/ceiplessavines\/wp-json\/wp\/v2\/types\/post"}],"author":[{"embeddable":true,"href":"https:\/\/agora.xtec.cat\/ceiplessavines\/wp-json\/wp\/v2\/users\/9"}],"replies":[{"embeddable":true,"href":"https:\/\/agora.xtec.cat\/ceiplessavines\/wp-json\/wp\/v2\/comments?post=5958"}],"version-history":[{"count":2,"href":"https:\/\/agora.xtec.cat\/ceiplessavines\/wp-json\/wp\/v2\/posts\/5958\/revisions"}],"predecessor-version":[{"id":5963,"href":"https:\/\/agora.xtec.cat\/ceiplessavines\/wp-json\/wp\/v2\/posts\/5958\/revisions\/5963"}],"wp:featuredmedia":[{"embeddable":true,"href":"https:\/\/agora.xtec.cat\/ceiplessavines\/wp-json\/wp\/v2\/media\/5962"}],"wp:attachment":[{"href":"https:\/\/agora.xtec.cat\/ceiplessavines\/wp-json\/wp\/v2\/media?parent=5958"}],"wp:term":[{"taxonomy":"category","embeddable":true,"href":"https:\/\/agora.xtec.cat\/ceiplessavines\/wp-json\/wp\/v2\/categories?post=5958"},{"taxonomy":"post_tag","embeddable":true,"href":"https:\/\/agora.xtec.cat\/ceiplessavines\/wp-json\/wp\/v2\/tags?post=5958"}],"curies":[{"name":"wp","href":"https:\/\/api.w.org\/{rel}","templated":true}]}}