{"id":5712,"date":"2020-10-29T15:57:02","date_gmt":"2020-10-29T14:57:02","guid":{"rendered":"https:\/\/agora.xtec.cat\/ceiplessavines\/?p=5712"},"modified":"2020-10-29T15:57:02","modified_gmt":"2020-10-29T14:57:02","slug":"excursio-a-l-observatori-de-pujalt","status":"publish","type":"post","link":"https:\/\/agora.xtec.cat\/ceiplessavines\/general\/excursio-a-l-observatori-de-pujalt\/","title":{"rendered":"EXCURSI\u00d3 A L&#8217; OBSERVATORI DE PUJALT."},"content":{"rendered":"<p>&nbsp;<\/p>\n<p><img loading=\"lazy\" decoding=\"async\" class=\" wp-image-5713 aligncenter\" src=\"https:\/\/agora.xtec.cat\/ceiplessavines\/wp-content\/uploads\/usu230\/2020\/10\/IMG_20201020_110326.redimensionada.jpg\" alt=\"\" width=\"473\" height=\"355\" srcset=\"https:\/\/agora.xtec.cat\/ceiplessavines\/wp-content\/uploads\/usu230\/2020\/10\/IMG_20201020_110326.redimensionada.jpg 640w, https:\/\/agora.xtec.cat\/ceiplessavines\/wp-content\/uploads\/usu230\/2020\/10\/IMG_20201020_110326.redimensionada-300x225.jpg 300w, https:\/\/agora.xtec.cat\/ceiplessavines\/wp-content\/uploads\/usu230\/2020\/10\/IMG_20201020_110326.redimensionada-200x150.jpg 200w\" sizes=\"auto, (max-width: 473px) 100vw, 473px\" \/><\/p>\n<p>&nbsp;<\/p>\n<p>Els alumnes de 5<sup>\u00e8<\/sup> vam anar d\u2019excursi\u00f3 a l\u2019observatori de Pujalt el dimarts 20 d\u2019octubre.<\/p>\n<p>Quan vam arribar vam con\u00e8ixer l\u2019Albert, ell ens explicaria els diferents aparells que tenien, com per exemple el pluvi\u00f2metre electr\u00f2nic o el bar\u00f2metre.<\/p>\n<p>Entre tots vam fer una observaci\u00f3 meteorol\u00f2gica on vam calcular la precipitaci\u00f3, vam descobrir quins meteors caracteritzaven el dia, la direcci\u00f3 i la velocitat del vent, la temperatura en sec i humida, la humitat, etc.<\/p>\n<p>L\u2019Albert tamb\u00e9 ens va ensenyar com pod\u00edem orientar-nos mitjan\u00e7ant un rellotge o b\u00e9 utilitzant el sol i el nostre cos.<\/p>\n<p>Despr\u00e9s vam fer diversos experiments per entendre la for\u00e7a de l\u2019aire, que passa amb un cos si li traiem l\u2019aire que l\u2019envolta, com es formen els n\u00favols, i que l\u2019aigua tot i estar a una temperatura de -0 a vegades no es congela.<\/p>\n<p>Per acabar vam dinar a la pista esportiva i desafortunadament a causa de la pluja vam haver de tornar m\u00e9s aviat cap a l\u2019 escola.<\/p>\n<p style=\"text-align: right;\"><em>Alumnes de 5\u00e8<\/em><\/p>\n","protected":false},"excerpt":{"rendered":"<p>&nbsp; &nbsp; Els alumnes de 5\u00e8 vam anar d\u2019excursi\u00f3 a l\u2019observatori de Pujalt el dimarts 20 d\u2019octubre. Quan vam arribar vam con\u00e8ixer l\u2019Albert, ell ens explicaria els diferents aparells que tenien, com per exemple el pluvi\u00f2metre electr\u00f2nic o el bar\u00f2metre. Entre tots vam fer una observaci\u00f3 meteorol\u00f2gica on vam calcular la precipitaci\u00f3, vam descobrir quins [&hellip;]<\/p>\n","protected":false},"author":1,"featured_media":5714,"comment_status":"open","ping_status":"closed","sticky":false,"template":"","format":"standard","meta":{"_bbp_topic_count":0,"_bbp_reply_count":0,"_bbp_total_topic_count":0,"_bbp_total_reply_count":0,"_bbp_voice_count":0,"_bbp_anonymous_reply_count":0,"_bbp_topic_count_hidden":0,"_bbp_reply_count_hidden":0,"_bbp_forum_subforum_count":0,"site-sidebar-layout":"default","site-content-layout":"","ast-site-content-layout":"","site-content-style":"default","site-sidebar-style":"default","ast-global-header-display":"","ast-banner-title-visibility":"","ast-main-header-display":"","ast-hfb-above-header-display":"","ast-hfb-below-header-display":"","ast-hfb-mobile-header-display":"","site-post-title":"","ast-breadcrumbs-content":"","ast-featured-img":"","footer-sml-layout":"","theme-transparent-header-meta":"","adv-header-id-meta":"","stick-header-meta":"","header-above-stick-meta":"","header-main-stick-meta":"","header-below-stick-meta":"","astra-migrate-meta-layouts":"default","ast-page-background-enabled":"default","ast-page-background-meta":{"desktop":{"background-color":"var(--ast-global-color-4)","background-image":"","background-repeat":"repeat","background-position":"center center","background-size":"auto","background-attachment":"scroll","background-type":"","background-media":"","overlay-type":"","overlay-color":"","overlay-opacity":"","overlay-gradient":""},"tablet":{"background-color":"","background-image":"","background-repeat":"repeat","background-position":"center center","background-size":"auto","background-attachment":"scroll","background-type":"","background-media":"","overlay-type":"","overlay-color":"","overlay-opacity":"","overlay-gradient":""},"mobile":{"background-color":"","background-image":"","background-repeat":"repeat","background-position":"center center","background-size":"auto","background-attachment":"scroll","background-type":"","background-media":"","overlay-type":"","overlay-color":"","overlay-opacity":"","overlay-gradient":""}},"ast-content-background-meta":{"desktop":{"background-color":"var(--ast-global-color-5)","background-image":"","background-repeat":"repeat","background-position":"center center","background-size":"auto","background-attachment":"scroll","background-type":"","background-media":"","overlay-type":"","overlay-color":"","overlay-opacity":"","overlay-gradient":""},"tablet":{"background-color":"var(--ast-global-color-5)","background-image":"","background-repeat":"repeat","background-position":"center center","background-size":"auto","background-attachment":"scroll","background-type":"","background-media":"","overlay-type":"","overlay-color":"","overlay-opacity":"","overlay-gradient":""},"mobile":{"background-color":"var(--ast-global-color-5)","background-image":"","background-repeat":"repeat","background-position":"center center","background-size":"auto","background-attachment":"scroll","background-type":"","background-media":"","overlay-type":"","overlay-color":"","overlay-opacity":"","overlay-gradient":""}},"footnotes":""},"categories":[1,4],"tags":[49,104,89,16,45],"class_list":["post-5712","post","type-post","status-publish","format-standard","has-post-thumbnail","hentry","category-general","category-portada","tag-5e","tag-cicle-superior","tag-estacio-meteorologica","tag-sortides","tag-tallers"],"post_mailing_queue_ids":[],"_links":{"self":[{"href":"https:\/\/agora.xtec.cat\/ceiplessavines\/wp-json\/wp\/v2\/posts\/5712","targetHints":{"allow":["GET"]}}],"collection":[{"href":"https:\/\/agora.xtec.cat\/ceiplessavines\/wp-json\/wp\/v2\/posts"}],"about":[{"href":"https:\/\/agora.xtec.cat\/ceiplessavines\/wp-json\/wp\/v2\/types\/post"}],"author":[{"embeddable":true,"href":"https:\/\/agora.xtec.cat\/ceiplessavines\/wp-json\/wp\/v2\/users\/1"}],"replies":[{"embeddable":true,"href":"https:\/\/agora.xtec.cat\/ceiplessavines\/wp-json\/wp\/v2\/comments?post=5712"}],"version-history":[{"count":1,"href":"https:\/\/agora.xtec.cat\/ceiplessavines\/wp-json\/wp\/v2\/posts\/5712\/revisions"}],"predecessor-version":[{"id":5715,"href":"https:\/\/agora.xtec.cat\/ceiplessavines\/wp-json\/wp\/v2\/posts\/5712\/revisions\/5715"}],"wp:featuredmedia":[{"embeddable":true,"href":"https:\/\/agora.xtec.cat\/ceiplessavines\/wp-json\/wp\/v2\/media\/5714"}],"wp:attachment":[{"href":"https:\/\/agora.xtec.cat\/ceiplessavines\/wp-json\/wp\/v2\/media?parent=5712"}],"wp:term":[{"taxonomy":"category","embeddable":true,"href":"https:\/\/agora.xtec.cat\/ceiplessavines\/wp-json\/wp\/v2\/categories?post=5712"},{"taxonomy":"post_tag","embeddable":true,"href":"https:\/\/agora.xtec.cat\/ceiplessavines\/wp-json\/wp\/v2\/tags?post=5712"}],"curies":[{"name":"wp","href":"https:\/\/api.w.org\/{rel}","templated":true}]}}