{"id":5686,"date":"2020-10-06T12:27:52","date_gmt":"2020-10-06T10:27:52","guid":{"rendered":"https:\/\/agora.xtec.cat\/ceiplessavines\/?p=5686"},"modified":"2020-10-07T13:06:19","modified_gmt":"2020-10-07T11:06:19","slug":"de-lescola-nova-21-al-laboratori-de-transformacio-educativa","status":"publish","type":"post","link":"https:\/\/agora.xtec.cat\/ceiplessavines\/general\/de-lescola-nova-21-al-laboratori-de-transformacio-educativa\/","title":{"rendered":"DE L&#8217;ESCOLA NOVA 21 AL LABORATORI DE TRANSFORMACI\u00d3 EDUCATIVA."},"content":{"rendered":"<p><img loading=\"lazy\" decoding=\"async\" class=\"wp-image-5689 aligncenter\" src=\"https:\/\/agora.xtec.cat\/ceiplessavines\/wp-content\/uploads\/usu230\/2020\/10\/IMG-20201006-WA0005-e1602067656353.jpg\" alt=\"\" width=\"470\" height=\"289\" srcset=\"https:\/\/agora.xtec.cat\/ceiplessavines\/wp-content\/uploads\/usu230\/2020\/10\/IMG-20201006-WA0005-e1602067656353.jpg 1600w, https:\/\/agora.xtec.cat\/ceiplessavines\/wp-content\/uploads\/usu230\/2020\/10\/IMG-20201006-WA0005-e1602067656353-300x185.jpg 300w, https:\/\/agora.xtec.cat\/ceiplessavines\/wp-content\/uploads\/usu230\/2020\/10\/IMG-20201006-WA0005-e1602067656353-768x472.jpg 768w, https:\/\/agora.xtec.cat\/ceiplessavines\/wp-content\/uploads\/usu230\/2020\/10\/IMG-20201006-WA0005-e1602067656353-1024x630.jpg 1024w\" sizes=\"auto, (max-width: 470px) 100vw, 470px\" \/><\/p>\n<p>Com ja sabeu la nostra escola ha estat un dels centres de la mostra del projecte d&#8217;Escola Nova 21, que es va iniciar el curs 2016-17 i va finalitzar al curs 2019-20.<\/p>\n<p>El Departament d&#8217;Educaci\u00f3 ha donat continu\u00eftat al projecte d&#8217;Escola Nova 21 impulsant la creaci\u00f3 del Laboratori de Transformaci\u00f3 educativa.<\/p>\n<p>L&#8217;Escola Les Savines forma part d&#8217;aquest Laboratori com a un dels centres avan\u00e7ats.<\/p>\n<p>La finalitat del projecte del Laboratori de Transformaci\u00f3 educativa \u00e9s acompanyar a altres centres que volen comen\u00e7ar la seva transformaci\u00f3 per adaptar-se al nou paradigma de l&#8217;escola del segle XXI, a trav\u00e9s de:<\/p>\n<ul>\n<li>Incorporar com a cultura de centre, procediments i estrat\u00e8gies reflexius que\u00a0 possibilitin la transici\u00f3 sistem\u00e0tica des dels models tradicionals d\u2019ensenyament-aprenentatge al model definit pel marc de refer\u00e8ncia de la transformaci\u00f3 educativa, i que condueix a reformular el perfil competencial dels docents i la seva capacitaci\u00f3 i formaci\u00f3.<\/li>\n<li>Actualitzar els projectes educatius dels centres per incloure m\u00faltiples metodologies de treball globalitzat, l\u2019avaluaci\u00f3 formativa i competencial, la redefinici\u00f3 del prop\u00f2sit institucional i de l\u2019organitzaci\u00f3 del centre i la incorporaci\u00f3 de mesures universals d\u2019inclusi\u00f3 i equitat.<\/li>\n<li>Apoderar els centres educatius com a motor de canvi per aconseguir una ciutadania cr\u00edtica i solid\u00e0ria que vetlli per una conviv\u00e8ncia pac\u00edfica, responsable i conscient, capa\u00e7 d\u2019adaptar-se als reptes i a les aspiracions del segle XXI i de fomentar els valors i les compet\u00e8ncies adequades per aconseguir un creixement sostenible i inclusiu.<\/li>\n<\/ul>\n<p>El passat dimecres 30 de setembre, es va celebrar telem\u00e0ticament, la Jornada de benvinguda als centres del Laboratori de Transformaci\u00f3 Educativa. Hi van participar dos membres de l&#8217;Equip Impulsor de l&#8217;escola i dos mares de l&#8217;AMPA com a representaci\u00f3\u00a0 de les fam\u00edlies del centre.<\/p>\n<p>&nbsp;<\/p>\n","protected":false},"excerpt":{"rendered":"<p>Com ja sabeu la nostra escola ha estat un dels centres de la mostra del projecte d&#8217;Escola Nova 21, que es va iniciar el curs 2016-17 i va finalitzar al curs 2019-20. El Departament d&#8217;Educaci\u00f3 ha donat continu\u00eftat al projecte d&#8217;Escola Nova 21 impulsant la creaci\u00f3 del Laboratori de Transformaci\u00f3 educativa. L&#8217;Escola Les Savines forma [&hellip;]<\/p>\n","protected":false},"author":1,"featured_media":5624,"comment_status":"open","ping_status":"closed","sticky":false,"template":"","format":"standard","meta":{"_bbp_topic_count":0,"_bbp_reply_count":0,"_bbp_total_topic_count":0,"_bbp_total_reply_count":0,"_bbp_voice_count":0,"_bbp_anonymous_reply_count":0,"_bbp_topic_count_hidden":0,"_bbp_reply_count_hidden":0,"_bbp_forum_subforum_count":0,"site-sidebar-layout":"default","site-content-layout":"","ast-site-content-layout":"","site-content-style":"default","site-sidebar-style":"default","ast-global-header-display":"","ast-banner-title-visibility":"","ast-main-header-display":"","ast-hfb-above-header-display":"","ast-hfb-below-header-display":"","ast-hfb-mobile-header-display":"","site-post-title":"","ast-breadcrumbs-content":"","ast-featured-img":"","footer-sml-layout":"","theme-transparent-header-meta":"","adv-header-id-meta":"","stick-header-meta":"","header-above-stick-meta":"","header-main-stick-meta":"","header-below-stick-meta":"","astra-migrate-meta-layouts":"default","ast-page-background-enabled":"default","ast-page-background-meta":{"desktop":{"background-color":"var(--ast-global-color-4)","background-image":"","background-repeat":"repeat","background-position":"center center","background-size":"auto","background-attachment":"scroll","background-type":"","background-media":"","overlay-type":"","overlay-color":"","overlay-opacity":"","overlay-gradient":""},"tablet":{"background-color":"","background-image":"","background-repeat":"repeat","background-position":"center center","background-size":"auto","background-attachment":"scroll","background-type":"","background-media":"","overlay-type":"","overlay-color":"","overlay-opacity":"","overlay-gradient":""},"mobile":{"background-color":"","background-image":"","background-repeat":"repeat","background-position":"center center","background-size":"auto","background-attachment":"scroll","background-type":"","background-media":"","overlay-type":"","overlay-color":"","overlay-opacity":"","overlay-gradient":""}},"ast-content-background-meta":{"desktop":{"background-color":"var(--ast-global-color-5)","background-image":"","background-repeat":"repeat","background-position":"center center","background-size":"auto","background-attachment":"scroll","background-type":"","background-media":"","overlay-type":"","overlay-color":"","overlay-opacity":"","overlay-gradient":""},"tablet":{"background-color":"var(--ast-global-color-5)","background-image":"","background-repeat":"repeat","background-position":"center center","background-size":"auto","background-attachment":"scroll","background-type":"","background-media":"","overlay-type":"","overlay-color":"","overlay-opacity":"","overlay-gradient":""},"mobile":{"background-color":"var(--ast-global-color-5)","background-image":"","background-repeat":"repeat","background-position":"center center","background-size":"auto","background-attachment":"scroll","background-type":"","background-media":"","overlay-type":"","overlay-color":"","overlay-opacity":"","overlay-gradient":""}},"footnotes":""},"categories":[1,100,4,7],"tags":[120],"class_list":["post-5686","post","type-post","status-publish","format-standard","has-post-thumbnail","hentry","category-general","category-nova","category-portada","category-projectes-descola","tag-xarxes-de-transformacio-educativa"],"post_mailing_queue_ids":[],"_links":{"self":[{"href":"https:\/\/agora.xtec.cat\/ceiplessavines\/wp-json\/wp\/v2\/posts\/5686","targetHints":{"allow":["GET"]}}],"collection":[{"href":"https:\/\/agora.xtec.cat\/ceiplessavines\/wp-json\/wp\/v2\/posts"}],"about":[{"href":"https:\/\/agora.xtec.cat\/ceiplessavines\/wp-json\/wp\/v2\/types\/post"}],"author":[{"embeddable":true,"href":"https:\/\/agora.xtec.cat\/ceiplessavines\/wp-json\/wp\/v2\/users\/1"}],"replies":[{"embeddable":true,"href":"https:\/\/agora.xtec.cat\/ceiplessavines\/wp-json\/wp\/v2\/comments?post=5686"}],"version-history":[{"count":3,"href":"https:\/\/agora.xtec.cat\/ceiplessavines\/wp-json\/wp\/v2\/posts\/5686\/revisions"}],"predecessor-version":[{"id":5691,"href":"https:\/\/agora.xtec.cat\/ceiplessavines\/wp-json\/wp\/v2\/posts\/5686\/revisions\/5691"}],"wp:featuredmedia":[{"embeddable":true,"href":"https:\/\/agora.xtec.cat\/ceiplessavines\/wp-json\/wp\/v2\/media\/5624"}],"wp:attachment":[{"href":"https:\/\/agora.xtec.cat\/ceiplessavines\/wp-json\/wp\/v2\/media?parent=5686"}],"wp:term":[{"taxonomy":"category","embeddable":true,"href":"https:\/\/agora.xtec.cat\/ceiplessavines\/wp-json\/wp\/v2\/categories?post=5686"},{"taxonomy":"post_tag","embeddable":true,"href":"https:\/\/agora.xtec.cat\/ceiplessavines\/wp-json\/wp\/v2\/tags?post=5686"}],"curies":[{"name":"wp","href":"https:\/\/api.w.org\/{rel}","templated":true}]}}