{"id":5580,"date":"2020-06-05T16:54:23","date_gmt":"2020-06-05T14:54:23","guid":{"rendered":"https:\/\/agora.xtec.cat\/ceiplessavines\/?p=5580"},"modified":"2020-06-05T21:05:48","modified_gmt":"2020-06-05T19:05:48","slug":"la-flor-de-la","status":"publish","type":"post","link":"https:\/\/agora.xtec.cat\/ceiplessavines\/general\/la-flor-de-la\/","title":{"rendered":"LA FLOR DE LA&#8230;"},"content":{"rendered":"<p>Despr\u00e9s de tants dies de confinament, l&#8217;hort de l&#8217;escola tamb\u00e9 l&#8217;ha viscut i les plantes han continuat el seu cam\u00ed.<\/p>\n<p>Tenim un hort que no reconeixem, ple de males herbes, les bledes estan ben espigades a punt de treure la flor, les patates ja treuen el cap per ser collides, les cebes ja tenen la tija seca i els alls no hem pogut treure el coguls i segurament no han cabessat. Per\u00f2 fixeu-vos quina flor aparegut a l&#8217;hort. Crec que molts no l&#8217;hav\u00edem vist mai.<\/p>\n<p>Sabr\u00edeu dir de quina planta \u00e9s? el seu nom cient\u00edfic \u00e9s Cynara Scolymus.<img loading=\"lazy\" decoding=\"async\" class=\"size-medium wp-image-5581 aligncenter\" src=\"https:\/\/agora.xtec.cat\/ceiplessavines\/wp-content\/uploads\/usu230\/2020\/06\/IMG_7446-e1591368680637-300x300.jpg\" alt=\"\" width=\"300\" height=\"300\" srcset=\"https:\/\/agora.xtec.cat\/ceiplessavines\/wp-content\/uploads\/usu230\/2020\/06\/IMG_7446-e1591368680637-300x300.jpg 300w, https:\/\/agora.xtec.cat\/ceiplessavines\/wp-content\/uploads\/usu230\/2020\/06\/IMG_7446-e1591368680637-150x150.jpg 150w, https:\/\/agora.xtec.cat\/ceiplessavines\/wp-content\/uploads\/usu230\/2020\/06\/IMG_7446-e1591368680637.jpg 320w\" sizes=\"auto, (max-width: 300px) 100vw, 300px\" \/><\/p>\n<p>Sense el confinament, pot ser no l&#8217;hagu\u00e9ssim vist mai en natural.<\/p>\n","protected":false},"excerpt":{"rendered":"<p>Despr\u00e9s de tants dies de confinament, l&#8217;hort de l&#8217;escola tamb\u00e9 l&#8217;ha viscut i les plantes han continuat el seu cam\u00ed. Tenim un hort que no reconeixem, ple de males herbes, les bledes estan ben espigades a punt de treure la flor, les patates ja treuen el cap per ser collides, les cebes ja tenen la [&hellip;]<\/p>\n","protected":false},"author":9,"featured_media":5581,"comment_status":"open","ping_status":"closed","sticky":false,"template":"","format":"standard","meta":{"_bbp_topic_count":0,"_bbp_reply_count":0,"_bbp_total_topic_count":0,"_bbp_total_reply_count":0,"_bbp_voice_count":0,"_bbp_anonymous_reply_count":0,"_bbp_topic_count_hidden":0,"_bbp_reply_count_hidden":0,"_bbp_forum_subforum_count":0,"site-sidebar-layout":"default","site-content-layout":"","ast-site-content-layout":"","site-content-style":"default","site-sidebar-style":"default","ast-global-header-display":"","ast-banner-title-visibility":"","ast-main-header-display":"","ast-hfb-above-header-display":"","ast-hfb-below-header-display":"","ast-hfb-mobile-header-display":"","site-post-title":"","ast-breadcrumbs-content":"","ast-featured-img":"","footer-sml-layout":"","theme-transparent-header-meta":"","adv-header-id-meta":"","stick-header-meta":"","header-above-stick-meta":"","header-main-stick-meta":"","header-below-stick-meta":"","astra-migrate-meta-layouts":"default","ast-page-background-enabled":"default","ast-page-background-meta":{"desktop":{"background-color":"var(--ast-global-color-4)","background-image":"","background-repeat":"repeat","background-position":"center center","background-size":"auto","background-attachment":"scroll","background-type":"","background-media":"","overlay-type":"","overlay-color":"","overlay-opacity":"","overlay-gradient":""},"tablet":{"background-color":"","background-image":"","background-repeat":"repeat","background-position":"center center","background-size":"auto","background-attachment":"scroll","background-type":"","background-media":"","overlay-type":"","overlay-color":"","overlay-opacity":"","overlay-gradient":""},"mobile":{"background-color":"","background-image":"","background-repeat":"repeat","background-position":"center center","background-size":"auto","background-attachment":"scroll","background-type":"","background-media":"","overlay-type":"","overlay-color":"","overlay-opacity":"","overlay-gradient":""}},"ast-content-background-meta":{"desktop":{"background-color":"var(--ast-global-color-5)","background-image":"","background-repeat":"repeat","background-position":"center center","background-size":"auto","background-attachment":"scroll","background-type":"","background-media":"","overlay-type":"","overlay-color":"","overlay-opacity":"","overlay-gradient":""},"tablet":{"background-color":"var(--ast-global-color-5)","background-image":"","background-repeat":"repeat","background-position":"center center","background-size":"auto","background-attachment":"scroll","background-type":"","background-media":"","overlay-type":"","overlay-color":"","overlay-opacity":"","overlay-gradient":""},"mobile":{"background-color":"var(--ast-global-color-5)","background-image":"","background-repeat":"repeat","background-position":"center center","background-size":"auto","background-attachment":"scroll","background-type":"","background-media":"","overlay-type":"","overlay-color":"","overlay-opacity":"","overlay-gradient":""}},"footnotes":""},"categories":[73,1,4],"tags":[104,107,88],"class_list":["post-5580","post","type-post","status-publish","format-standard","has-post-thumbnail","hentry","category-ev","category-general","category-portada","tag-cicle-superior","tag-escoles-verdes","tag-hort"],"post_mailing_queue_ids":[],"_links":{"self":[{"href":"https:\/\/agora.xtec.cat\/ceiplessavines\/wp-json\/wp\/v2\/posts\/5580","targetHints":{"allow":["GET"]}}],"collection":[{"href":"https:\/\/agora.xtec.cat\/ceiplessavines\/wp-json\/wp\/v2\/posts"}],"about":[{"href":"https:\/\/agora.xtec.cat\/ceiplessavines\/wp-json\/wp\/v2\/types\/post"}],"author":[{"embeddable":true,"href":"https:\/\/agora.xtec.cat\/ceiplessavines\/wp-json\/wp\/v2\/users\/9"}],"replies":[{"embeddable":true,"href":"https:\/\/agora.xtec.cat\/ceiplessavines\/wp-json\/wp\/v2\/comments?post=5580"}],"version-history":[{"count":3,"href":"https:\/\/agora.xtec.cat\/ceiplessavines\/wp-json\/wp\/v2\/posts\/5580\/revisions"}],"predecessor-version":[{"id":5584,"href":"https:\/\/agora.xtec.cat\/ceiplessavines\/wp-json\/wp\/v2\/posts\/5580\/revisions\/5584"}],"wp:featuredmedia":[{"embeddable":true,"href":"https:\/\/agora.xtec.cat\/ceiplessavines\/wp-json\/wp\/v2\/media\/5581"}],"wp:attachment":[{"href":"https:\/\/agora.xtec.cat\/ceiplessavines\/wp-json\/wp\/v2\/media?parent=5580"}],"wp:term":[{"taxonomy":"category","embeddable":true,"href":"https:\/\/agora.xtec.cat\/ceiplessavines\/wp-json\/wp\/v2\/categories?post=5580"},{"taxonomy":"post_tag","embeddable":true,"href":"https:\/\/agora.xtec.cat\/ceiplessavines\/wp-json\/wp\/v2\/tags?post=5580"}],"curies":[{"name":"wp","href":"https:\/\/api.w.org\/{rel}","templated":true}]}}