{"id":5566,"date":"2020-06-01T12:19:39","date_gmt":"2020-06-01T10:19:39","guid":{"rendered":"https:\/\/agora.xtec.cat\/ceiplessavines\/?p=5566"},"modified":"2020-06-01T12:24:37","modified_gmt":"2020-06-01T10:24:37","slug":"acte-pel-medi-ambient-dona-la-nota","status":"publish","type":"post","link":"https:\/\/agora.xtec.cat\/ceiplessavines\/general\/acte-pel-medi-ambient-dona-la-nota\/","title":{"rendered":"ACTE PEL MEDI AMBIENT. Dona la nota!"},"content":{"rendered":"<p>Hola fam\u00edlies,<\/p>\n<p>El proper dia 5 de juny a les 11 del mat\u00ed es celebrar\u00e0 un acte virtual en commemoraci\u00f3 del dia mundial del medi ambient, organitzat pel camp d&#8217;aprenentatge <a href=\"https:\/\/www.2020.paucasals.org\/biografia\/\">PAU CASALS.\u00a0<\/a><\/p>\n<p>Un acte en el qual els nostres alumnes hi col\u00b7laboren fent cartells a partir de la can\u00e7\u00f3: <em>No ens desdibuixeu.\u00a0<\/em><\/p>\n<p>&nbsp;<\/p>\n<p style=\"text-align: center;\"><em>Fes clic a la imatge per escoltar la\u00a0<\/em><i>can\u00e7\u00f3<\/i><\/p>\n<p><a href=\"https:\/\/www.youtube.com\/watch?v=z5csyfS5B_o\"><img loading=\"lazy\" decoding=\"async\" class=\"aligncenter wp-image-5567\" src=\"https:\/\/agora.xtec.cat\/ceiplessavines\/wp-content\/uploads\/usu230\/2020\/06\/no-ens-desdibuixeu.jpg\" alt=\"\" width=\"287\" height=\"187\" srcset=\"https:\/\/agora.xtec.cat\/ceiplessavines\/wp-content\/uploads\/usu230\/2020\/06\/no-ens-desdibuixeu.jpg 757w, https:\/\/agora.xtec.cat\/ceiplessavines\/wp-content\/uploads\/usu230\/2020\/06\/no-ens-desdibuixeu-300x195.jpg 300w\" sizes=\"auto, (max-width: 287px) 100vw, 287px\" \/><\/a><\/p>\n<p>&nbsp;<\/p>\n<p>Us deixem m\u00e9s informaci\u00f3 sobre aquest acte virtual pel medi ambient.<\/p>\n<p>En aquest pdf tamb\u00e9 hi trobareu les pautes per poder-hi participar.<\/p>\n<p>&nbsp;<\/p>\n<p style=\"text-align: center;\"><em>fes clic sobre la imatge per obrir el pdf informatiu.<\/em><\/p>\n<p><a href=\"https:\/\/drive.google.com\/file\/d\/1fuqDfYHjGJT0555GEbxVRjPAMUHI0KUN\/view?usp=sharing\"><img loading=\"lazy\" decoding=\"async\" class=\"aligncenter size-full wp-image-5568\" src=\"https:\/\/agora.xtec.cat\/ceiplessavines\/wp-content\/uploads\/usu230\/2020\/06\/dona-la-nota.jpg\" alt=\"\" width=\"421\" height=\"453\" srcset=\"https:\/\/agora.xtec.cat\/ceiplessavines\/wp-content\/uploads\/usu230\/2020\/06\/dona-la-nota.jpg 421w, https:\/\/agora.xtec.cat\/ceiplessavines\/wp-content\/uploads\/usu230\/2020\/06\/dona-la-nota-279x300.jpg 279w\" sizes=\"auto, (max-width: 421px) 100vw, 421px\" \/><\/a><\/p>\n<p>&nbsp;<\/p>\n<p>Us animem a col\u00b7laborar a millorar el MEDI AMBIENT!<\/p>\n<p>&nbsp;<\/p>\n","protected":false},"excerpt":{"rendered":"<p>Hola fam\u00edlies, El proper dia 5 de juny a les 11 del mat\u00ed es celebrar\u00e0 un acte virtual en commemoraci\u00f3 del dia mundial del medi ambient, organitzat pel camp d&#8217;aprenentatge PAU CASALS.\u00a0 Un acte en el qual els nostres alumnes hi col\u00b7laboren fent cartells a partir de la can\u00e7\u00f3: No ens desdibuixeu.\u00a0 &nbsp; Fes clic [&hellip;]<\/p>\n","protected":false},"author":1,"featured_media":5568,"comment_status":"open","ping_status":"closed","sticky":false,"template":"","format":"standard","meta":{"_bbp_topic_count":0,"_bbp_reply_count":0,"_bbp_total_topic_count":0,"_bbp_total_reply_count":0,"_bbp_voice_count":0,"_bbp_anonymous_reply_count":0,"_bbp_topic_count_hidden":0,"_bbp_reply_count_hidden":0,"_bbp_forum_subforum_count":0,"site-sidebar-layout":"default","site-content-layout":"","ast-site-content-layout":"","site-content-style":"default","site-sidebar-style":"default","ast-global-header-display":"","ast-banner-title-visibility":"","ast-main-header-display":"","ast-hfb-above-header-display":"","ast-hfb-below-header-display":"","ast-hfb-mobile-header-display":"","site-post-title":"","ast-breadcrumbs-content":"","ast-featured-img":"","footer-sml-layout":"","theme-transparent-header-meta":"","adv-header-id-meta":"","stick-header-meta":"","header-above-stick-meta":"","header-main-stick-meta":"","header-below-stick-meta":"","astra-migrate-meta-layouts":"default","ast-page-background-enabled":"default","ast-page-background-meta":{"desktop":{"background-color":"var(--ast-global-color-4)","background-image":"","background-repeat":"repeat","background-position":"center center","background-size":"auto","background-attachment":"scroll","background-type":"","background-media":"","overlay-type":"","overlay-color":"","overlay-opacity":"","overlay-gradient":""},"tablet":{"background-color":"","background-image":"","background-repeat":"repeat","background-position":"center center","background-size":"auto","background-attachment":"scroll","background-type":"","background-media":"","overlay-type":"","overlay-color":"","overlay-opacity":"","overlay-gradient":""},"mobile":{"background-color":"","background-image":"","background-repeat":"repeat","background-position":"center center","background-size":"auto","background-attachment":"scroll","background-type":"","background-media":"","overlay-type":"","overlay-color":"","overlay-opacity":"","overlay-gradient":""}},"ast-content-background-meta":{"desktop":{"background-color":"var(--ast-global-color-5)","background-image":"","background-repeat":"repeat","background-position":"center center","background-size":"auto","background-attachment":"scroll","background-type":"","background-media":"","overlay-type":"","overlay-color":"","overlay-opacity":"","overlay-gradient":""},"tablet":{"background-color":"var(--ast-global-color-5)","background-image":"","background-repeat":"repeat","background-position":"center center","background-size":"auto","background-attachment":"scroll","background-type":"","background-media":"","overlay-type":"","overlay-color":"","overlay-opacity":"","overlay-gradient":""},"mobile":{"background-color":"var(--ast-global-color-5)","background-image":"","background-repeat":"repeat","background-position":"center center","background-size":"auto","background-attachment":"scroll","background-type":"","background-media":"","overlay-type":"","overlay-color":"","overlay-opacity":"","overlay-gradient":""}},"footnotes":""},"categories":[73,1,4],"tags":[107,118],"class_list":["post-5566","post","type-post","status-publish","format-standard","has-post-thumbnail","hentry","category-ev","category-general","category-portada","tag-escoles-verdes","tag-medi-ambient"],"post_mailing_queue_ids":[],"_links":{"self":[{"href":"https:\/\/agora.xtec.cat\/ceiplessavines\/wp-json\/wp\/v2\/posts\/5566","targetHints":{"allow":["GET"]}}],"collection":[{"href":"https:\/\/agora.xtec.cat\/ceiplessavines\/wp-json\/wp\/v2\/posts"}],"about":[{"href":"https:\/\/agora.xtec.cat\/ceiplessavines\/wp-json\/wp\/v2\/types\/post"}],"author":[{"embeddable":true,"href":"https:\/\/agora.xtec.cat\/ceiplessavines\/wp-json\/wp\/v2\/users\/1"}],"replies":[{"embeddable":true,"href":"https:\/\/agora.xtec.cat\/ceiplessavines\/wp-json\/wp\/v2\/comments?post=5566"}],"version-history":[{"count":3,"href":"https:\/\/agora.xtec.cat\/ceiplessavines\/wp-json\/wp\/v2\/posts\/5566\/revisions"}],"predecessor-version":[{"id":5572,"href":"https:\/\/agora.xtec.cat\/ceiplessavines\/wp-json\/wp\/v2\/posts\/5566\/revisions\/5572"}],"wp:featuredmedia":[{"embeddable":true,"href":"https:\/\/agora.xtec.cat\/ceiplessavines\/wp-json\/wp\/v2\/media\/5568"}],"wp:attachment":[{"href":"https:\/\/agora.xtec.cat\/ceiplessavines\/wp-json\/wp\/v2\/media?parent=5566"}],"wp:term":[{"taxonomy":"category","embeddable":true,"href":"https:\/\/agora.xtec.cat\/ceiplessavines\/wp-json\/wp\/v2\/categories?post=5566"},{"taxonomy":"post_tag","embeddable":true,"href":"https:\/\/agora.xtec.cat\/ceiplessavines\/wp-json\/wp\/v2\/tags?post=5566"}],"curies":[{"name":"wp","href":"https:\/\/api.w.org\/{rel}","templated":true}]}}