{"id":5089,"date":"2020-01-23T16:24:58","date_gmt":"2020-01-23T15:24:58","guid":{"rendered":"https:\/\/agora.xtec.cat\/ceiplessavines\/?p=5089"},"modified":"2020-01-23T16:25:38","modified_gmt":"2020-01-23T15:25:38","slug":"el-compostador","status":"publish","type":"post","link":"https:\/\/agora.xtec.cat\/ceiplessavines\/portada\/el-compostador\/","title":{"rendered":"EL COMPOSTADOR"},"content":{"rendered":"<p align=\"justify\"><span style=\"font-size: x-large\"><span style=\"color: #000000\"><span style=\"font-family: Arial, sans-serif\">Aquest any els alum<\/span><\/span><span style=\"color: #000000\"><span style=\"font-family: Arial, sans-serif\">nes de 5<\/span><\/span><span style=\"color: #000000\"><span style=\"font-family: Arial, sans-serif\">\u00e8<\/span><\/span><span style=\"color: #000000\"><span style=\"font-family: Arial, sans-serif\"> est<\/span><\/span><span style=\"color: #000000\"><span style=\"font-family: Arial, sans-serif\">em<\/span><\/span><span style=\"color: #000000\"><span style=\"font-family: Arial, sans-serif\"> treballant el <\/span><\/span><span style=\"color: #000000\"><span style=\"font-family: Arial, sans-serif\">compostador. <\/span><\/span><span style=\"color: #000000\"><span style=\"font-family: Arial, sans-serif\">Durant 2 dies a la setmana anem a recollir la fracci\u00f3 org\u00e0nica del menjador i l\u2019aboquem <\/span><\/span><span style=\"color: #000000\"><span style=\"font-family: Arial, sans-serif\">al<\/span><\/span> <span style=\"color: #000000\"><span style=\"font-family: Arial, sans-serif\">compostador, <\/span><\/span><span style=\"color: #000000\"><span style=\"font-family: Arial, sans-serif\">despr\u00e9s afegim mat\u00e8ria seca i barregem b\u00e9. <\/span><\/span> <span style=\"color: #000000\"><span style=\"font-family: Arial, sans-serif\">Per barrejar-ho b\u00e9 ho fem amb un airejador. Esperem un temps perqu\u00e8 la mat\u00e8ria org\u00e0nica es transformi amb compost.<\/span><\/span><\/span><\/p>\n<p align=\"justify\"><span style=\"color: #000000\"><span style=\"font-family: Arial, sans-serif\"><span style=\"font-size: x-large\">Aquesta transformaci\u00f3 la fa els microorganismes. <\/span><\/span><\/span><\/p>\n<p align=\"justify\"><span style=\"font-size: x-large\"><span style=\"color: #000000\"><span style=\"font-family: Arial, sans-serif\">P<\/span><\/span><span style=\"color: #000000\"><span style=\"font-family: Arial, sans-serif\">er fer el compost es necessit<\/span><\/span><span style=\"color: #000000\"><span style=\"font-family: Arial, sans-serif\">a<\/span><\/span><span style=\"color: #000000\"><span style=\"font-family: Arial, sans-serif\"> mat\u00e8ria org\u00e0nica i no es pot posar res qu\u00edmic <\/span><\/span><span style=\"color: #000000\"><span style=\"font-family: Arial, sans-serif\">i millor que el <\/span><\/span><span style=\"color: #000000\"><span style=\"font-family: Arial, sans-serif\">biodegradable <\/span><\/span><span style=\"color: #000000\"><span style=\"font-family: Arial, sans-serif\">tampoc li posem. Per tant, \u00e9s important que separem molt b\u00e9 la mat\u00e8ria org\u00e0nica de la resta de deixalles.<\/span><\/span><\/span><\/p>\n<p align=\"justify\"><span style=\"font-size: x-large\"><span style=\"color: #000000\"><span style=\"font-family: Arial, sans-serif\">Aquest any els alum<\/span><\/span><span style=\"color: #000000\"><span style=\"font-family: Arial, sans-serif\">nes de 5<\/span><\/span><span style=\"color: #000000\"><span style=\"font-family: Arial, sans-serif\">\u00e8<\/span><\/span><span style=\"color: #000000\"><span style=\"font-family: Arial, sans-serif\"> est<\/span><\/span><span style=\"color: #000000\"><span style=\"font-family: Arial, sans-serif\">em<\/span><\/span><span style=\"color: #000000\"><span style=\"font-family: Arial, sans-serif\"> treballant el <\/span><\/span><span style=\"color: #000000\"><span style=\"font-family: Arial, sans-serif\">compostador. <\/span><\/span><span style=\"color: #000000\"><span style=\"font-family: Arial, sans-serif\">Durant 2 dies a la setmana anem a recollir la fracci\u00f3 org\u00e0nica del menjador i l\u2019aboquem <\/span><\/span><span style=\"color: #000000\"><span style=\"font-family: Arial, sans-serif\">al<\/span><\/span> <span style=\"color: #000000\"><span style=\"font-family: Arial, sans-serif\">compostador, <\/span><\/span><span style=\"color: #000000\"><span style=\"font-family: Arial, sans-serif\">despr\u00e9s afegim mat\u00e8ria seca i barregem b\u00e9. <\/span><\/span> <span style=\"color: #000000\"><span style=\"font-family: Arial, sans-serif\">Per barrejar-ho b\u00e9 ho fem amb un airejador. Esperem un temps perqu\u00e8 la mat\u00e8ria org\u00e0nica es transformi amb compost.<\/span><\/span><\/span><\/p>\n<p align=\"justify\"><span style=\"color: #000000\"><span style=\"font-family: Arial, sans-serif\"><span style=\"font-size: x-large\">Aquesta transformaci\u00f3 la fa els microorganismes. <\/span><\/span><\/span><\/p>\n<p align=\"justify\"><span style=\"font-size: x-large\"><span style=\"color: #000000\"><span style=\"font-family: Arial, sans-serif\">P<\/span><\/span><span style=\"color: #000000\"><span style=\"font-family: Arial, sans-serif\">er fer el compost es necessit<\/span><\/span><span style=\"color: #000000\"><span style=\"font-family: Arial, sans-serif\">a<\/span><\/span><span style=\"color: #000000\"><span style=\"font-family: Arial, sans-serif\"> mat\u00e8ria org\u00e0nica i no es pot posar res qu\u00edmic <\/span><\/span><span style=\"color: #000000\"><span style=\"font-family: Arial, sans-serif\">i millor que el <\/span><\/span><span style=\"color: #000000\"><span style=\"font-family: Arial, sans-serif\">biodegradable <\/span><\/span><span style=\"color: #000000\"><span style=\"font-family: Arial, sans-serif\">tampoc li posem. Per tant, \u00e9s important que separem molt b\u00e9 la mat\u00e8ria org\u00e0nica de la resta de deixalles.<\/span><\/span><\/span><\/p>\n<p align=\"justify\"><span style=\"font-size: x-large\"><span style=\"color: #000000\"><span style=\"font-family: Arial, sans-serif\">Aquest any els alum<\/span><\/span><span style=\"color: #000000\"><span style=\"font-family: Arial, sans-serif\">nes de 5<\/span><\/span><span style=\"color: #000000\"><span style=\"font-family: Arial, sans-serif\">\u00e8<\/span><\/span><span style=\"color: #000000\"><span style=\"font-family: Arial, sans-serif\"> est<\/span><\/span><span style=\"color: #000000\"><span style=\"font-family: Arial, sans-serif\">em<\/span><\/span><span style=\"color: #000000\"><span style=\"font-family: Arial, sans-serif\"> treballant el <\/span><\/span><span style=\"color: #000000\"><span style=\"font-family: Arial, sans-serif\">compostador. <\/span><\/span><span style=\"color: #000000\"><span style=\"font-family: Arial, sans-serif\">Durant 2 dies a la setmana anem a recollir la fracci\u00f3 org\u00e0nica del menjador i l\u2019aboquem <\/span><\/span><span style=\"color: #000000\"><span style=\"font-family: Arial, sans-serif\">al<\/span><\/span> <span style=\"color: #000000\"><span style=\"font-family: Arial, sans-serif\">compostador, <\/span><\/span><span style=\"color: #000000\"><span style=\"font-family: Arial, sans-serif\">despr\u00e9s afegim mat\u00e8ria seca i barregem b\u00e9. <\/span><\/span> <span style=\"color: #000000\"><span style=\"font-family: Arial, sans-serif\">Per barrejar-ho b\u00e9 ho fem amb un airejador. Esperem un temps perqu\u00e8 la mat\u00e8ria org\u00e0nica es transformi amb compost.<\/span><\/span><\/span><\/p>\n<p align=\"justify\"><span style=\"color: #000000\"><span style=\"font-family: Arial, sans-serif\"><span style=\"font-size: x-large\">Aquesta transformaci\u00f3 la fa els microorganismes. <\/span><\/span><\/span><\/p>\n<p align=\"justify\"><span style=\"font-size: x-large\"><span style=\"color: #000000\"><span style=\"font-family: Arial, sans-serif\">P<\/span><\/span><span style=\"color: #000000\"><span style=\"font-family: Arial, sans-serif\">er fer el compost es necessit<\/span><\/span><span style=\"color: #000000\"><span style=\"font-family: Arial, sans-serif\">a<\/span><\/span><span style=\"color: #000000\"><span style=\"font-family: Arial, sans-serif\"> mat\u00e8ria org\u00e0nica i no es pot posar res qu\u00edmic <\/span><\/span><span style=\"color: #000000\"><span style=\"font-family: Arial, sans-serif\">i millor que el <\/span><\/span><span style=\"color: #000000\"><span style=\"font-family: Arial, sans-serif\">biodegradable <\/span><\/span><span style=\"color: #000000\"><span style=\"font-family: Arial, sans-serif\">tampoc li posem. Per tant, \u00e9s important que separem molt b\u00e9 la mat\u00e8ria org\u00e0nica de la resta de deixalles.<\/span><\/span><\/span><\/p>\n<p align=\"justify\"><img loading=\"lazy\" decoding=\"async\" class=\"aligncenter size-medium wp-image-5090\" src=\"https:\/\/agora.xtec.cat\/ceiplessavines\/wp-content\/uploads\/usu230\/2020\/01\/IMG_6456-300x225.jpg\" alt=\"\" width=\"300\" height=\"225\" srcset=\"https:\/\/agora.xtec.cat\/ceiplessavines\/wp-content\/uploads\/usu230\/2020\/01\/IMG_6456-300x225.jpg 300w, https:\/\/agora.xtec.cat\/ceiplessavines\/wp-content\/uploads\/usu230\/2020\/01\/IMG_6456-200x150.jpg 200w, https:\/\/agora.xtec.cat\/ceiplessavines\/wp-content\/uploads\/usu230\/2020\/01\/IMG_6456.jpg 640w\" sizes=\"auto, (max-width: 300px) 100vw, 300px\" \/><\/p>\n","protected":false},"excerpt":{"rendered":"<p>Aquest any els alumnes de 5\u00e8 estem treballant el compostador. Durant 2 dies a la setmana anem a recollir la fracci\u00f3 org\u00e0nica del menjador i l\u2019aboquem al compostador, despr\u00e9s afegim mat\u00e8ria seca i barregem b\u00e9. Per barrejar-ho b\u00e9 ho fem amb un airejador. Esperem un temps perqu\u00e8 la mat\u00e8ria org\u00e0nica es transformi amb compost. Aquesta [&hellip;]<\/p>\n","protected":false},"author":9,"featured_media":5090,"comment_status":"open","ping_status":"closed","sticky":false,"template":"","format":"standard","meta":{"_bbp_topic_count":0,"_bbp_reply_count":0,"_bbp_total_topic_count":0,"_bbp_total_reply_count":0,"_bbp_voice_count":0,"_bbp_anonymous_reply_count":0,"_bbp_topic_count_hidden":0,"_bbp_reply_count_hidden":0,"_bbp_forum_subforum_count":0,"site-sidebar-layout":"default","site-content-layout":"","ast-site-content-layout":"","site-content-style":"default","site-sidebar-style":"default","ast-global-header-display":"","ast-banner-title-visibility":"","ast-main-header-display":"","ast-hfb-above-header-display":"","ast-hfb-below-header-display":"","ast-hfb-mobile-header-display":"","site-post-title":"","ast-breadcrumbs-content":"","ast-featured-img":"","footer-sml-layout":"","theme-transparent-header-meta":"","adv-header-id-meta":"","stick-header-meta":"","header-above-stick-meta":"","header-main-stick-meta":"","header-below-stick-meta":"","astra-migrate-meta-layouts":"default","ast-page-background-enabled":"default","ast-page-background-meta":{"desktop":{"background-color":"var(--ast-global-color-4)","background-image":"","background-repeat":"repeat","background-position":"center center","background-size":"auto","background-attachment":"scroll","background-type":"","background-media":"","overlay-type":"","overlay-color":"","overlay-opacity":"","overlay-gradient":""},"tablet":{"background-color":"","background-image":"","background-repeat":"repeat","background-position":"center center","background-size":"auto","background-attachment":"scroll","background-type":"","background-media":"","overlay-type":"","overlay-color":"","overlay-opacity":"","overlay-gradient":""},"mobile":{"background-color":"","background-image":"","background-repeat":"repeat","background-position":"center center","background-size":"auto","background-attachment":"scroll","background-type":"","background-media":"","overlay-type":"","overlay-color":"","overlay-opacity":"","overlay-gradient":""}},"ast-content-background-meta":{"desktop":{"background-color":"var(--ast-global-color-5)","background-image":"","background-repeat":"repeat","background-position":"center center","background-size":"auto","background-attachment":"scroll","background-type":"","background-media":"","overlay-type":"","overlay-color":"","overlay-opacity":"","overlay-gradient":""},"tablet":{"background-color":"var(--ast-global-color-5)","background-image":"","background-repeat":"repeat","background-position":"center center","background-size":"auto","background-attachment":"scroll","background-type":"","background-media":"","overlay-type":"","overlay-color":"","overlay-opacity":"","overlay-gradient":""},"mobile":{"background-color":"var(--ast-global-color-5)","background-image":"","background-repeat":"repeat","background-position":"center center","background-size":"auto","background-attachment":"scroll","background-type":"","background-media":"","overlay-type":"","overlay-color":"","overlay-opacity":"","overlay-gradient":""}},"footnotes":""},"categories":[73,4],"tags":[49,104,107],"class_list":["post-5089","post","type-post","status-publish","format-standard","has-post-thumbnail","hentry","category-ev","category-portada","tag-5e","tag-cicle-superior","tag-escoles-verdes"],"post_mailing_queue_ids":[],"_links":{"self":[{"href":"https:\/\/agora.xtec.cat\/ceiplessavines\/wp-json\/wp\/v2\/posts\/5089","targetHints":{"allow":["GET"]}}],"collection":[{"href":"https:\/\/agora.xtec.cat\/ceiplessavines\/wp-json\/wp\/v2\/posts"}],"about":[{"href":"https:\/\/agora.xtec.cat\/ceiplessavines\/wp-json\/wp\/v2\/types\/post"}],"author":[{"embeddable":true,"href":"https:\/\/agora.xtec.cat\/ceiplessavines\/wp-json\/wp\/v2\/users\/9"}],"replies":[{"embeddable":true,"href":"https:\/\/agora.xtec.cat\/ceiplessavines\/wp-json\/wp\/v2\/comments?post=5089"}],"version-history":[{"count":1,"href":"https:\/\/agora.xtec.cat\/ceiplessavines\/wp-json\/wp\/v2\/posts\/5089\/revisions"}],"predecessor-version":[{"id":5091,"href":"https:\/\/agora.xtec.cat\/ceiplessavines\/wp-json\/wp\/v2\/posts\/5089\/revisions\/5091"}],"wp:featuredmedia":[{"embeddable":true,"href":"https:\/\/agora.xtec.cat\/ceiplessavines\/wp-json\/wp\/v2\/media\/5090"}],"wp:attachment":[{"href":"https:\/\/agora.xtec.cat\/ceiplessavines\/wp-json\/wp\/v2\/media?parent=5089"}],"wp:term":[{"taxonomy":"category","embeddable":true,"href":"https:\/\/agora.xtec.cat\/ceiplessavines\/wp-json\/wp\/v2\/categories?post=5089"},{"taxonomy":"post_tag","embeddable":true,"href":"https:\/\/agora.xtec.cat\/ceiplessavines\/wp-json\/wp\/v2\/tags?post=5089"}],"curies":[{"name":"wp","href":"https:\/\/api.w.org\/{rel}","templated":true}]}}