{"id":5086,"date":"2020-01-23T16:13:05","date_gmt":"2020-01-23T15:13:05","guid":{"rendered":"https:\/\/agora.xtec.cat\/ceiplessavines\/?p=5086"},"modified":"2020-01-23T16:13:05","modified_gmt":"2020-01-23T15:13:05","slug":"tallers-dartistica","status":"publish","type":"post","link":"https:\/\/agora.xtec.cat\/ceiplessavines\/general\/tallers-dartistica\/","title":{"rendered":"TALLERS D&#8217;ART\u00cdSTICA"},"content":{"rendered":"<p align=\"justify\"><span style=\"font-size: x-large\"><span style=\"color: #000000\"><span style=\"font-family: Arial, sans-serif\">Cada dilluns <\/span><\/span><span style=\"color: #000000\"><span style=\"font-family: Arial, sans-serif\">a<\/span><\/span><span style=\"color: #000000\"><span style=\"font-family: Arial, sans-serif\"> la tarda, els <\/span><\/span><span style=\"color: #000000\"><span style=\"font-family: Arial, sans-serif\">alumnes <\/span><\/span><span style=\"color: #000000\"><span style=\"font-family: Arial, sans-serif\">de 5<\/span><\/span><span style=\"color: #000000\"><sup><span style=\"font-family: Arial, sans-serif\">\u00e8<\/span><\/sup><\/span> <span style=\"color: #000000\"><span style=\"font-family: Arial, sans-serif\">i 6<\/span><\/span><span style=\"color: #000000\"><sup><span style=\"font-family: Arial, sans-serif\">\u00e8<\/span><\/sup><\/span> <span style=\"color: #000000\"><span style=\"font-family: Arial, sans-serif\">fem <\/span><\/span><span style=\"color: #000000\"><span style=\"font-family: Arial, sans-serif\">tallers d&#8217;art\u00edstica.<\/span><\/span><span style=\"color: #000000\"><span style=\"font-family: Arial, sans-serif\"> Els <\/span><\/span><span style=\"color: #000000\"><span style=\"font-family: Arial, sans-serif\">tallers d&#8217;art\u00edstica<\/span><\/span> <span style=\"color: #000000\"><span style=\"font-family: Arial, sans-serif\">es divideixen en tres: un \u00e9s color, un altre \u00e9s volum i l\u2019altre taller \u00e9s de dibuix.<\/span><\/span><\/span><\/p>\n<p align=\"justify\"><span style=\"color: #000000\"><span style=\"font-family: Arial, sans-serif\"><span style=\"font-size: x-large\">A cada taller podem utilitzar diferents materials i hi ha diferents propostes.<\/span><\/span><\/span><\/p>\n<p align=\"justify\"><span style=\"color: #000000\"><span style=\"font-family: Arial, sans-serif\"><span style=\"font-size: x-large\">Els alumnes quan anem al taller podem elegir la proposta que fem. Algunes propostes s\u00f3n: l\u00ednies, construcci\u00f3, aquarel\u00b7les, ceres, esculpir amb sab\u00f3, puntillisme, paper maix\u00e9 &#8230;<\/span><\/span><\/span><\/p>\n<p align=\"justify\"><span style=\"color: #000000\"><span style=\"font-family: Arial, sans-serif\"><span style=\"font-size: x-large\">Els tallers els trobem bastant divertits, interessants i aprenem a treballar diferents t\u00e8cniques i a fer diferents manualitats.<\/span><\/span><\/span><\/p>\n<p align=\"justify\"><span style=\"font-size: x-large\"><span style=\"color: #000000\"><span style=\"font-family: Arial, sans-serif\">Cada dilluns <\/span><\/span><span style=\"color: #000000\"><span style=\"font-family: Arial, sans-serif\">a<\/span><\/span><span style=\"color: #000000\"><span style=\"font-family: Arial, sans-serif\"> la tarda, els <\/span><\/span><span style=\"color: #000000\"><span style=\"font-family: Arial, sans-serif\">alumnes <\/span><\/span><span style=\"color: #000000\"><span style=\"font-family: Arial, sans-serif\">de 5<\/span><\/span><span style=\"color: #000000\"><sup><span style=\"font-family: Arial, sans-serif\">\u00e8<\/span><\/sup><\/span> <span style=\"color: #000000\"><span style=\"font-family: Arial, sans-serif\">i 6<\/span><\/span><span style=\"color: #000000\"><sup><span style=\"font-family: Arial, sans-serif\">\u00e8<\/span><\/sup><\/span> <span style=\"color: #000000\"><span style=\"font-family: Arial, sans-serif\">fem <\/span><\/span><span style=\"color: #000000\"><span style=\"font-family: Arial, sans-serif\">tallers d&#8217;art\u00edstica.<\/span><\/span><span style=\"color: #000000\"><span style=\"font-family: Arial, sans-serif\"> Els <\/span><\/span><span style=\"color: #000000\"><span style=\"font-family: Arial, sans-serif\">tallers d&#8217;art\u00edstica<\/span><\/span> <span style=\"color: #000000\"><span style=\"font-family: Arial, sans-serif\">es divideixen en tres: un \u00e9s color, un altre \u00e9s volum i l\u2019altre taller \u00e9s de dibuix.<\/span><\/span><\/span><\/p>\n<p align=\"justify\"><span style=\"color: #000000\"><span style=\"font-family: Arial, sans-serif\"><span style=\"font-size: x-large\">A cada taller podem utilitzar diferents materials i hi ha diferents propostes.<\/span><\/span><\/span><\/p>\n<p align=\"justify\"><span style=\"color: #000000\"><span style=\"font-family: Arial, sans-serif\"><span style=\"font-size: x-large\">Els alumnes quan anem al taller podem elegir la proposta que fem. Algunes propostes s\u00f3n: l\u00ednies, construcci\u00f3, aquarel\u00b7les, ceres, esculpir amb sab\u00f3, puntillisme, paper maix\u00e9 &#8230;<\/span><\/span><\/span><\/p>\n<p align=\"justify\"><span style=\"color: #000000\"><span style=\"font-family: Arial, sans-serif\"><span style=\"font-size: x-large\">Els tallers els trobem bastant divertits, interessants i aprenem a treballar diferents t\u00e8cniques i a fer diferents manualitats.<\/span><\/span><\/span><\/p>\n<p align=\"justify\"><span style=\"font-size: x-large\"><span style=\"color: #000000\"><span style=\"font-family: Arial, sans-serif\">Cada dilluns <\/span><\/span><span style=\"color: #000000\"><span style=\"font-family: Arial, sans-serif\">a<\/span><\/span><span style=\"color: #000000\"><span style=\"font-family: Arial, sans-serif\"> la tarda, els <\/span><\/span><span style=\"color: #000000\"><span style=\"font-family: Arial, sans-serif\">alumnes <\/span><\/span><span style=\"color: #000000\"><span style=\"font-family: Arial, sans-serif\">de 5<\/span><\/span><span style=\"color: #000000\"><sup><span style=\"font-family: Arial, sans-serif\">\u00e8<\/span><\/sup><\/span> <span style=\"color: #000000\"><span style=\"font-family: Arial, sans-serif\">i 6<\/span><\/span><span style=\"color: #000000\"><sup><span style=\"font-family: Arial, sans-serif\">\u00e8<\/span><\/sup><\/span> <span style=\"color: #000000\"><span style=\"font-family: Arial, sans-serif\">fem <\/span><\/span><span style=\"color: #000000\"><span style=\"font-family: Arial, sans-serif\">tallers d&#8217;art\u00edstica.<\/span><\/span><span style=\"color: #000000\"><span style=\"font-family: Arial, sans-serif\"> Els <\/span><\/span><span style=\"color: #000000\"><span style=\"font-family: Arial, sans-serif\">tallers d&#8217;art\u00edstica<\/span><\/span> <span style=\"color: #000000\"><span style=\"font-family: Arial, sans-serif\">es divideixen en tres: un \u00e9s color, un altre \u00e9s volum i l\u2019altre taller \u00e9s de dibuix.<\/span><\/span><\/span><\/p>\n<p align=\"justify\"><span style=\"color: #000000\"><span style=\"font-family: Arial, sans-serif\"><span style=\"font-size: x-large\">A cada taller podem utilitzar diferents materials i hi ha diferents propostes.<\/span><\/span><\/span><\/p>\n<p align=\"justify\"><span style=\"color: #000000\"><span style=\"font-family: Arial, sans-serif\"><span style=\"font-size: x-large\">Els alumnes quan anem al taller podem elegir la proposta que fem. Algunes propostes s\u00f3n: l\u00ednies, construcci\u00f3, aquarel\u00b7les, ceres, esculpir amb sab\u00f3, puntillisme, paper maix\u00e9 &#8230;<\/span><\/span><\/span><\/p>\n<p align=\"justify\"><span style=\"color: #000000\"><span style=\"font-family: Arial, sans-serif\"><span style=\"font-size: x-large\">Els tallers els trobem bastant divertits, interessants i aprenem a treballar diferents t\u00e8cniques i a fer diferents manualitats.<\/span><\/span><\/span><\/p>\n","protected":false},"excerpt":{"rendered":"<p>Cada dilluns a la tarda, els alumnes de 5\u00e8 i 6\u00e8 fem tallers d&#8217;art\u00edstica. Els tallers d&#8217;art\u00edstica es divideixen en tres: un \u00e9s color, un altre \u00e9s volum i l\u2019altre taller \u00e9s de dibuix. A cada taller podem utilitzar diferents materials i hi ha diferents propostes. Els alumnes quan anem al taller podem elegir la [&hellip;]<\/p>\n","protected":false},"author":9,"featured_media":0,"comment_status":"open","ping_status":"closed","sticky":false,"template":"","format":"standard","meta":{"_bbp_topic_count":0,"_bbp_reply_count":0,"_bbp_total_topic_count":0,"_bbp_total_reply_count":0,"_bbp_voice_count":0,"_bbp_anonymous_reply_count":0,"_bbp_topic_count_hidden":0,"_bbp_reply_count_hidden":0,"_bbp_forum_subforum_count":0,"site-sidebar-layout":"default","site-content-layout":"","ast-site-content-layout":"","site-content-style":"default","site-sidebar-style":"default","ast-global-header-display":"","ast-banner-title-visibility":"","ast-main-header-display":"","ast-hfb-above-header-display":"","ast-hfb-below-header-display":"","ast-hfb-mobile-header-display":"","site-post-title":"","ast-breadcrumbs-content":"","ast-featured-img":"","footer-sml-layout":"","theme-transparent-header-meta":"","adv-header-id-meta":"","stick-header-meta":"","header-above-stick-meta":"","header-main-stick-meta":"","header-below-stick-meta":"","astra-migrate-meta-layouts":"default","ast-page-background-enabled":"default","ast-page-background-meta":{"desktop":{"background-color":"var(--ast-global-color-4)","background-image":"","background-repeat":"repeat","background-position":"center center","background-size":"auto","background-attachment":"scroll","background-type":"","background-media":"","overlay-type":"","overlay-color":"","overlay-opacity":"","overlay-gradient":""},"tablet":{"background-color":"","background-image":"","background-repeat":"repeat","background-position":"center center","background-size":"auto","background-attachment":"scroll","background-type":"","background-media":"","overlay-type":"","overlay-color":"","overlay-opacity":"","overlay-gradient":""},"mobile":{"background-color":"","background-image":"","background-repeat":"repeat","background-position":"center center","background-size":"auto","background-attachment":"scroll","background-type":"","background-media":"","overlay-type":"","overlay-color":"","overlay-opacity":"","overlay-gradient":""}},"ast-content-background-meta":{"desktop":{"background-color":"var(--ast-global-color-5)","background-image":"","background-repeat":"repeat","background-position":"center center","background-size":"auto","background-attachment":"scroll","background-type":"","background-media":"","overlay-type":"","overlay-color":"","overlay-opacity":"","overlay-gradient":""},"tablet":{"background-color":"var(--ast-global-color-5)","background-image":"","background-repeat":"repeat","background-position":"center center","background-size":"auto","background-attachment":"scroll","background-type":"","background-media":"","overlay-type":"","overlay-color":"","overlay-opacity":"","overlay-gradient":""},"mobile":{"background-color":"var(--ast-global-color-5)","background-image":"","background-repeat":"repeat","background-position":"center center","background-size":"auto","background-attachment":"scroll","background-type":"","background-media":"","overlay-type":"","overlay-color":"","overlay-opacity":"","overlay-gradient":""}},"footnotes":""},"categories":[1],"tags":[49,50,104,45],"class_list":["post-5086","post","type-post","status-publish","format-standard","hentry","category-general","tag-5e","tag-6e","tag-cicle-superior","tag-tallers"],"post_mailing_queue_ids":[],"_links":{"self":[{"href":"https:\/\/agora.xtec.cat\/ceiplessavines\/wp-json\/wp\/v2\/posts\/5086","targetHints":{"allow":["GET"]}}],"collection":[{"href":"https:\/\/agora.xtec.cat\/ceiplessavines\/wp-json\/wp\/v2\/posts"}],"about":[{"href":"https:\/\/agora.xtec.cat\/ceiplessavines\/wp-json\/wp\/v2\/types\/post"}],"author":[{"embeddable":true,"href":"https:\/\/agora.xtec.cat\/ceiplessavines\/wp-json\/wp\/v2\/users\/9"}],"replies":[{"embeddable":true,"href":"https:\/\/agora.xtec.cat\/ceiplessavines\/wp-json\/wp\/v2\/comments?post=5086"}],"version-history":[{"count":1,"href":"https:\/\/agora.xtec.cat\/ceiplessavines\/wp-json\/wp\/v2\/posts\/5086\/revisions"}],"predecessor-version":[{"id":5087,"href":"https:\/\/agora.xtec.cat\/ceiplessavines\/wp-json\/wp\/v2\/posts\/5086\/revisions\/5087"}],"wp:attachment":[{"href":"https:\/\/agora.xtec.cat\/ceiplessavines\/wp-json\/wp\/v2\/media?parent=5086"}],"wp:term":[{"taxonomy":"category","embeddable":true,"href":"https:\/\/agora.xtec.cat\/ceiplessavines\/wp-json\/wp\/v2\/categories?post=5086"},{"taxonomy":"post_tag","embeddable":true,"href":"https:\/\/agora.xtec.cat\/ceiplessavines\/wp-json\/wp\/v2\/tags?post=5086"}],"curies":[{"name":"wp","href":"https:\/\/api.w.org\/{rel}","templated":true}]}}