{"id":5061,"date":"2020-01-14T15:24:45","date_gmt":"2020-01-14T14:24:45","guid":{"rendered":"https:\/\/agora.xtec.cat\/ceiplessavines\/?p=5061"},"modified":"2020-01-14T15:24:45","modified_gmt":"2020-01-14T14:24:45","slug":"la-tertulia-literaria","status":"publish","type":"post","link":"https:\/\/agora.xtec.cat\/ceiplessavines\/general\/la-tertulia-literaria\/","title":{"rendered":"LA TERT\u00daLIA LITER\u00c0RIA"},"content":{"rendered":"<p align=\"left\"><span style=\"font-size: x-large\">Els alumnes de tercer i quart hem iniciat una activitat que es diu: <b>tert\u00falia liter\u00e0ria<\/b>. <\/span><\/p>\n<p align=\"left\"><span style=\"font-size: x-large\">La tert\u00falia liter\u00e0ria, serveix per practicar la lectura. <\/span><\/p>\n<p align=\"left\"><span style=\"font-size: x-large\">Consisteix en escollir un llibre i explicar-ne l&#8217;autor, l&#8217; il\u00b7lustrador, l&#8217;editorial i el que m\u00e9s ens ha agradat. Tamb\u00e9 el podem recomanar. L\u2019objectiu \u00e9s llegir un llibre per trimestre. <\/span><\/p>\n<p align=\"left\"><span style=\"font-size: x-large\">A nosaltres ens agrada molt fer aquesta activitat.<\/span><\/p>\n<p style=\"text-align: center\" align=\"left\"><a href=\"https:\/\/agora.xtec.cat\/ceiplessavines\/wp-content\/uploads\/usu230\/2020\/01\/CIMG6812.redimensionada.jpg\"><img loading=\"lazy\" decoding=\"async\" class=\"size-medium wp-image-5062 aligncenter\" src=\"https:\/\/agora.xtec.cat\/ceiplessavines\/wp-content\/uploads\/usu230\/2020\/01\/CIMG6812.redimensionada-300x225.jpg\" alt=\"\" width=\"300\" height=\"225\" srcset=\"https:\/\/agora.xtec.cat\/ceiplessavines\/wp-content\/uploads\/usu230\/2020\/01\/CIMG6812.redimensionada-300x225.jpg 300w, https:\/\/agora.xtec.cat\/ceiplessavines\/wp-content\/uploads\/usu230\/2020\/01\/CIMG6812.redimensionada-768x576.jpg 768w, https:\/\/agora.xtec.cat\/ceiplessavines\/wp-content\/uploads\/usu230\/2020\/01\/CIMG6812.redimensionada.jpg 1024w, https:\/\/agora.xtec.cat\/ceiplessavines\/wp-content\/uploads\/usu230\/2020\/01\/CIMG6812.redimensionada-200x150.jpg 200w\" sizes=\"auto, (max-width: 300px) 100vw, 300px\" \/><\/a><\/p>\n","protected":false},"excerpt":{"rendered":"<p>Els alumnes de tercer i quart hem iniciat una activitat que es diu: tert\u00falia liter\u00e0ria. La tert\u00falia liter\u00e0ria, serveix per practicar la lectura. Consisteix en escollir un llibre i explicar-ne l&#8217;autor, l&#8217; il\u00b7lustrador, l&#8217;editorial i el que m\u00e9s ens ha agradat. Tamb\u00e9 el podem recomanar. L\u2019objectiu \u00e9s llegir un llibre per trimestre. A nosaltres ens [&hellip;]<\/p>\n","protected":false},"author":8,"featured_media":5062,"comment_status":"open","ping_status":"closed","sticky":false,"template":"","format":"standard","meta":{"_bbp_topic_count":0,"_bbp_reply_count":0,"_bbp_total_topic_count":0,"_bbp_total_reply_count":0,"_bbp_voice_count":0,"_bbp_anonymous_reply_count":0,"_bbp_topic_count_hidden":0,"_bbp_reply_count_hidden":0,"_bbp_forum_subforum_count":0,"site-sidebar-layout":"default","site-content-layout":"","ast-site-content-layout":"","site-content-style":"default","site-sidebar-style":"default","ast-global-header-display":"","ast-banner-title-visibility":"","ast-main-header-display":"","ast-hfb-above-header-display":"","ast-hfb-below-header-display":"","ast-hfb-mobile-header-display":"","site-post-title":"","ast-breadcrumbs-content":"","ast-featured-img":"","footer-sml-layout":"","theme-transparent-header-meta":"","adv-header-id-meta":"","stick-header-meta":"","header-above-stick-meta":"","header-main-stick-meta":"","header-below-stick-meta":"","astra-migrate-meta-layouts":"default","ast-page-background-enabled":"default","ast-page-background-meta":{"desktop":{"background-color":"var(--ast-global-color-4)","background-image":"","background-repeat":"repeat","background-position":"center center","background-size":"auto","background-attachment":"scroll","background-type":"","background-media":"","overlay-type":"","overlay-color":"","overlay-opacity":"","overlay-gradient":""},"tablet":{"background-color":"","background-image":"","background-repeat":"repeat","background-position":"center center","background-size":"auto","background-attachment":"scroll","background-type":"","background-media":"","overlay-type":"","overlay-color":"","overlay-opacity":"","overlay-gradient":""},"mobile":{"background-color":"","background-image":"","background-repeat":"repeat","background-position":"center center","background-size":"auto","background-attachment":"scroll","background-type":"","background-media":"","overlay-type":"","overlay-color":"","overlay-opacity":"","overlay-gradient":""}},"ast-content-background-meta":{"desktop":{"background-color":"var(--ast-global-color-5)","background-image":"","background-repeat":"repeat","background-position":"center center","background-size":"auto","background-attachment":"scroll","background-type":"","background-media":"","overlay-type":"","overlay-color":"","overlay-opacity":"","overlay-gradient":""},"tablet":{"background-color":"var(--ast-global-color-5)","background-image":"","background-repeat":"repeat","background-position":"center center","background-size":"auto","background-attachment":"scroll","background-type":"","background-media":"","overlay-type":"","overlay-color":"","overlay-opacity":"","overlay-gradient":""},"mobile":{"background-color":"var(--ast-global-color-5)","background-image":"","background-repeat":"repeat","background-position":"center center","background-size":"auto","background-attachment":"scroll","background-type":"","background-media":"","overlay-type":"","overlay-color":"","overlay-opacity":"","overlay-gradient":""}},"footnotes":""},"categories":[1,4],"tags":[111,108],"class_list":["post-5061","post","type-post","status-publish","format-standard","has-post-thumbnail","hentry","category-general","category-portada","tag-cicle-mitja","tag-tallers-llengua"],"post_mailing_queue_ids":[],"_links":{"self":[{"href":"https:\/\/agora.xtec.cat\/ceiplessavines\/wp-json\/wp\/v2\/posts\/5061","targetHints":{"allow":["GET"]}}],"collection":[{"href":"https:\/\/agora.xtec.cat\/ceiplessavines\/wp-json\/wp\/v2\/posts"}],"about":[{"href":"https:\/\/agora.xtec.cat\/ceiplessavines\/wp-json\/wp\/v2\/types\/post"}],"author":[{"embeddable":true,"href":"https:\/\/agora.xtec.cat\/ceiplessavines\/wp-json\/wp\/v2\/users\/8"}],"replies":[{"embeddable":true,"href":"https:\/\/agora.xtec.cat\/ceiplessavines\/wp-json\/wp\/v2\/comments?post=5061"}],"version-history":[{"count":1,"href":"https:\/\/agora.xtec.cat\/ceiplessavines\/wp-json\/wp\/v2\/posts\/5061\/revisions"}],"predecessor-version":[{"id":5063,"href":"https:\/\/agora.xtec.cat\/ceiplessavines\/wp-json\/wp\/v2\/posts\/5061\/revisions\/5063"}],"wp:featuredmedia":[{"embeddable":true,"href":"https:\/\/agora.xtec.cat\/ceiplessavines\/wp-json\/wp\/v2\/media\/5062"}],"wp:attachment":[{"href":"https:\/\/agora.xtec.cat\/ceiplessavines\/wp-json\/wp\/v2\/media?parent=5061"}],"wp:term":[{"taxonomy":"category","embeddable":true,"href":"https:\/\/agora.xtec.cat\/ceiplessavines\/wp-json\/wp\/v2\/categories?post=5061"},{"taxonomy":"post_tag","embeddable":true,"href":"https:\/\/agora.xtec.cat\/ceiplessavines\/wp-json\/wp\/v2\/tags?post=5061"}],"curies":[{"name":"wp","href":"https:\/\/api.w.org\/{rel}","templated":true}]}}