{"id":4975,"date":"2019-11-27T12:39:32","date_gmt":"2019-11-27T11:39:32","guid":{"rendered":"https:\/\/agora.xtec.cat\/ceiplessavines\/?p=4975"},"modified":"2019-11-27T12:44:36","modified_gmt":"2019-11-27T11:44:36","slug":"dinamica-mon-de-colors","status":"publish","type":"post","link":"https:\/\/agora.xtec.cat\/ceiplessavines\/portada\/dinamica-mon-de-colors\/","title":{"rendered":"DIN\u00c0MICA: M\u00d3N DE COLORS"},"content":{"rendered":"<p align=\"justify\"><span style=\"font-family: Arial, sans-serif\"><img loading=\"lazy\" decoding=\"async\" class=\"size-medium wp-image-4977 alignnone aligncenter\" src=\"https:\/\/agora.xtec.cat\/ceiplessavines\/wp-content\/uploads\/usu230\/2019\/11\/IMG_6360.redimensionada-300x225.jpg\" alt=\"\" width=\"300\" height=\"225\" srcset=\"https:\/\/agora.xtec.cat\/ceiplessavines\/wp-content\/uploads\/usu230\/2019\/11\/IMG_6360.redimensionada-300x225.jpg 300w, https:\/\/agora.xtec.cat\/ceiplessavines\/wp-content\/uploads\/usu230\/2019\/11\/IMG_6360.redimensionada-768x576.jpg 768w, https:\/\/agora.xtec.cat\/ceiplessavines\/wp-content\/uploads\/usu230\/2019\/11\/IMG_6360.redimensionada.jpg 1024w, https:\/\/agora.xtec.cat\/ceiplessavines\/wp-content\/uploads\/usu230\/2019\/11\/IMG_6360.redimensionada-200x150.jpg 200w\" sizes=\"auto, (max-width: 300px) 100vw, 300px\" \/><\/span><\/p>\n<p align=\"justify\"><span style=\"font-family: Arial, sans-serif\">Avui h<\/span><span style=\"font-family: Arial, sans-serif\">em fet la din\u00e0mica m\u00f3n de colors a 5<sup>\u00e8<\/sup>. La mestra ens ha posat un gomet al front, per\u00f2 un alumne ha tingut un gomet diferent a la resta de classe. Sense dir<\/span><span style=\"font-family: Arial, sans-serif\"> ni paraula ens hem anat ajuntant per grups.<\/span><\/p>\n<p><span style=\"font-size: large\"><b>Qu\u00e8 hem treballat amb aquesta din\u00e0mica?<\/b><\/span><\/p>\n<p><span style=\"font-family: Arial, sans-serif\">Per fer grups hem necessitat l&#8217;ajuda dels companys\/es. A vegades sols no ens en podr\u00edem sortir.<\/span><\/p>\n<p><span style=\"font-family: Arial, sans-serif\">Hem hagut de confiar amb els companys\/es i que ens diguessin la veritat.<\/span><\/p>\n<p><span style=\"font-family: Arial, sans-serif\">Ens hem sentit b\u00e9 pert\u00e0nyer amb un grup perqu\u00e8 no ens hem sentit sols.<\/span><\/p>\n<p><span style=\"font-family: Arial, sans-serif\">Hem fet una activitat per donar-nos compte que no hem de deixar de banda a ning\u00fa.<\/span><\/p>\n<p><span style=\"font-family: Arial, sans-serif\">Ens hem identificat amb un grup.<\/span><\/p>\n<p><span style=\"font-family: Arial, sans-serif\">Els que no ten\u00edem grup no ens ha agradat que ens excloguessin i ens diguessin que no pertany\u00edem al grup.<\/span><\/p>\n<p><span style=\"font-family: Arial, sans-serif\">Amb aquest joc hem apr\u00e9s que si ens posem a la pell dels altres no ens agradaria estar sols.<\/span><\/p>\n<p><span style=\"font-family: Arial, sans-serif\">Quan ens quedem sols i ens sentim que no pertanyem al grup, cal pensar que pot fer un mateix per solucionar-ho.<img loading=\"lazy\" decoding=\"async\" class=\"size-medium wp-image-4976 alignleft\" src=\"https:\/\/agora.xtec.cat\/ceiplessavines\/wp-content\/uploads\/usu230\/2019\/11\/IMG_6361.redimensionada-300x225.jpg\" alt=\"\" width=\"300\" height=\"225\" srcset=\"https:\/\/agora.xtec.cat\/ceiplessavines\/wp-content\/uploads\/usu230\/2019\/11\/IMG_6361.redimensionada-300x225.jpg 300w, https:\/\/agora.xtec.cat\/ceiplessavines\/wp-content\/uploads\/usu230\/2019\/11\/IMG_6361.redimensionada-768x576.jpg 768w, https:\/\/agora.xtec.cat\/ceiplessavines\/wp-content\/uploads\/usu230\/2019\/11\/IMG_6361.redimensionada.jpg 1024w, https:\/\/agora.xtec.cat\/ceiplessavines\/wp-content\/uploads\/usu230\/2019\/11\/IMG_6361.redimensionada-200x150.jpg 200w\" sizes=\"auto, (max-width: 300px) 100vw, 300px\" \/><br \/>\n<\/span><\/p>\n","protected":false},"excerpt":{"rendered":"<p>Avui hem fet la din\u00e0mica m\u00f3n de colors a 5\u00e8. La mestra ens ha posat un gomet al front, per\u00f2 un alumne ha tingut un gomet diferent a la resta de classe. Sense dir ni paraula ens hem anat ajuntant per grups. Qu\u00e8 hem treballat amb aquesta din\u00e0mica? Per fer grups hem necessitat l&#8217;ajuda dels [&hellip;]<\/p>\n","protected":false},"author":9,"featured_media":4977,"comment_status":"open","ping_status":"closed","sticky":false,"template":"","format":"standard","meta":{"_bbp_topic_count":0,"_bbp_reply_count":0,"_bbp_total_topic_count":0,"_bbp_total_reply_count":0,"_bbp_voice_count":0,"_bbp_anonymous_reply_count":0,"_bbp_topic_count_hidden":0,"_bbp_reply_count_hidden":0,"_bbp_forum_subforum_count":0,"site-sidebar-layout":"default","site-content-layout":"","ast-site-content-layout":"","site-content-style":"default","site-sidebar-style":"default","ast-global-header-display":"","ast-banner-title-visibility":"","ast-main-header-display":"","ast-hfb-above-header-display":"","ast-hfb-below-header-display":"","ast-hfb-mobile-header-display":"","site-post-title":"","ast-breadcrumbs-content":"","ast-featured-img":"","footer-sml-layout":"","theme-transparent-header-meta":"","adv-header-id-meta":"","stick-header-meta":"","header-above-stick-meta":"","header-main-stick-meta":"","header-below-stick-meta":"","astra-migrate-meta-layouts":"default","ast-page-background-enabled":"default","ast-page-background-meta":{"desktop":{"background-color":"var(--ast-global-color-4)","background-image":"","background-repeat":"repeat","background-position":"center center","background-size":"auto","background-attachment":"scroll","background-type":"","background-media":"","overlay-type":"","overlay-color":"","overlay-opacity":"","overlay-gradient":""},"tablet":{"background-color":"","background-image":"","background-repeat":"repeat","background-position":"center center","background-size":"auto","background-attachment":"scroll","background-type":"","background-media":"","overlay-type":"","overlay-color":"","overlay-opacity":"","overlay-gradient":""},"mobile":{"background-color":"","background-image":"","background-repeat":"repeat","background-position":"center center","background-size":"auto","background-attachment":"scroll","background-type":"","background-media":"","overlay-type":"","overlay-color":"","overlay-opacity":"","overlay-gradient":""}},"ast-content-background-meta":{"desktop":{"background-color":"var(--ast-global-color-5)","background-image":"","background-repeat":"repeat","background-position":"center center","background-size":"auto","background-attachment":"scroll","background-type":"","background-media":"","overlay-type":"","overlay-color":"","overlay-opacity":"","overlay-gradient":""},"tablet":{"background-color":"var(--ast-global-color-5)","background-image":"","background-repeat":"repeat","background-position":"center center","background-size":"auto","background-attachment":"scroll","background-type":"","background-media":"","overlay-type":"","overlay-color":"","overlay-opacity":"","overlay-gradient":""},"mobile":{"background-color":"var(--ast-global-color-5)","background-image":"","background-repeat":"repeat","background-position":"center center","background-size":"auto","background-attachment":"scroll","background-type":"","background-media":"","overlay-type":"","overlay-color":"","overlay-opacity":"","overlay-gradient":""}},"footnotes":""},"categories":[60,4],"tags":[49,104,82],"class_list":["post-4975","post","type-post","status-publish","format-standard","has-post-thumbnail","hentry","category-ac","category-portada","tag-5e","tag-cicle-superior","tag-dinamiques-de-cohesio"],"post_mailing_queue_ids":[],"_links":{"self":[{"href":"https:\/\/agora.xtec.cat\/ceiplessavines\/wp-json\/wp\/v2\/posts\/4975","targetHints":{"allow":["GET"]}}],"collection":[{"href":"https:\/\/agora.xtec.cat\/ceiplessavines\/wp-json\/wp\/v2\/posts"}],"about":[{"href":"https:\/\/agora.xtec.cat\/ceiplessavines\/wp-json\/wp\/v2\/types\/post"}],"author":[{"embeddable":true,"href":"https:\/\/agora.xtec.cat\/ceiplessavines\/wp-json\/wp\/v2\/users\/9"}],"replies":[{"embeddable":true,"href":"https:\/\/agora.xtec.cat\/ceiplessavines\/wp-json\/wp\/v2\/comments?post=4975"}],"version-history":[{"count":3,"href":"https:\/\/agora.xtec.cat\/ceiplessavines\/wp-json\/wp\/v2\/posts\/4975\/revisions"}],"predecessor-version":[{"id":4980,"href":"https:\/\/agora.xtec.cat\/ceiplessavines\/wp-json\/wp\/v2\/posts\/4975\/revisions\/4980"}],"wp:featuredmedia":[{"embeddable":true,"href":"https:\/\/agora.xtec.cat\/ceiplessavines\/wp-json\/wp\/v2\/media\/4977"}],"wp:attachment":[{"href":"https:\/\/agora.xtec.cat\/ceiplessavines\/wp-json\/wp\/v2\/media?parent=4975"}],"wp:term":[{"taxonomy":"category","embeddable":true,"href":"https:\/\/agora.xtec.cat\/ceiplessavines\/wp-json\/wp\/v2\/categories?post=4975"},{"taxonomy":"post_tag","embeddable":true,"href":"https:\/\/agora.xtec.cat\/ceiplessavines\/wp-json\/wp\/v2\/tags?post=4975"}],"curies":[{"name":"wp","href":"https:\/\/api.w.org\/{rel}","templated":true}]}}