{"id":4757,"date":"2019-11-05T13:42:07","date_gmt":"2019-11-05T12:42:07","guid":{"rendered":"https:\/\/agora.xtec.cat\/ceiplessavines\/?p=4757"},"modified":"2019-11-05T13:42:07","modified_gmt":"2019-11-05T12:42:07","slug":"ens-disfressem-de-castanyers-es","status":"publish","type":"post","link":"https:\/\/agora.xtec.cat\/ceiplessavines\/portada\/ens-disfressem-de-castanyers-es\/","title":{"rendered":"Ens disfressem de castanyers\/es"},"content":{"rendered":"<p align=\"justify\"><span style=\"font-size: xx-large;\">El dijous 31 d&#8217;octubre a la tarda, els nens i les nenes de 6<sup>\u00e8 <\/sup>ens vam disfressar de castanyers i castanyeres, perqu\u00e8 vam celebrar la castanyada.<\/span><\/p>\n<p align=\"justify\"><img loading=\"lazy\" decoding=\"async\" class=\"aligncenter size-full wp-image-4759\" src=\"https:\/\/agora.xtec.cat\/ceiplessavines\/wp-content\/uploads\/usu230\/2019\/11\/CIMG5025.redimensionada.jpg\" alt=\"\" width=\"1024\" height=\"576\" srcset=\"https:\/\/agora.xtec.cat\/ceiplessavines\/wp-content\/uploads\/usu230\/2019\/11\/CIMG5025.redimensionada.jpg 1024w, https:\/\/agora.xtec.cat\/ceiplessavines\/wp-content\/uploads\/usu230\/2019\/11\/CIMG5025.redimensionada-300x169.jpg 300w, https:\/\/agora.xtec.cat\/ceiplessavines\/wp-content\/uploads\/usu230\/2019\/11\/CIMG5025.redimensionada-768x432.jpg 768w\" sizes=\"auto, (max-width: 1024px) 100vw, 1024px\" \/><\/p>\n<p align=\"justify\"><span style=\"font-size: xx-large;\">A la tarda, nosaltres quan vam arribar a les 3, vam pujar a dalt a les classes, vam esperar a que tots els nens i les nenes anessin cap abaix i ens vam comen\u00e7ar a vestir. Les nenes que s&#8217;havien de canviar van anar a la classe d&#8217;angl\u00e8s, despr\u00e9s vam anar a baix al costat del pati dels petits perqu\u00e8 all\u00e0 hi ha un descampat on el Sergi, el conserge, fa les castanyes. Nosaltres hav\u00edem de portar la nostra cistella, llavors ens van posar unes quantes castanyes a cada nen i nena i llavors vam anar amb una aula de petits grups on all\u00e0 hi havien les safates de panellets i coques que vam fer durant la setmana. A continuaci\u00f3 vam deixar all\u00e0 les cistelles i vam anar a el gimn\u00e0s on all\u00e0 tots els nens i nenes ens van fer una benvinguda. <\/span><\/p>\n<p align=\"justify\"><img loading=\"lazy\" decoding=\"async\" class=\"aligncenter size-full wp-image-4760\" src=\"https:\/\/agora.xtec.cat\/ceiplessavines\/wp-content\/uploads\/usu230\/2019\/11\/CIMG4996.redimensionada.jpg\" alt=\"\" width=\"1024\" height=\"576\" srcset=\"https:\/\/agora.xtec.cat\/ceiplessavines\/wp-content\/uploads\/usu230\/2019\/11\/CIMG4996.redimensionada.jpg 1024w, https:\/\/agora.xtec.cat\/ceiplessavines\/wp-content\/uploads\/usu230\/2019\/11\/CIMG4996.redimensionada-300x169.jpg 300w, https:\/\/agora.xtec.cat\/ceiplessavines\/wp-content\/uploads\/usu230\/2019\/11\/CIMG4996.redimensionada-768x432.jpg 768w\" sizes=\"auto, (max-width: 1024px) 100vw, 1024px\" \/><\/p>\n<p align=\"justify\"><span style=\"font-size: xx-large;\">Despr\u00e9s la Desi, la tutora de 5<sup>\u00e8<\/sup> , ens anava donant les instruccions i a mesura que la Desi anava dient els cursos, els castanyers i castanyeres anaven anant amb el seu grup. Quan vam agafar els nens i les nenes els vam acompanyar i vam anar a l&#8217;aula que vam guardar les castanyes, els panellets i les coques, i llavors els hi vam donar fent teatre.<\/span><\/p>\n<p align=\"justify\"><img loading=\"lazy\" decoding=\"async\" class=\"aligncenter wp-image-4758 size-large\" src=\"https:\/\/agora.xtec.cat\/ceiplessavines\/wp-content\/uploads\/usu230\/2019\/11\/CIMG5033.redimensionada-e1572957603508-576x1024.jpg\" alt=\"\" width=\"576\" height=\"1024\" srcset=\"https:\/\/agora.xtec.cat\/ceiplessavines\/wp-content\/uploads\/usu230\/2019\/11\/CIMG5033.redimensionada-e1572957603508.jpg 576w, https:\/\/agora.xtec.cat\/ceiplessavines\/wp-content\/uploads\/usu230\/2019\/11\/CIMG5033.redimensionada-e1572957603508-169x300.jpg 169w\" sizes=\"auto, (max-width: 576px) 100vw, 576px\" \/><\/p>\n<p align=\"justify\"><span style=\"font-size: xx-large;\">Per finalitzar ens vam reunir tots els nens i les nenes de 6<sup>\u00e8<\/sup> i vam menjar nosaltres panellets. Despr\u00e8s vam jugar una mica, vam pujar a la classe, ens vam canviar i vam marxar cap a casa, cadasc\u00fa a la seva. <\/span><\/p>\n<p align=\"justify\"><span style=\"font-size: xx-large;\">Ens ho vam passar molt b\u00e9, va ser una experi\u00e8ncia molt xula!<\/span><\/p>\n","protected":false},"excerpt":{"rendered":"<p>El dijous 31 d&#8217;octubre a la tarda, els nens i les nenes de 6\u00e8 ens vam disfressar de castanyers i castanyeres, perqu\u00e8 vam celebrar la castanyada. A la tarda, nosaltres quan vam arribar a les 3, vam pujar a dalt a les classes, vam esperar a que tots els nens i les nenes anessin cap [&hellip;]<\/p>\n","protected":false},"author":1,"featured_media":4759,"comment_status":"open","ping_status":"closed","sticky":false,"template":"","format":"standard","meta":{"_bbp_topic_count":0,"_bbp_reply_count":0,"_bbp_total_topic_count":0,"_bbp_total_reply_count":0,"_bbp_voice_count":0,"_bbp_anonymous_reply_count":0,"_bbp_topic_count_hidden":0,"_bbp_reply_count_hidden":0,"_bbp_forum_subforum_count":0,"site-sidebar-layout":"default","site-content-layout":"","ast-site-content-layout":"","site-content-style":"default","site-sidebar-style":"default","ast-global-header-display":"","ast-banner-title-visibility":"","ast-main-header-display":"","ast-hfb-above-header-display":"","ast-hfb-below-header-display":"","ast-hfb-mobile-header-display":"","site-post-title":"","ast-breadcrumbs-content":"","ast-featured-img":"","footer-sml-layout":"","theme-transparent-header-meta":"","adv-header-id-meta":"","stick-header-meta":"","header-above-stick-meta":"","header-main-stick-meta":"","header-below-stick-meta":"","astra-migrate-meta-layouts":"default","ast-page-background-enabled":"default","ast-page-background-meta":{"desktop":{"background-color":"var(--ast-global-color-4)","background-image":"","background-repeat":"repeat","background-position":"center center","background-size":"auto","background-attachment":"scroll","background-type":"","background-media":"","overlay-type":"","overlay-color":"","overlay-opacity":"","overlay-gradient":""},"tablet":{"background-color":"","background-image":"","background-repeat":"repeat","background-position":"center center","background-size":"auto","background-attachment":"scroll","background-type":"","background-media":"","overlay-type":"","overlay-color":"","overlay-opacity":"","overlay-gradient":""},"mobile":{"background-color":"","background-image":"","background-repeat":"repeat","background-position":"center center","background-size":"auto","background-attachment":"scroll","background-type":"","background-media":"","overlay-type":"","overlay-color":"","overlay-opacity":"","overlay-gradient":""}},"ast-content-background-meta":{"desktop":{"background-color":"var(--ast-global-color-5)","background-image":"","background-repeat":"repeat","background-position":"center center","background-size":"auto","background-attachment":"scroll","background-type":"","background-media":"","overlay-type":"","overlay-color":"","overlay-opacity":"","overlay-gradient":""},"tablet":{"background-color":"var(--ast-global-color-5)","background-image":"","background-repeat":"repeat","background-position":"center center","background-size":"auto","background-attachment":"scroll","background-type":"","background-media":"","overlay-type":"","overlay-color":"","overlay-opacity":"","overlay-gradient":""},"mobile":{"background-color":"var(--ast-global-color-5)","background-image":"","background-repeat":"repeat","background-position":"center center","background-size":"auto","background-attachment":"scroll","background-type":"","background-media":"","overlay-type":"","overlay-color":"","overlay-opacity":"","overlay-gradient":""}},"footnotes":""},"categories":[4],"tags":[50,43],"class_list":["post-4757","post","type-post","status-publish","format-standard","has-post-thumbnail","hentry","category-portada","tag-6e","tag-festes"],"post_mailing_queue_ids":[],"_links":{"self":[{"href":"https:\/\/agora.xtec.cat\/ceiplessavines\/wp-json\/wp\/v2\/posts\/4757","targetHints":{"allow":["GET"]}}],"collection":[{"href":"https:\/\/agora.xtec.cat\/ceiplessavines\/wp-json\/wp\/v2\/posts"}],"about":[{"href":"https:\/\/agora.xtec.cat\/ceiplessavines\/wp-json\/wp\/v2\/types\/post"}],"author":[{"embeddable":true,"href":"https:\/\/agora.xtec.cat\/ceiplessavines\/wp-json\/wp\/v2\/users\/1"}],"replies":[{"embeddable":true,"href":"https:\/\/agora.xtec.cat\/ceiplessavines\/wp-json\/wp\/v2\/comments?post=4757"}],"version-history":[{"count":1,"href":"https:\/\/agora.xtec.cat\/ceiplessavines\/wp-json\/wp\/v2\/posts\/4757\/revisions"}],"predecessor-version":[{"id":4761,"href":"https:\/\/agora.xtec.cat\/ceiplessavines\/wp-json\/wp\/v2\/posts\/4757\/revisions\/4761"}],"wp:featuredmedia":[{"embeddable":true,"href":"https:\/\/agora.xtec.cat\/ceiplessavines\/wp-json\/wp\/v2\/media\/4759"}],"wp:attachment":[{"href":"https:\/\/agora.xtec.cat\/ceiplessavines\/wp-json\/wp\/v2\/media?parent=4757"}],"wp:term":[{"taxonomy":"category","embeddable":true,"href":"https:\/\/agora.xtec.cat\/ceiplessavines\/wp-json\/wp\/v2\/categories?post=4757"},{"taxonomy":"post_tag","embeddable":true,"href":"https:\/\/agora.xtec.cat\/ceiplessavines\/wp-json\/wp\/v2\/tags?post=4757"}],"curies":[{"name":"wp","href":"https:\/\/api.w.org\/{rel}","templated":true}]}}