{"id":4421,"date":"2019-05-30T16:34:05","date_gmt":"2019-05-30T14:34:05","guid":{"rendered":"http:\/\/agora.xtec.cat\/ceiplessavines\/?p=4421"},"modified":"2019-05-30T16:34:05","modified_gmt":"2019-05-30T14:34:05","slug":"contes-rromane-que-be","status":"publish","type":"post","link":"https:\/\/agora.xtec.cat\/ceiplessavines\/general\/contes-rromane-que-be\/","title":{"rendered":"Contes Rromane, que b\u00e9!"},"content":{"rendered":"<p><span style=\"font-size: xx-large\"> Dilluns 20 de maig van vindre uns nois gitanos el Sebasti\u00e0 i el Josu\u00e8 a explicar-nos contes. <\/span><\/p>\n<p><span style=\"font-size: xx-large\">Abans, per\u00f2, ens van fer la presentaci\u00f3 amb Rromane, el seu idioma, explicant-nos la tradici\u00f3 gitana.<\/span><\/p>\n<p><span style=\"font-size: xx-large\">La hist\u00f2ria que ens van representar va ser el Conte del forn que explica l&#8217;origen dels primers gitanos.<\/span><\/p>\n<p><span style=\"font-size: xx-large\">Ens va agradar molt con\u00e8ixer l&#8217;origen dels gitanos i estem molt agra\u00efts al Sebasti\u00e0 i al Josu\u00e9 del tracte que van tenir amb nosaltres,van ser molt amables i divertits.<\/span><\/p>\n<p><a href=\"https:\/\/agora.xtec.cat\/ceiplessavines\/wp-content\/uploads\/usu230\/2019\/05\/IMG_8901.redimensionada.jpg\"><img loading=\"lazy\" decoding=\"async\" class=\"size-medium wp-image-4423 alignleft\" src=\"https:\/\/agora.xtec.cat\/ceiplessavines\/wp-content\/uploads\/usu230\/2019\/05\/IMG_8901.redimensionada-300x225.jpg\" alt=\"\" width=\"300\" height=\"225\" srcset=\"https:\/\/agora.xtec.cat\/ceiplessavines\/wp-content\/uploads\/usu230\/2019\/05\/IMG_8901.redimensionada-300x225.jpg 300w, https:\/\/agora.xtec.cat\/ceiplessavines\/wp-content\/uploads\/usu230\/2019\/05\/IMG_8901.redimensionada-768x576.jpg 768w, https:\/\/agora.xtec.cat\/ceiplessavines\/wp-content\/uploads\/usu230\/2019\/05\/IMG_8901.redimensionada.jpg 1024w, https:\/\/agora.xtec.cat\/ceiplessavines\/wp-content\/uploads\/usu230\/2019\/05\/IMG_8901.redimensionada-200x150.jpg 200w\" sizes=\"auto, (max-width: 300px) 100vw, 300px\" \/><\/a><a href=\"https:\/\/agora.xtec.cat\/ceiplessavines\/wp-content\/uploads\/usu230\/2019\/05\/IMG_8907.redimensionada.jpg\"><img loading=\"lazy\" decoding=\"async\" class=\"alignright size-medium wp-image-4424\" src=\"https:\/\/agora.xtec.cat\/ceiplessavines\/wp-content\/uploads\/usu230\/2019\/05\/IMG_8907.redimensionada-300x225.jpg\" alt=\"\" width=\"300\" height=\"225\" srcset=\"https:\/\/agora.xtec.cat\/ceiplessavines\/wp-content\/uploads\/usu230\/2019\/05\/IMG_8907.redimensionada-300x225.jpg 300w, https:\/\/agora.xtec.cat\/ceiplessavines\/wp-content\/uploads\/usu230\/2019\/05\/IMG_8907.redimensionada-768x576.jpg 768w, https:\/\/agora.xtec.cat\/ceiplessavines\/wp-content\/uploads\/usu230\/2019\/05\/IMG_8907.redimensionada.jpg 1024w, https:\/\/agora.xtec.cat\/ceiplessavines\/wp-content\/uploads\/usu230\/2019\/05\/IMG_8907.redimensionada-200x150.jpg 200w\" sizes=\"auto, (max-width: 300px) 100vw, 300px\" \/><\/a><a href=\"https:\/\/agora.xtec.cat\/ceiplessavines\/wp-content\/uploads\/usu230\/2019\/05\/IMG_8912.redimensionada.jpg\"><img loading=\"lazy\" decoding=\"async\" class=\"size-medium wp-image-4425 alignleft\" src=\"https:\/\/agora.xtec.cat\/ceiplessavines\/wp-content\/uploads\/usu230\/2019\/05\/IMG_8912.redimensionada-300x225.jpg\" alt=\"\" width=\"300\" height=\"225\" srcset=\"https:\/\/agora.xtec.cat\/ceiplessavines\/wp-content\/uploads\/usu230\/2019\/05\/IMG_8912.redimensionada-300x225.jpg 300w, https:\/\/agora.xtec.cat\/ceiplessavines\/wp-content\/uploads\/usu230\/2019\/05\/IMG_8912.redimensionada-768x576.jpg 768w, https:\/\/agora.xtec.cat\/ceiplessavines\/wp-content\/uploads\/usu230\/2019\/05\/IMG_8912.redimensionada.jpg 1024w, https:\/\/agora.xtec.cat\/ceiplessavines\/wp-content\/uploads\/usu230\/2019\/05\/IMG_8912.redimensionada-200x150.jpg 200w\" sizes=\"auto, (max-width: 300px) 100vw, 300px\" \/><\/a><\/p>\n","protected":false},"excerpt":{"rendered":"<p>Dilluns 20 de maig van vindre uns nois gitanos el Sebasti\u00e0 i el Josu\u00e8 a explicar-nos contes. Abans, per\u00f2, ens van fer la presentaci\u00f3 amb Rromane, el seu idioma, explicant-nos la tradici\u00f3 gitana. La hist\u00f2ria que ens van representar va ser el Conte del forn que explica l&#8217;origen dels primers gitanos. Ens va agradar molt [&hellip;]<\/p>\n","protected":false},"author":8,"featured_media":4425,"comment_status":"open","ping_status":"closed","sticky":false,"template":"","format":"standard","meta":{"_bbp_topic_count":0,"_bbp_reply_count":0,"_bbp_total_topic_count":0,"_bbp_total_reply_count":0,"_bbp_voice_count":0,"_bbp_anonymous_reply_count":0,"_bbp_topic_count_hidden":0,"_bbp_reply_count_hidden":0,"_bbp_forum_subforum_count":0,"site-sidebar-layout":"default","site-content-layout":"","ast-site-content-layout":"","site-content-style":"default","site-sidebar-style":"default","ast-global-header-display":"","ast-banner-title-visibility":"","ast-main-header-display":"","ast-hfb-above-header-display":"","ast-hfb-below-header-display":"","ast-hfb-mobile-header-display":"","site-post-title":"","ast-breadcrumbs-content":"","ast-featured-img":"","footer-sml-layout":"","theme-transparent-header-meta":"","adv-header-id-meta":"","stick-header-meta":"","header-above-stick-meta":"","header-main-stick-meta":"","header-below-stick-meta":"","astra-migrate-meta-layouts":"default","ast-page-background-enabled":"default","ast-page-background-meta":{"desktop":{"background-color":"var(--ast-global-color-4)","background-image":"","background-repeat":"repeat","background-position":"center center","background-size":"auto","background-attachment":"scroll","background-type":"","background-media":"","overlay-type":"","overlay-color":"","overlay-opacity":"","overlay-gradient":""},"tablet":{"background-color":"","background-image":"","background-repeat":"repeat","background-position":"center center","background-size":"auto","background-attachment":"scroll","background-type":"","background-media":"","overlay-type":"","overlay-color":"","overlay-opacity":"","overlay-gradient":""},"mobile":{"background-color":"","background-image":"","background-repeat":"repeat","background-position":"center center","background-size":"auto","background-attachment":"scroll","background-type":"","background-media":"","overlay-type":"","overlay-color":"","overlay-opacity":"","overlay-gradient":""}},"ast-content-background-meta":{"desktop":{"background-color":"var(--ast-global-color-5)","background-image":"","background-repeat":"repeat","background-position":"center center","background-size":"auto","background-attachment":"scroll","background-type":"","background-media":"","overlay-type":"","overlay-color":"","overlay-opacity":"","overlay-gradient":""},"tablet":{"background-color":"var(--ast-global-color-5)","background-image":"","background-repeat":"repeat","background-position":"center center","background-size":"auto","background-attachment":"scroll","background-type":"","background-media":"","overlay-type":"","overlay-color":"","overlay-opacity":"","overlay-gradient":""},"mobile":{"background-color":"var(--ast-global-color-5)","background-image":"","background-repeat":"repeat","background-position":"center center","background-size":"auto","background-attachment":"scroll","background-type":"","background-media":"","overlay-type":"","overlay-color":"","overlay-opacity":"","overlay-gradient":""}},"footnotes":""},"categories":[74,1,4],"tags":[52,49,105],"class_list":["post-4421","post","type-post","status-publish","format-standard","has-post-thumbnail","hentry","category-biblioteca","category-general","category-portada","tag-4t","tag-5e","tag-biblioteca"],"post_mailing_queue_ids":[],"_links":{"self":[{"href":"https:\/\/agora.xtec.cat\/ceiplessavines\/wp-json\/wp\/v2\/posts\/4421","targetHints":{"allow":["GET"]}}],"collection":[{"href":"https:\/\/agora.xtec.cat\/ceiplessavines\/wp-json\/wp\/v2\/posts"}],"about":[{"href":"https:\/\/agora.xtec.cat\/ceiplessavines\/wp-json\/wp\/v2\/types\/post"}],"author":[{"embeddable":true,"href":"https:\/\/agora.xtec.cat\/ceiplessavines\/wp-json\/wp\/v2\/users\/8"}],"replies":[{"embeddable":true,"href":"https:\/\/agora.xtec.cat\/ceiplessavines\/wp-json\/wp\/v2\/comments?post=4421"}],"version-history":[{"count":2,"href":"https:\/\/agora.xtec.cat\/ceiplessavines\/wp-json\/wp\/v2\/posts\/4421\/revisions"}],"predecessor-version":[{"id":4426,"href":"https:\/\/agora.xtec.cat\/ceiplessavines\/wp-json\/wp\/v2\/posts\/4421\/revisions\/4426"}],"wp:featuredmedia":[{"embeddable":true,"href":"https:\/\/agora.xtec.cat\/ceiplessavines\/wp-json\/wp\/v2\/media\/4425"}],"wp:attachment":[{"href":"https:\/\/agora.xtec.cat\/ceiplessavines\/wp-json\/wp\/v2\/media?parent=4421"}],"wp:term":[{"taxonomy":"category","embeddable":true,"href":"https:\/\/agora.xtec.cat\/ceiplessavines\/wp-json\/wp\/v2\/categories?post=4421"},{"taxonomy":"post_tag","embeddable":true,"href":"https:\/\/agora.xtec.cat\/ceiplessavines\/wp-json\/wp\/v2\/tags?post=4421"}],"curies":[{"name":"wp","href":"https:\/\/api.w.org\/{rel}","templated":true}]}}