{"id":3758,"date":"2018-11-07T13:28:01","date_gmt":"2018-11-07T12:28:01","guid":{"rendered":"http:\/\/agora.xtec.cat\/ceiplessavines\/?p=3758"},"modified":"2018-11-07T13:33:27","modified_gmt":"2018-11-07T12:33:27","slug":"taller-dalbums-il%c2%b7lustrats","status":"publish","type":"post","link":"https:\/\/agora.xtec.cat\/ceiplessavines\/general\/projectes-descola\/biblioteca\/taller-dalbums-il%c2%b7lustrats\/","title":{"rendered":"TALLER D&#8217;\u00c0LBUMS IL\u00b7LUSTRATS"},"content":{"rendered":"<p>El passat dijous onze d&#8217;octubre, els alumnes de cinqu\u00e8, vam a anar a la biblioteca comarcal Josep Finestres de Cervera, per participar en el taller d&#8217;\u00e0lbums il\u00b7lustrats. Ens van explicar que sovint tenim la idea equivocada de que els llibres amb il\u00b7lustracions nom\u00e9s s\u00f3n pels nens petits, i aix\u00f2 no \u00e9s cert. Hi ha llibres amb il\u00b7lustracions, que expliquen hist\u00f2ries per a totes les edats. Vam jugar a relacionar cada llibre amb les seves <strong>guardes<\/strong>. Les <strong>guardes<\/strong> dels llibres il\u00b7lustrats s\u00f3n especials perqu\u00e8 s\u00f3n molt boniques. Vam descobrir molts \u00e0lbums il\u00b7lustrats nous que no coneix\u00edem. Ens ha agradat molt aquest taller.<\/p>\n<p><img loading=\"lazy\" decoding=\"async\" class=\"aligncenter wp-image-3759 size-large\" src=\"https:\/\/agora.xtec.cat\/ceiplessavines\/wp-content\/uploads\/usu230\/2018\/11\/IMG_20181011_095250.redimensionada-1024x768.jpg\" alt=\"\" width=\"1024\" height=\"768\" srcset=\"https:\/\/agora.xtec.cat\/ceiplessavines\/wp-content\/uploads\/usu230\/2018\/11\/IMG_20181011_095250.redimensionada.jpg 1024w, https:\/\/agora.xtec.cat\/ceiplessavines\/wp-content\/uploads\/usu230\/2018\/11\/IMG_20181011_095250.redimensionada-300x225.jpg 300w, https:\/\/agora.xtec.cat\/ceiplessavines\/wp-content\/uploads\/usu230\/2018\/11\/IMG_20181011_095250.redimensionada-768x576.jpg 768w, https:\/\/agora.xtec.cat\/ceiplessavines\/wp-content\/uploads\/usu230\/2018\/11\/IMG_20181011_095250.redimensionada-200x150.jpg 200w\" sizes=\"auto, (max-width: 1024px) 100vw, 1024px\" \/><\/p>\n","protected":false},"excerpt":{"rendered":"<p>El passat dijous onze d&#8217;octubre, els alumnes de cinqu\u00e8, vam a anar a la biblioteca comarcal Josep Finestres de Cervera, per participar en el taller d&#8217;\u00e0lbums il\u00b7lustrats. Ens van explicar que sovint tenim la idea equivocada de que els llibres amb il\u00b7lustracions nom\u00e9s s\u00f3n pels nens petits, i aix\u00f2 no \u00e9s cert. Hi ha llibres [&hellip;]<\/p>\n","protected":false},"author":9,"featured_media":3759,"comment_status":"open","ping_status":"closed","sticky":false,"template":"","format":"standard","meta":{"_bbp_topic_count":0,"_bbp_reply_count":0,"_bbp_total_topic_count":0,"_bbp_total_reply_count":0,"_bbp_voice_count":0,"_bbp_anonymous_reply_count":0,"_bbp_topic_count_hidden":0,"_bbp_reply_count_hidden":0,"_bbp_forum_subforum_count":0,"site-sidebar-layout":"default","site-content-layout":"","ast-site-content-layout":"","site-content-style":"default","site-sidebar-style":"default","ast-global-header-display":"","ast-banner-title-visibility":"","ast-main-header-display":"","ast-hfb-above-header-display":"","ast-hfb-below-header-display":"","ast-hfb-mobile-header-display":"","site-post-title":"","ast-breadcrumbs-content":"","ast-featured-img":"","footer-sml-layout":"","theme-transparent-header-meta":"","adv-header-id-meta":"","stick-header-meta":"","header-above-stick-meta":"","header-main-stick-meta":"","header-below-stick-meta":"","astra-migrate-meta-layouts":"default","ast-page-background-enabled":"default","ast-page-background-meta":{"desktop":{"background-color":"var(--ast-global-color-4)","background-image":"","background-repeat":"repeat","background-position":"center center","background-size":"auto","background-attachment":"scroll","background-type":"","background-media":"","overlay-type":"","overlay-color":"","overlay-opacity":"","overlay-gradient":""},"tablet":{"background-color":"","background-image":"","background-repeat":"repeat","background-position":"center center","background-size":"auto","background-attachment":"scroll","background-type":"","background-media":"","overlay-type":"","overlay-color":"","overlay-opacity":"","overlay-gradient":""},"mobile":{"background-color":"","background-image":"","background-repeat":"repeat","background-position":"center center","background-size":"auto","background-attachment":"scroll","background-type":"","background-media":"","overlay-type":"","overlay-color":"","overlay-opacity":"","overlay-gradient":""}},"ast-content-background-meta":{"desktop":{"background-color":"var(--ast-global-color-5)","background-image":"","background-repeat":"repeat","background-position":"center center","background-size":"auto","background-attachment":"scroll","background-type":"","background-media":"","overlay-type":"","overlay-color":"","overlay-opacity":"","overlay-gradient":""},"tablet":{"background-color":"var(--ast-global-color-5)","background-image":"","background-repeat":"repeat","background-position":"center center","background-size":"auto","background-attachment":"scroll","background-type":"","background-media":"","overlay-type":"","overlay-color":"","overlay-opacity":"","overlay-gradient":""},"mobile":{"background-color":"var(--ast-global-color-5)","background-image":"","background-repeat":"repeat","background-position":"center center","background-size":"auto","background-attachment":"scroll","background-type":"","background-media":"","overlay-type":"","overlay-color":"","overlay-opacity":"","overlay-gradient":""}},"footnotes":""},"categories":[74],"tags":[49,105,104,45],"class_list":["post-3758","post","type-post","status-publish","format-standard","has-post-thumbnail","hentry","category-biblioteca","tag-5e","tag-biblioteca","tag-cicle-superior","tag-tallers"],"post_mailing_queue_ids":[],"_links":{"self":[{"href":"https:\/\/agora.xtec.cat\/ceiplessavines\/wp-json\/wp\/v2\/posts\/3758","targetHints":{"allow":["GET"]}}],"collection":[{"href":"https:\/\/agora.xtec.cat\/ceiplessavines\/wp-json\/wp\/v2\/posts"}],"about":[{"href":"https:\/\/agora.xtec.cat\/ceiplessavines\/wp-json\/wp\/v2\/types\/post"}],"author":[{"embeddable":true,"href":"https:\/\/agora.xtec.cat\/ceiplessavines\/wp-json\/wp\/v2\/users\/9"}],"replies":[{"embeddable":true,"href":"https:\/\/agora.xtec.cat\/ceiplessavines\/wp-json\/wp\/v2\/comments?post=3758"}],"version-history":[{"count":1,"href":"https:\/\/agora.xtec.cat\/ceiplessavines\/wp-json\/wp\/v2\/posts\/3758\/revisions"}],"predecessor-version":[{"id":3760,"href":"https:\/\/agora.xtec.cat\/ceiplessavines\/wp-json\/wp\/v2\/posts\/3758\/revisions\/3760"}],"wp:featuredmedia":[{"embeddable":true,"href":"https:\/\/agora.xtec.cat\/ceiplessavines\/wp-json\/wp\/v2\/media\/3759"}],"wp:attachment":[{"href":"https:\/\/agora.xtec.cat\/ceiplessavines\/wp-json\/wp\/v2\/media?parent=3758"}],"wp:term":[{"taxonomy":"category","embeddable":true,"href":"https:\/\/agora.xtec.cat\/ceiplessavines\/wp-json\/wp\/v2\/categories?post=3758"},{"taxonomy":"post_tag","embeddable":true,"href":"https:\/\/agora.xtec.cat\/ceiplessavines\/wp-json\/wp\/v2\/tags?post=3758"}],"curies":[{"name":"wp","href":"https:\/\/api.w.org\/{rel}","templated":true}]}}