{"id":3650,"date":"2018-10-24T15:30:23","date_gmt":"2018-10-24T13:30:23","guid":{"rendered":"http:\/\/agora.xtec.cat\/ceiplessavines\/?p=3650"},"modified":"2018-10-24T15:30:23","modified_gmt":"2018-10-24T13:30:23","slug":"els-tallers-de-cicle-superior","status":"publish","type":"post","link":"https:\/\/agora.xtec.cat\/ceiplessavines\/portada\/els-tallers-de-cicle-superior\/","title":{"rendered":"Els tallers de cicle superior"},"content":{"rendered":"<p><span style=\"font-family: Purisa;\"><span style=\"font-size: x-large;\">La \u00faltima setmana de setembre vam comen\u00e7ar els tallers de l&#8217;escola, que fem els nens i nenes de cicle superior.<\/span><\/span><\/p>\n<p><span style=\"font-family: Purisa;\"><span style=\"font-size: x-large;\">F<\/span><\/span><span style=\"font-family: Purisa;\"><span style=\"font-size: x-large;\">em talle<\/span><\/span><span style=\"font-family: Purisa;\"><span style=\"font-size: x-large;\">r<\/span><\/span><span style=\"font-family: Purisa;\"><span style=\"font-size: x-large;\">s de pl\u00e0stica, de llengua i d<\/span><\/span><span style=\"font-family: Purisa;\"><span style=\"font-size: x-large;\">&#8216;e<\/span><\/span><span style=\"font-family: Purisa;\"><span style=\"font-size: x-large;\">xp<\/span><\/span><span style=\"font-family: Purisa;\"><span style=\"font-size: x-large;\">erimentaci\u00f3<\/span><\/span><span style=\"font-family: Purisa;\"><span style=\"font-size: x-large;\">. <\/span><\/span><span style=\"font-family: Purisa;\"><span style=\"font-size: x-large;\">C<\/span><\/span><span style=\"font-family: Purisa;\"><span style=\"font-size: x-large;\">ada talle<\/span><\/span><span style=\"font-family: Purisa;\"><span style=\"font-size: x-large;\">r el fem un dia diferent i <\/span><\/span><span style=\"font-family: Purisa;\"><span style=\"font-size: x-large;\">ens bar<\/span><\/span><span style=\"font-family: Purisa;\"><span style=\"font-size: x-large;\">r<\/span><\/span><span style=\"font-family: Purisa;\"><span style=\"font-size: x-large;\">egem els <\/span><\/span><span style=\"font-family: Purisa;\"><span style=\"font-size: x-large;\">nens i nenes <\/span><\/span><span style=\"font-family: Purisa;\"><span style=\"font-size: x-large;\">de 5<\/span><\/span><sup><span style=\"font-family: Purisa;\"><span style=\"font-size: x-large;\">\u00e8<\/span><\/span><\/sup><span style=\"font-family: Purisa;\"><span style=\"font-size: x-large;\">, 6\u00e8<\/span><\/span><span style=\"font-family: Purisa;\"><span style=\"font-size: x-large;\">A i 6<\/span><\/span><sup><span style=\"font-family: Purisa;\"><span style=\"font-size: x-large;\">\u00e8<\/span><\/span><\/sup><span style=\"font-family: Purisa;\"><span style=\"font-size: x-large;\">B<\/span><\/span><span style=\"font-family: Purisa;\"><span style=\"font-size: x-large;\">. <\/span><\/span><\/p>\n<p><span style=\"font-family: Purisa;\"><span style=\"font-size: x-large;\">Als tallers de pl\u00e0stica fem volum, dibuix, pintura i colage. Als tallers d&#8217;experimentaci\u00f3 fem \u00e9ssers vius, mat\u00e8ria, tecnologia i el m\u00f3n que ens envolta. I als tallers de llengua fem un lapbook, el tn, un debat i un anunci de publicitat.<\/span><\/span><\/p>\n<p><span style=\"font-family: Purisa;\"><span style=\"font-size: x-large;\">Amb els tallers aprenem molt i a m\u00e9s a m\u00e9s aprenem a compartir.<\/span><\/span><\/p>\n<p><img loading=\"lazy\" decoding=\"async\" class=\"aligncenter wp-image-3652 size-medium\" src=\"https:\/\/agora.xtec.cat\/ceiplessavines\/wp-content\/uploads\/usu230\/2018\/10\/IMG_5308.redimensionada-300x225.jpg\" alt=\"\" width=\"300\" height=\"225\" srcset=\"https:\/\/agora.xtec.cat\/ceiplessavines\/wp-content\/uploads\/usu230\/2018\/10\/IMG_5308.redimensionada-300x225.jpg 300w, https:\/\/agora.xtec.cat\/ceiplessavines\/wp-content\/uploads\/usu230\/2018\/10\/IMG_5308.redimensionada-768x576.jpg 768w, https:\/\/agora.xtec.cat\/ceiplessavines\/wp-content\/uploads\/usu230\/2018\/10\/IMG_5308.redimensionada.jpg 1024w, https:\/\/agora.xtec.cat\/ceiplessavines\/wp-content\/uploads\/usu230\/2018\/10\/IMG_5308.redimensionada-200x150.jpg 200w\" sizes=\"auto, (max-width: 300px) 100vw, 300px\" \/><\/p>\n<p><img loading=\"lazy\" decoding=\"async\" class=\"aligncenter wp-image-3653 size-medium\" src=\"https:\/\/agora.xtec.cat\/ceiplessavines\/wp-content\/uploads\/usu230\/2018\/10\/IMG_5307.redimensionada-300x225.jpg\" alt=\"\" width=\"300\" height=\"225\" srcset=\"https:\/\/agora.xtec.cat\/ceiplessavines\/wp-content\/uploads\/usu230\/2018\/10\/IMG_5307.redimensionada-300x225.jpg 300w, https:\/\/agora.xtec.cat\/ceiplessavines\/wp-content\/uploads\/usu230\/2018\/10\/IMG_5307.redimensionada-768x576.jpg 768w, https:\/\/agora.xtec.cat\/ceiplessavines\/wp-content\/uploads\/usu230\/2018\/10\/IMG_5307.redimensionada.jpg 1024w, https:\/\/agora.xtec.cat\/ceiplessavines\/wp-content\/uploads\/usu230\/2018\/10\/IMG_5307.redimensionada-200x150.jpg 200w\" sizes=\"auto, (max-width: 300px) 100vw, 300px\" \/><\/p>\n<p><img loading=\"lazy\" decoding=\"async\" class=\"aligncenter wp-image-3655 size-medium\" src=\"https:\/\/agora.xtec.cat\/ceiplessavines\/wp-content\/uploads\/usu230\/2018\/10\/IMG_5309.redimensionada-300x225.jpg\" alt=\"\" width=\"300\" height=\"225\" srcset=\"https:\/\/agora.xtec.cat\/ceiplessavines\/wp-content\/uploads\/usu230\/2018\/10\/IMG_5309.redimensionada-300x225.jpg 300w, https:\/\/agora.xtec.cat\/ceiplessavines\/wp-content\/uploads\/usu230\/2018\/10\/IMG_5309.redimensionada-768x576.jpg 768w, https:\/\/agora.xtec.cat\/ceiplessavines\/wp-content\/uploads\/usu230\/2018\/10\/IMG_5309.redimensionada.jpg 1024w, https:\/\/agora.xtec.cat\/ceiplessavines\/wp-content\/uploads\/usu230\/2018\/10\/IMG_5309.redimensionada-200x150.jpg 200w\" sizes=\"auto, (max-width: 300px) 100vw, 300px\" \/><\/p>\n","protected":false},"excerpt":{"rendered":"<p>La \u00faltima setmana de setembre vam comen\u00e7ar els tallers de l&#8217;escola, que fem els nens i nenes de cicle superior. Fem tallers de pl\u00e0stica, de llengua i d&#8216;experimentaci\u00f3. Cada taller el fem un dia diferent i ens barregem els nens i nenes de 5\u00e8, 6\u00e8A i 6\u00e8B. Als tallers de pl\u00e0stica fem volum, dibuix, pintura [&hellip;]<\/p>\n","protected":false},"author":1,"featured_media":3655,"comment_status":"open","ping_status":"closed","sticky":false,"template":"","format":"standard","meta":{"_bbp_topic_count":0,"_bbp_reply_count":0,"_bbp_total_topic_count":0,"_bbp_total_reply_count":0,"_bbp_voice_count":0,"_bbp_anonymous_reply_count":0,"_bbp_topic_count_hidden":0,"_bbp_reply_count_hidden":0,"_bbp_forum_subforum_count":0,"site-sidebar-layout":"default","site-content-layout":"","ast-site-content-layout":"","site-content-style":"default","site-sidebar-style":"default","ast-global-header-display":"","ast-banner-title-visibility":"","ast-main-header-display":"","ast-hfb-above-header-display":"","ast-hfb-below-header-display":"","ast-hfb-mobile-header-display":"","site-post-title":"","ast-breadcrumbs-content":"","ast-featured-img":"","footer-sml-layout":"","theme-transparent-header-meta":"","adv-header-id-meta":"","stick-header-meta":"","header-above-stick-meta":"","header-main-stick-meta":"","header-below-stick-meta":"","astra-migrate-meta-layouts":"default","ast-page-background-enabled":"default","ast-page-background-meta":{"desktop":{"background-color":"var(--ast-global-color-4)","background-image":"","background-repeat":"repeat","background-position":"center center","background-size":"auto","background-attachment":"scroll","background-type":"","background-media":"","overlay-type":"","overlay-color":"","overlay-opacity":"","overlay-gradient":""},"tablet":{"background-color":"","background-image":"","background-repeat":"repeat","background-position":"center center","background-size":"auto","background-attachment":"scroll","background-type":"","background-media":"","overlay-type":"","overlay-color":"","overlay-opacity":"","overlay-gradient":""},"mobile":{"background-color":"","background-image":"","background-repeat":"repeat","background-position":"center center","background-size":"auto","background-attachment":"scroll","background-type":"","background-media":"","overlay-type":"","overlay-color":"","overlay-opacity":"","overlay-gradient":""}},"ast-content-background-meta":{"desktop":{"background-color":"var(--ast-global-color-5)","background-image":"","background-repeat":"repeat","background-position":"center center","background-size":"auto","background-attachment":"scroll","background-type":"","background-media":"","overlay-type":"","overlay-color":"","overlay-opacity":"","overlay-gradient":""},"tablet":{"background-color":"var(--ast-global-color-5)","background-image":"","background-repeat":"repeat","background-position":"center center","background-size":"auto","background-attachment":"scroll","background-type":"","background-media":"","overlay-type":"","overlay-color":"","overlay-opacity":"","overlay-gradient":""},"mobile":{"background-color":"var(--ast-global-color-5)","background-image":"","background-repeat":"repeat","background-position":"center center","background-size":"auto","background-attachment":"scroll","background-type":"","background-media":"","overlay-type":"","overlay-color":"","overlay-opacity":"","overlay-gradient":""}},"footnotes":""},"categories":[4],"tags":[49,50],"class_list":["post-3650","post","type-post","status-publish","format-standard","has-post-thumbnail","hentry","category-portada","tag-5e","tag-6e"],"post_mailing_queue_ids":[],"_links":{"self":[{"href":"https:\/\/agora.xtec.cat\/ceiplessavines\/wp-json\/wp\/v2\/posts\/3650","targetHints":{"allow":["GET"]}}],"collection":[{"href":"https:\/\/agora.xtec.cat\/ceiplessavines\/wp-json\/wp\/v2\/posts"}],"about":[{"href":"https:\/\/agora.xtec.cat\/ceiplessavines\/wp-json\/wp\/v2\/types\/post"}],"author":[{"embeddable":true,"href":"https:\/\/agora.xtec.cat\/ceiplessavines\/wp-json\/wp\/v2\/users\/1"}],"replies":[{"embeddable":true,"href":"https:\/\/agora.xtec.cat\/ceiplessavines\/wp-json\/wp\/v2\/comments?post=3650"}],"version-history":[{"count":3,"href":"https:\/\/agora.xtec.cat\/ceiplessavines\/wp-json\/wp\/v2\/posts\/3650\/revisions"}],"predecessor-version":[{"id":3656,"href":"https:\/\/agora.xtec.cat\/ceiplessavines\/wp-json\/wp\/v2\/posts\/3650\/revisions\/3656"}],"wp:featuredmedia":[{"embeddable":true,"href":"https:\/\/agora.xtec.cat\/ceiplessavines\/wp-json\/wp\/v2\/media\/3655"}],"wp:attachment":[{"href":"https:\/\/agora.xtec.cat\/ceiplessavines\/wp-json\/wp\/v2\/media?parent=3650"}],"wp:term":[{"taxonomy":"category","embeddable":true,"href":"https:\/\/agora.xtec.cat\/ceiplessavines\/wp-json\/wp\/v2\/categories?post=3650"},{"taxonomy":"post_tag","embeddable":true,"href":"https:\/\/agora.xtec.cat\/ceiplessavines\/wp-json\/wp\/v2\/tags?post=3650"}],"curies":[{"name":"wp","href":"https:\/\/api.w.org\/{rel}","templated":true}]}}