{"id":3630,"date":"2018-10-17T08:40:08","date_gmt":"2018-10-17T06:40:08","guid":{"rendered":"http:\/\/agora.xtec.cat\/ceiplessavines\/?p=3630"},"modified":"2018-10-17T08:47:49","modified_gmt":"2018-10-17T06:47:49","slug":"visita-a-la-biblioteca-de-cervera","status":"publish","type":"post","link":"https:\/\/agora.xtec.cat\/ceiplessavines\/general\/visita-a-la-biblioteca-de-cervera\/","title":{"rendered":"VISITA A LA BIBLIOTECA DE CERVERA"},"content":{"rendered":"<p style=\"text-align: center\" align=\"LEFT\"><a href=\"https:\/\/agora.xtec.cat\/ceiplessavines\/wp-content\/uploads\/usu230\/2018\/10\/BIBLIOTECA.redimensionada.jpg\"><img loading=\"lazy\" decoding=\"async\" class=\"alignnone size-medium wp-image-3631\" src=\"https:\/\/agora.xtec.cat\/ceiplessavines\/wp-content\/uploads\/usu230\/2018\/10\/BIBLIOTECA.redimensionada-300x169.jpg\" alt=\"\" width=\"300\" height=\"169\" srcset=\"https:\/\/agora.xtec.cat\/ceiplessavines\/wp-content\/uploads\/usu230\/2018\/10\/BIBLIOTECA.redimensionada-300x169.jpg 300w, https:\/\/agora.xtec.cat\/ceiplessavines\/wp-content\/uploads\/usu230\/2018\/10\/BIBLIOTECA.redimensionada-768x432.jpg 768w, https:\/\/agora.xtec.cat\/ceiplessavines\/wp-content\/uploads\/usu230\/2018\/10\/BIBLIOTECA.redimensionada.jpg 1024w\" sizes=\"auto, (max-width: 300px) 100vw, 300px\" \/><\/a><\/p>\n<p align=\"LEFT\"><span style=\"font-family: Escolar2\"><span style=\"font-size: x-large\">El dijous 11 d &#8221;Octubre vam anar a la biblioteca de Cervera. <\/span><\/span><\/p>\n<p align=\"LEFT\"><span style=\"font-family: Escolar2\"><span style=\"font-size: x-large\">La Sara, la bibliotec\u00e0ria, ens va preparar una activitat que es deia: \u201cEntre cometes\u201d, perqu\u00e8 era de c\u00f2mics.<\/span><\/span><\/p>\n<p align=\"LEFT\"><span style=\"font-family: Escolar2\"><span style=\"font-size: x-large\">Ens va presentar algunes parelles de c\u00f2mics:<\/span><\/span><\/p>\n<ul>\n<li style=\"list-style-type: none\">\n<ul>\n<li>\n<p align=\"LEFT\"><span style=\"font-family: Escolar2\"><span style=\"font-size: x-large\">els Barrufets i en Gargamel<\/span><\/span><\/p>\n<\/li>\n<li>\n<p align=\"LEFT\"><span style=\"font-family: Escolar2\"><span style=\"font-size: x-large\">el Petzi i el Pingu<\/span><\/span><\/p>\n<\/li>\n<li>\n<p align=\"LEFT\"><span style=\"font-family: Escolar2\"><span style=\"font-size: x-large\">els M\u00ednions<\/span><\/span><\/p>\n<\/li>\n<li>\n<p align=\"LEFT\"><span style=\"font-family: Escolar2\"><span style=\"font-size: x-large\">l&#8217; Ast\u00e8rix i l &#8216;Ob\u00e8lix<\/span><\/span><\/p>\n<\/li>\n<li>\n<p align=\"LEFT\"><span style=\"font-family: Escolar2\"><span style=\"font-size: x-large\">Ot el Bruixot<\/span><\/span><\/p>\n<\/li>\n<li>\n<p align=\"LEFT\"><span style=\"font-family: Escolar2\"><span style=\"font-size: x-large\">en Tint\u00edn i en Mil\u00fa<\/span><\/span><\/p>\n<\/li>\n<li>\n<p align=\"LEFT\"><span style=\"font-family: Escolar2\"><span style=\"font-size: x-large\">el Yakari i el fill del Tro<\/span><\/span><\/p>\n<\/li>\n<\/ul>\n<\/li>\n<\/ul>\n<p align=\"LEFT\"><span style=\"font-family: Escolar2\"><span style=\"font-size: x-large\">Per grups de tres vam fer una activitat:<\/span><\/span><\/p>\n<ul>\n<li>\n<p align=\"LEFT\"><span style=\"font-family: Escolar2\"><span style=\"font-size: x-large\">ens van donar un full amb els dibuixos d &#8216;una hist\u00f2ria del Petzi i el Pingu i nosaltres vam fer les frases del que deien els personatges.<\/span><\/span><\/p>\n<\/li>\n<\/ul>\n<p align=\"LEFT\"><span style=\"font-family: Escolar2\"><span style=\"font-size: x-large\">Despr\u00e9s ho vam compartir en veu alta als companys.<\/span><\/span><\/p>\n<p align=\"LEFT\"><span style=\"font-family: Escolar2\"><span style=\"font-size: x-large\">Vam poder mirar c\u00f2mics.<\/span><\/span><\/p>\n<p align=\"LEFT\"><span style=\"font-family: Escolar2\"><span style=\"font-size: x-large\">Ens ho vam passar molt b\u00e9!!!<\/span><\/span><\/p>\n<p align=\"LEFT\">Els alumnes de 2nA<\/p>\n<p align=\"LEFT\">\n","protected":false},"excerpt":{"rendered":"<p>El dijous 11 d &#8221;Octubre vam anar a la biblioteca de Cervera. La Sara, la bibliotec\u00e0ria, ens va preparar una activitat que es deia: \u201cEntre cometes\u201d, perqu\u00e8 era de c\u00f2mics. Ens va presentar algunes parelles de c\u00f2mics: els Barrufets i en Gargamel el Petzi i el Pingu els M\u00ednions l&#8217; Ast\u00e8rix i l &#8216;Ob\u00e8lix Ot [&hellip;]<\/p>\n","protected":false},"author":7,"featured_media":3633,"comment_status":"open","ping_status":"closed","sticky":false,"template":"","format":"standard","meta":{"_bbp_topic_count":0,"_bbp_reply_count":0,"_bbp_total_topic_count":0,"_bbp_total_reply_count":0,"_bbp_voice_count":0,"_bbp_anonymous_reply_count":0,"_bbp_topic_count_hidden":0,"_bbp_reply_count_hidden":0,"_bbp_forum_subforum_count":0,"site-sidebar-layout":"default","site-content-layout":"","ast-site-content-layout":"","site-content-style":"default","site-sidebar-style":"default","ast-global-header-display":"","ast-banner-title-visibility":"","ast-main-header-display":"","ast-hfb-above-header-display":"","ast-hfb-below-header-display":"","ast-hfb-mobile-header-display":"","site-post-title":"","ast-breadcrumbs-content":"","ast-featured-img":"","footer-sml-layout":"","theme-transparent-header-meta":"","adv-header-id-meta":"","stick-header-meta":"","header-above-stick-meta":"","header-main-stick-meta":"","header-below-stick-meta":"","astra-migrate-meta-layouts":"default","ast-page-background-enabled":"default","ast-page-background-meta":{"desktop":{"background-color":"var(--ast-global-color-4)","background-image":"","background-repeat":"repeat","background-position":"center center","background-size":"auto","background-attachment":"scroll","background-type":"","background-media":"","overlay-type":"","overlay-color":"","overlay-opacity":"","overlay-gradient":""},"tablet":{"background-color":"","background-image":"","background-repeat":"repeat","background-position":"center center","background-size":"auto","background-attachment":"scroll","background-type":"","background-media":"","overlay-type":"","overlay-color":"","overlay-opacity":"","overlay-gradient":""},"mobile":{"background-color":"","background-image":"","background-repeat":"repeat","background-position":"center center","background-size":"auto","background-attachment":"scroll","background-type":"","background-media":"","overlay-type":"","overlay-color":"","overlay-opacity":"","overlay-gradient":""}},"ast-content-background-meta":{"desktop":{"background-color":"var(--ast-global-color-5)","background-image":"","background-repeat":"repeat","background-position":"center center","background-size":"auto","background-attachment":"scroll","background-type":"","background-media":"","overlay-type":"","overlay-color":"","overlay-opacity":"","overlay-gradient":""},"tablet":{"background-color":"var(--ast-global-color-5)","background-image":"","background-repeat":"repeat","background-position":"center center","background-size":"auto","background-attachment":"scroll","background-type":"","background-media":"","overlay-type":"","overlay-color":"","overlay-opacity":"","overlay-gradient":""},"mobile":{"background-color":"var(--ast-global-color-5)","background-image":"","background-repeat":"repeat","background-position":"center center","background-size":"auto","background-attachment":"scroll","background-type":"","background-media":"","overlay-type":"","overlay-color":"","overlay-opacity":"","overlay-gradient":""}},"footnotes":""},"categories":[74,1,4],"tags":[],"class_list":["post-3630","post","type-post","status-publish","format-standard","has-post-thumbnail","hentry","category-biblioteca","category-general","category-portada"],"post_mailing_queue_ids":[],"_links":{"self":[{"href":"https:\/\/agora.xtec.cat\/ceiplessavines\/wp-json\/wp\/v2\/posts\/3630","targetHints":{"allow":["GET"]}}],"collection":[{"href":"https:\/\/agora.xtec.cat\/ceiplessavines\/wp-json\/wp\/v2\/posts"}],"about":[{"href":"https:\/\/agora.xtec.cat\/ceiplessavines\/wp-json\/wp\/v2\/types\/post"}],"author":[{"embeddable":true,"href":"https:\/\/agora.xtec.cat\/ceiplessavines\/wp-json\/wp\/v2\/users\/7"}],"replies":[{"embeddable":true,"href":"https:\/\/agora.xtec.cat\/ceiplessavines\/wp-json\/wp\/v2\/comments?post=3630"}],"version-history":[{"count":3,"href":"https:\/\/agora.xtec.cat\/ceiplessavines\/wp-json\/wp\/v2\/posts\/3630\/revisions"}],"predecessor-version":[{"id":3639,"href":"https:\/\/agora.xtec.cat\/ceiplessavines\/wp-json\/wp\/v2\/posts\/3630\/revisions\/3639"}],"wp:featuredmedia":[{"embeddable":true,"href":"https:\/\/agora.xtec.cat\/ceiplessavines\/wp-json\/wp\/v2\/media\/3633"}],"wp:attachment":[{"href":"https:\/\/agora.xtec.cat\/ceiplessavines\/wp-json\/wp\/v2\/media?parent=3630"}],"wp:term":[{"taxonomy":"category","embeddable":true,"href":"https:\/\/agora.xtec.cat\/ceiplessavines\/wp-json\/wp\/v2\/categories?post=3630"},{"taxonomy":"post_tag","embeddable":true,"href":"https:\/\/agora.xtec.cat\/ceiplessavines\/wp-json\/wp\/v2\/tags?post=3630"}],"curies":[{"name":"wp","href":"https:\/\/api.w.org\/{rel}","templated":true}]}}