{"id":3221,"date":"2018-04-26T16:26:48","date_gmt":"2018-04-26T14:26:48","guid":{"rendered":"http:\/\/agora.xtec.cat\/ceiplessavines\/?p=3221"},"modified":"2018-04-26T16:31:32","modified_gmt":"2018-04-26T14:31:32","slug":"la-cantata-de-4t","status":"publish","type":"post","link":"https:\/\/agora.xtec.cat\/ceiplessavines\/portada\/la-cantata-de-4t\/","title":{"rendered":"LA CANTATA DE 4t"},"content":{"rendered":"<p lang=\"ca-ES\" align=\"left\"><span style=\"font-family: Arial,sans-serif;\"><span style=\"font-size: x-large;\">El dimecres 25 d&#8217;abril, els nens i nenes de 4<sup>t<\/sup> de totes les escoles de Cervera vam anar a cantar al Paranimf de la Universitat. Vam fer una cantata que es titulava \u00abLa F\u00e0brica de Colors\u00bb. <\/span><\/span><\/p>\n<p lang=\"ca-ES\" align=\"left\"><span style=\"font-family: Arial,sans-serif;\"><span style=\"font-size: x-large;\">Primer vam assajar les can\u00e7ons del concert i m\u00e9s tard, vam esmorzar als patis de la Universitat i despr\u00e9s vam fer la cantata. A la cantata van venir els pares, les mares i algunes classes de les altres escoles de Cervera. Les can\u00e7ons de la cantata parlaven dels colors i que cadasc\u00fa \u00e9s tal com \u00e9s. <\/span><\/span><\/p>\n<p lang=\"ca-ES\" align=\"left\"><span style=\"font-family: Arial,sans-serif;\"><span style=\"font-size: x-large;\">Ens ha agradat molt cantar amb diferents nens i nenes, i esperem tornar-nos a veure.<\/span><\/span><\/p>\n<p lang=\"ca-ES\" align=\"center\"><span style=\"font-family: Arial,sans-serif;\"><span style=\"font-size: x-large;\"> \u00abApa i anem-hi tots, a la f\u00e0brica de colors;<\/span><\/span><\/p>\n<p lang=\"ca-ES\" align=\"center\"><span style=\"font-family: Arial,sans-serif;\"><span style=\"font-size: x-large;\">som-hi que et pintarem com tu vols.<\/span><\/span><\/p>\n<p lang=\"ca-ES\" align=\"center\"><span style=\"font-family: Arial,sans-serif;\"><span style=\"font-size: x-large;\">Trobar\u00e0s mil colors!\u00bb<\/span><\/span><\/p>\n<p lang=\"ca-ES\" align=\"center\"><img loading=\"lazy\" decoding=\"async\" class=\"aligncenter wp-image-3226 size-medium\" src=\"http:\/\/agora.xtec.cat\/ceiplessavines\/wp-content\/uploads\/usu230\/2018\/04\/IMG_7600.redimensionada-300x225.jpg\" alt=\"\" width=\"300\" height=\"225\" srcset=\"https:\/\/agora.xtec.cat\/ceiplessavines\/wp-content\/uploads\/usu230\/2018\/04\/IMG_7600.redimensionada-300x225.jpg 300w, https:\/\/agora.xtec.cat\/ceiplessavines\/wp-content\/uploads\/usu230\/2018\/04\/IMG_7600.redimensionada-768x576.jpg 768w, https:\/\/agora.xtec.cat\/ceiplessavines\/wp-content\/uploads\/usu230\/2018\/04\/IMG_7600.redimensionada.jpg 1024w, https:\/\/agora.xtec.cat\/ceiplessavines\/wp-content\/uploads\/usu230\/2018\/04\/IMG_7600.redimensionada-200x150.jpg 200w\" sizes=\"auto, (max-width: 300px) 100vw, 300px\" \/><\/p>\n<p lang=\"ca-ES\" align=\"center\">\n","protected":false},"excerpt":{"rendered":"<p>El dimecres 25 d&#8217;abril, els nens i nenes de 4t de totes les escoles de Cervera vam anar a cantar al Paranimf de la Universitat. Vam fer una cantata que es titulava \u00abLa F\u00e0brica de Colors\u00bb. Primer vam assajar les can\u00e7ons del concert i m\u00e9s tard, vam esmorzar als patis de la Universitat i despr\u00e9s [&hellip;]<\/p>\n","protected":false},"author":1,"featured_media":3223,"comment_status":"open","ping_status":"closed","sticky":false,"template":"","format":"standard","meta":{"_bbp_topic_count":0,"_bbp_reply_count":0,"_bbp_total_topic_count":0,"_bbp_total_reply_count":0,"_bbp_voice_count":0,"_bbp_anonymous_reply_count":0,"_bbp_topic_count_hidden":0,"_bbp_reply_count_hidden":0,"_bbp_forum_subforum_count":0,"site-sidebar-layout":"default","site-content-layout":"","ast-site-content-layout":"","site-content-style":"default","site-sidebar-style":"default","ast-global-header-display":"","ast-banner-title-visibility":"","ast-main-header-display":"","ast-hfb-above-header-display":"","ast-hfb-below-header-display":"","ast-hfb-mobile-header-display":"","site-post-title":"","ast-breadcrumbs-content":"","ast-featured-img":"","footer-sml-layout":"","theme-transparent-header-meta":"","adv-header-id-meta":"","stick-header-meta":"","header-above-stick-meta":"","header-main-stick-meta":"","header-below-stick-meta":"","astra-migrate-meta-layouts":"default","ast-page-background-enabled":"default","ast-page-background-meta":{"desktop":{"background-color":"var(--ast-global-color-4)","background-image":"","background-repeat":"repeat","background-position":"center center","background-size":"auto","background-attachment":"scroll","background-type":"","background-media":"","overlay-type":"","overlay-color":"","overlay-opacity":"","overlay-gradient":""},"tablet":{"background-color":"","background-image":"","background-repeat":"repeat","background-position":"center center","background-size":"auto","background-attachment":"scroll","background-type":"","background-media":"","overlay-type":"","overlay-color":"","overlay-opacity":"","overlay-gradient":""},"mobile":{"background-color":"","background-image":"","background-repeat":"repeat","background-position":"center center","background-size":"auto","background-attachment":"scroll","background-type":"","background-media":"","overlay-type":"","overlay-color":"","overlay-opacity":"","overlay-gradient":""}},"ast-content-background-meta":{"desktop":{"background-color":"var(--ast-global-color-5)","background-image":"","background-repeat":"repeat","background-position":"center center","background-size":"auto","background-attachment":"scroll","background-type":"","background-media":"","overlay-type":"","overlay-color":"","overlay-opacity":"","overlay-gradient":""},"tablet":{"background-color":"var(--ast-global-color-5)","background-image":"","background-repeat":"repeat","background-position":"center center","background-size":"auto","background-attachment":"scroll","background-type":"","background-media":"","overlay-type":"","overlay-color":"","overlay-opacity":"","overlay-gradient":""},"mobile":{"background-color":"var(--ast-global-color-5)","background-image":"","background-repeat":"repeat","background-position":"center center","background-size":"auto","background-attachment":"scroll","background-type":"","background-media":"","overlay-type":"","overlay-color":"","overlay-opacity":"","overlay-gradient":""}},"footnotes":""},"categories":[4],"tags":[],"class_list":["post-3221","post","type-post","status-publish","format-standard","has-post-thumbnail","hentry","category-portada"],"post_mailing_queue_ids":[],"_links":{"self":[{"href":"https:\/\/agora.xtec.cat\/ceiplessavines\/wp-json\/wp\/v2\/posts\/3221","targetHints":{"allow":["GET"]}}],"collection":[{"href":"https:\/\/agora.xtec.cat\/ceiplessavines\/wp-json\/wp\/v2\/posts"}],"about":[{"href":"https:\/\/agora.xtec.cat\/ceiplessavines\/wp-json\/wp\/v2\/types\/post"}],"author":[{"embeddable":true,"href":"https:\/\/agora.xtec.cat\/ceiplessavines\/wp-json\/wp\/v2\/users\/1"}],"replies":[{"embeddable":true,"href":"https:\/\/agora.xtec.cat\/ceiplessavines\/wp-json\/wp\/v2\/comments?post=3221"}],"version-history":[{"count":3,"href":"https:\/\/agora.xtec.cat\/ceiplessavines\/wp-json\/wp\/v2\/posts\/3221\/revisions"}],"predecessor-version":[{"id":3229,"href":"https:\/\/agora.xtec.cat\/ceiplessavines\/wp-json\/wp\/v2\/posts\/3221\/revisions\/3229"}],"wp:featuredmedia":[{"embeddable":true,"href":"https:\/\/agora.xtec.cat\/ceiplessavines\/wp-json\/wp\/v2\/media\/3223"}],"wp:attachment":[{"href":"https:\/\/agora.xtec.cat\/ceiplessavines\/wp-json\/wp\/v2\/media?parent=3221"}],"wp:term":[{"taxonomy":"category","embeddable":true,"href":"https:\/\/agora.xtec.cat\/ceiplessavines\/wp-json\/wp\/v2\/categories?post=3221"},{"taxonomy":"post_tag","embeddable":true,"href":"https:\/\/agora.xtec.cat\/ceiplessavines\/wp-json\/wp\/v2\/tags?post=3221"}],"curies":[{"name":"wp","href":"https:\/\/api.w.org\/{rel}","templated":true}]}}