{"id":2816,"date":"2018-02-28T12:50:37","date_gmt":"2018-02-28T11:50:37","guid":{"rendered":"http:\/\/agora.xtec.cat\/ceiplessavines\/?p=2816"},"modified":"2018-02-28T12:50:37","modified_gmt":"2018-02-28T11:50:37","slug":"visita-a-la-biblioteca-comarcal-josep-finestres","status":"publish","type":"post","link":"https:\/\/agora.xtec.cat\/ceiplessavines\/general\/visita-a-la-biblioteca-comarcal-josep-finestres\/","title":{"rendered":"VISITA A LA BIBLIOTECA COMARCAL &#8220;JOSEP FINESTRES&#8221;"},"content":{"rendered":"<p><span style=\"font-family: Purisa\"><span style=\"font-size: medium\">El dijous 18 de gener vam fer una sortida a la biblioteca comarcal.<\/span><\/span><\/p>\n<p><span style=\"font-family: Purisa\"><span style=\"font-size: medium\">Quan vam arribar ens van dir que ens assegu\u00e9ssim en una rotllana al voltant d\u2019una taula on hi havia \u00e0lbums il\u00b7lustrats exposats.<\/span><\/span><\/p>\n<p><span style=\"font-family: Purisa\"><span style=\"font-size: medium\">Ens van explicar que molts nens agafaven m\u00e9s els llibres que els \u00e0lbums.<\/span><\/span><\/p>\n<p><span style=\"font-family: Purisa\"><span style=\"font-size: medium\">All\u00e0 vam fer una activitat de reconeixement de guardes dels llibres: hav\u00edem d\u2019aparellar-les i explicar com ho hav\u00edem sabut. La bibliotec\u00e0ria ens anava explicant les hist\u00f2ries que hi havia.<\/span><\/span><\/p>\n<p><span style=\"font-family: Purisa\"><span style=\"font-size: medium\">Per acabar ens van deixar mirar els llibres exposats.<\/span><\/span><\/p>\n<p><img loading=\"lazy\" decoding=\"async\" class=\"alignnone size-full wp-image-2817\" src=\"http:\/\/agora.xtec.cat\/ceiplessavines\/wp-content\/uploads\/usu230\/2018\/02\/biblioteca.jpg\" alt=\"\" width=\"640\" height=\"480\" srcset=\"https:\/\/agora.xtec.cat\/ceiplessavines\/wp-content\/uploads\/usu230\/2018\/02\/biblioteca.jpg 640w, https:\/\/agora.xtec.cat\/ceiplessavines\/wp-content\/uploads\/usu230\/2018\/02\/biblioteca-300x225.jpg 300w, https:\/\/agora.xtec.cat\/ceiplessavines\/wp-content\/uploads\/usu230\/2018\/02\/biblioteca-200x150.jpg 200w\" sizes=\"auto, (max-width: 640px) 100vw, 640px\" \/><span style=\"font-family: Purisa\"><span style=\"font-size: medium\">Va ser un bon descobriment. Descobriu-ho vosaltres!<\/span><\/span><\/p>\n","protected":false},"excerpt":{"rendered":"<p>El dijous 18 de gener vam fer una sortida a la biblioteca comarcal. Quan vam arribar ens van dir que ens assegu\u00e9ssim en una rotllana al voltant d\u2019una taula on hi havia \u00e0lbums il\u00b7lustrats exposats. Ens van explicar que molts nens agafaven m\u00e9s els llibres que els \u00e0lbums. All\u00e0 vam fer una activitat de reconeixement [&hellip;]<\/p>\n","protected":false},"author":9,"featured_media":2817,"comment_status":"open","ping_status":"closed","sticky":false,"template":"","format":"standard","meta":{"_bbp_topic_count":0,"_bbp_reply_count":0,"_bbp_total_topic_count":0,"_bbp_total_reply_count":0,"_bbp_voice_count":0,"_bbp_anonymous_reply_count":0,"_bbp_topic_count_hidden":0,"_bbp_reply_count_hidden":0,"_bbp_forum_subforum_count":0,"site-sidebar-layout":"default","site-content-layout":"","ast-site-content-layout":"","site-content-style":"default","site-sidebar-style":"default","ast-global-header-display":"","ast-banner-title-visibility":"","ast-main-header-display":"","ast-hfb-above-header-display":"","ast-hfb-below-header-display":"","ast-hfb-mobile-header-display":"","site-post-title":"","ast-breadcrumbs-content":"","ast-featured-img":"","footer-sml-layout":"","theme-transparent-header-meta":"","adv-header-id-meta":"","stick-header-meta":"","header-above-stick-meta":"","header-main-stick-meta":"","header-below-stick-meta":"","astra-migrate-meta-layouts":"default","ast-page-background-enabled":"default","ast-page-background-meta":{"desktop":{"background-color":"var(--ast-global-color-4)","background-image":"","background-repeat":"repeat","background-position":"center center","background-size":"auto","background-attachment":"scroll","background-type":"","background-media":"","overlay-type":"","overlay-color":"","overlay-opacity":"","overlay-gradient":""},"tablet":{"background-color":"","background-image":"","background-repeat":"repeat","background-position":"center center","background-size":"auto","background-attachment":"scroll","background-type":"","background-media":"","overlay-type":"","overlay-color":"","overlay-opacity":"","overlay-gradient":""},"mobile":{"background-color":"","background-image":"","background-repeat":"repeat","background-position":"center center","background-size":"auto","background-attachment":"scroll","background-type":"","background-media":"","overlay-type":"","overlay-color":"","overlay-opacity":"","overlay-gradient":""}},"ast-content-background-meta":{"desktop":{"background-color":"var(--ast-global-color-5)","background-image":"","background-repeat":"repeat","background-position":"center center","background-size":"auto","background-attachment":"scroll","background-type":"","background-media":"","overlay-type":"","overlay-color":"","overlay-opacity":"","overlay-gradient":""},"tablet":{"background-color":"var(--ast-global-color-5)","background-image":"","background-repeat":"repeat","background-position":"center center","background-size":"auto","background-attachment":"scroll","background-type":"","background-media":"","overlay-type":"","overlay-color":"","overlay-opacity":"","overlay-gradient":""},"mobile":{"background-color":"var(--ast-global-color-5)","background-image":"","background-repeat":"repeat","background-position":"center center","background-size":"auto","background-attachment":"scroll","background-type":"","background-media":"","overlay-type":"","overlay-color":"","overlay-opacity":"","overlay-gradient":""}},"footnotes":""},"categories":[1],"tags":[49,105,16],"class_list":["post-2816","post","type-post","status-publish","format-standard","has-post-thumbnail","hentry","category-general","tag-5e","tag-biblioteca","tag-sortides"],"post_mailing_queue_ids":[],"_links":{"self":[{"href":"https:\/\/agora.xtec.cat\/ceiplessavines\/wp-json\/wp\/v2\/posts\/2816","targetHints":{"allow":["GET"]}}],"collection":[{"href":"https:\/\/agora.xtec.cat\/ceiplessavines\/wp-json\/wp\/v2\/posts"}],"about":[{"href":"https:\/\/agora.xtec.cat\/ceiplessavines\/wp-json\/wp\/v2\/types\/post"}],"author":[{"embeddable":true,"href":"https:\/\/agora.xtec.cat\/ceiplessavines\/wp-json\/wp\/v2\/users\/9"}],"replies":[{"embeddable":true,"href":"https:\/\/agora.xtec.cat\/ceiplessavines\/wp-json\/wp\/v2\/comments?post=2816"}],"version-history":[{"count":1,"href":"https:\/\/agora.xtec.cat\/ceiplessavines\/wp-json\/wp\/v2\/posts\/2816\/revisions"}],"predecessor-version":[{"id":2818,"href":"https:\/\/agora.xtec.cat\/ceiplessavines\/wp-json\/wp\/v2\/posts\/2816\/revisions\/2818"}],"wp:featuredmedia":[{"embeddable":true,"href":"https:\/\/agora.xtec.cat\/ceiplessavines\/wp-json\/wp\/v2\/media\/2817"}],"wp:attachment":[{"href":"https:\/\/agora.xtec.cat\/ceiplessavines\/wp-json\/wp\/v2\/media?parent=2816"}],"wp:term":[{"taxonomy":"category","embeddable":true,"href":"https:\/\/agora.xtec.cat\/ceiplessavines\/wp-json\/wp\/v2\/categories?post=2816"},{"taxonomy":"post_tag","embeddable":true,"href":"https:\/\/agora.xtec.cat\/ceiplessavines\/wp-json\/wp\/v2\/tags?post=2816"}],"curies":[{"name":"wp","href":"https:\/\/api.w.org\/{rel}","templated":true}]}}