{"id":2684,"date":"2018-02-07T09:57:08","date_gmt":"2018-02-07T08:57:08","guid":{"rendered":"http:\/\/agora.xtec.cat\/ceiplessavines\/?p=2684"},"modified":"2018-02-07T10:12:58","modified_gmt":"2018-02-07T09:12:58","slug":"recollida-de-piles","status":"publish","type":"post","link":"https:\/\/agora.xtec.cat\/ceiplessavines\/portada\/recollida-de-piles\/","title":{"rendered":"RECOLLIDA DE PILES"},"content":{"rendered":"<p>Una vegada m\u00e9s hem decidit participar en el concurs de l&#8217;APILO. Un concurs organitzat per l&#8217;Ag\u00e8ncia de Residus de Catalunya per tal de fomentar la recollida selectiva de piles i acumuladors port\u00e0tils entre els alumnes i les seves fam\u00edlies.<\/p>\n<p>S\u00f3n objecte de concurs les piles i els acumuladors port\u00e0tils.<\/p>\n<p><a href=\"http:\/\/agora.xtec.cat\/ceiplessavines\/wp-content\/uploads\/usu230\/2018\/01\/pilas-estandar05.jpg\"><img loading=\"lazy\" decoding=\"async\" class=\"alignnone size-full wp-image-2685\" src=\"http:\/\/agora.xtec.cat\/ceiplessavines\/wp-content\/uploads\/usu230\/2018\/01\/pilas-estandar05.jpg\" alt=\"\" width=\"200\" height=\"173\" \/><\/a>\u00a0 \u00a0\u00a0<a href=\"http:\/\/agora.xtec.cat\/ceiplessavines\/wp-content\/uploads\/usu230\/2018\/01\/acumuladores-02.jpg\"><img loading=\"lazy\" decoding=\"async\" class=\"size-full wp-image-2687 alignright\" src=\"http:\/\/agora.xtec.cat\/ceiplessavines\/wp-content\/uploads\/usu230\/2018\/01\/acumuladores-02.jpg\" alt=\"\" width=\"200\" height=\"150\" \/><\/a><a href=\"http:\/\/agora.xtec.cat\/ceiplessavines\/wp-content\/uploads\/usu230\/2018\/01\/pila-boton.jpg\"><img loading=\"lazy\" decoding=\"async\" class=\"size-full wp-image-2686 aligncenter\" src=\"http:\/\/agora.xtec.cat\/ceiplessavines\/wp-content\/uploads\/usu230\/2018\/01\/pila-boton.jpg\" alt=\"\" width=\"200\" height=\"130\" \/><\/a>Si recollim moltes piles i acumuladors port\u00e0tils podrem optar al seg\u00fcents premis:<\/p>\n<p class=\"western\" align=\"left\"><span style=\"font-size: small\"><span style=\"font-family: serif\"><span style=\"font-size: medium\">&#8211; <\/span><\/span><span style=\"font-family: serif\"><span style=\"font-size: medium\"><b>2.500 <\/b><\/span><\/span><b>\u20ac<\/b><span style=\"font-family: serif\"><span style=\"font-size: medium\"> per l&#8217;escola que reculli m\u00e9s piles i acumuladors port\u00e0tils.<\/span><\/span><\/span><\/p>\n<p class=\"western\" align=\"left\"><span style=\"font-size: small\"><span style=\"font-family: serif\"><span style=\"font-size: medium\">&#8211; <\/span><\/span><span style=\"font-family: serif\"><span style=\"font-size: medium\"><b>2.500 <\/b><\/span><\/span><b>\u20ac <\/b><span style=\"font-family: serif\"><span style=\"font-size: medium\">per l&#8217;escola que reculli m\u00e9s piles i acumuladors port\u00e0tils per alumne.<\/span><\/span><\/span><\/p>\n<p class=\"western\" align=\"left\"><span style=\"font-size: small\"><span style=\"font-family: serif\"><span style=\"font-size: medium\">&#8211; <\/span><\/span><span style=\"font-family: serif\"><span style=\"font-size: medium\"><b>1.500 <\/b><\/span><\/span><b>\u20ac<\/b><span style=\"font-family: serif\"><span style=\"font-size: medium\"> per l&#8217;escola que quedi en el segon lloc del r\u00e0nquing de recollida de piles i acumuladors port\u00e0tils per alumne.<\/span><\/span><\/span><\/p>\n<p class=\"western\" align=\"left\"><span style=\"font-size: small\"><span style=\"font-family: serif\"><span style=\"font-size: medium\">&#8211; <\/span><\/span><span style=\"font-family: serif\"><span style=\"font-size: medium\"><b>1.000 <\/b><\/span><\/span><b>\u20ac<\/b><span style=\"font-family: serif\"><span style=\"font-size: medium\"> per l&#8217;escola que quedi en la tercera posici\u00f3 del r\u00e0nquing de <\/span><\/span><span style=\"color: #000000\"><span style=\"font-family: serif\"><span style=\"font-size: medium\">recollida de piles i acumuladors port\u00e0tils per alumne.<\/span><\/span><\/span><\/span><\/p>\n<p class=\"western\" align=\"left\">No ser\u00e0 f\u00e0cil aconseguir-ho per\u00f2 ho hem d&#8217;intentar. Per tant doncs, fem una crida a tota la comunitat educativa per a que ens facin arribar el m\u00e0xim de piles i acumuladors port\u00e0tils gastats que els sigui possible.<\/p>\n<p class=\"western\" align=\"left\"><strong>SOM-HI !!!!<\/strong><\/p>\n<p>&nbsp;<\/p>\n","protected":false},"excerpt":{"rendered":"<p>Una vegada m\u00e9s hem decidit participar en el concurs de l&#8217;APILO. Un concurs organitzat per l&#8217;Ag\u00e8ncia de Residus de Catalunya per tal de fomentar la recollida selectiva de piles i acumuladors port\u00e0tils entre els alumnes i les seves fam\u00edlies. S\u00f3n objecte de concurs les piles i els acumuladors port\u00e0tils. \u00a0 \u00a0\u00a0Si recollim moltes piles i [&hellip;]<\/p>\n","protected":false},"author":15,"featured_media":2688,"comment_status":"open","ping_status":"closed","sticky":false,"template":"","format":"standard","meta":{"_bbp_topic_count":0,"_bbp_reply_count":0,"_bbp_total_topic_count":0,"_bbp_total_reply_count":0,"_bbp_voice_count":0,"_bbp_anonymous_reply_count":0,"_bbp_topic_count_hidden":0,"_bbp_reply_count_hidden":0,"_bbp_forum_subforum_count":0,"site-sidebar-layout":"default","site-content-layout":"","ast-site-content-layout":"","site-content-style":"default","site-sidebar-style":"default","ast-global-header-display":"","ast-banner-title-visibility":"","ast-main-header-display":"","ast-hfb-above-header-display":"","ast-hfb-below-header-display":"","ast-hfb-mobile-header-display":"","site-post-title":"","ast-breadcrumbs-content":"","ast-featured-img":"","footer-sml-layout":"","theme-transparent-header-meta":"","adv-header-id-meta":"","stick-header-meta":"","header-above-stick-meta":"","header-main-stick-meta":"","header-below-stick-meta":"","astra-migrate-meta-layouts":"default","ast-page-background-enabled":"default","ast-page-background-meta":{"desktop":{"background-color":"var(--ast-global-color-4)","background-image":"","background-repeat":"repeat","background-position":"center center","background-size":"auto","background-attachment":"scroll","background-type":"","background-media":"","overlay-type":"","overlay-color":"","overlay-opacity":"","overlay-gradient":""},"tablet":{"background-color":"","background-image":"","background-repeat":"repeat","background-position":"center center","background-size":"auto","background-attachment":"scroll","background-type":"","background-media":"","overlay-type":"","overlay-color":"","overlay-opacity":"","overlay-gradient":""},"mobile":{"background-color":"","background-image":"","background-repeat":"repeat","background-position":"center center","background-size":"auto","background-attachment":"scroll","background-type":"","background-media":"","overlay-type":"","overlay-color":"","overlay-opacity":"","overlay-gradient":""}},"ast-content-background-meta":{"desktop":{"background-color":"var(--ast-global-color-5)","background-image":"","background-repeat":"repeat","background-position":"center center","background-size":"auto","background-attachment":"scroll","background-type":"","background-media":"","overlay-type":"","overlay-color":"","overlay-opacity":"","overlay-gradient":""},"tablet":{"background-color":"var(--ast-global-color-5)","background-image":"","background-repeat":"repeat","background-position":"center center","background-size":"auto","background-attachment":"scroll","background-type":"","background-media":"","overlay-type":"","overlay-color":"","overlay-opacity":"","overlay-gradient":""},"mobile":{"background-color":"var(--ast-global-color-5)","background-image":"","background-repeat":"repeat","background-position":"center center","background-size":"auto","background-attachment":"scroll","background-type":"","background-media":"","overlay-type":"","overlay-color":"","overlay-opacity":"","overlay-gradient":""}},"footnotes":""},"categories":[73,4],"tags":[78],"class_list":["post-2684","post","type-post","status-publish","format-standard","has-post-thumbnail","hentry","category-ev","category-portada","tag-comite-ambiental"],"post_mailing_queue_ids":[],"_links":{"self":[{"href":"https:\/\/agora.xtec.cat\/ceiplessavines\/wp-json\/wp\/v2\/posts\/2684","targetHints":{"allow":["GET"]}}],"collection":[{"href":"https:\/\/agora.xtec.cat\/ceiplessavines\/wp-json\/wp\/v2\/posts"}],"about":[{"href":"https:\/\/agora.xtec.cat\/ceiplessavines\/wp-json\/wp\/v2\/types\/post"}],"author":[{"embeddable":true,"href":"https:\/\/agora.xtec.cat\/ceiplessavines\/wp-json\/wp\/v2\/users\/15"}],"replies":[{"embeddable":true,"href":"https:\/\/agora.xtec.cat\/ceiplessavines\/wp-json\/wp\/v2\/comments?post=2684"}],"version-history":[{"count":1,"href":"https:\/\/agora.xtec.cat\/ceiplessavines\/wp-json\/wp\/v2\/posts\/2684\/revisions"}],"predecessor-version":[{"id":2689,"href":"https:\/\/agora.xtec.cat\/ceiplessavines\/wp-json\/wp\/v2\/posts\/2684\/revisions\/2689"}],"wp:featuredmedia":[{"embeddable":true,"href":"https:\/\/agora.xtec.cat\/ceiplessavines\/wp-json\/wp\/v2\/media\/2688"}],"wp:attachment":[{"href":"https:\/\/agora.xtec.cat\/ceiplessavines\/wp-json\/wp\/v2\/media?parent=2684"}],"wp:term":[{"taxonomy":"category","embeddable":true,"href":"https:\/\/agora.xtec.cat\/ceiplessavines\/wp-json\/wp\/v2\/categories?post=2684"},{"taxonomy":"post_tag","embeddable":true,"href":"https:\/\/agora.xtec.cat\/ceiplessavines\/wp-json\/wp\/v2\/tags?post=2684"}],"curies":[{"name":"wp","href":"https:\/\/api.w.org\/{rel}","templated":true}]}}