{"id":2564,"date":"2017-12-02T09:36:51","date_gmt":"2017-12-02T08:36:51","guid":{"rendered":"http:\/\/agora.xtec.cat\/ceiplessavines\/?p=2564"},"modified":"2017-12-18T11:13:44","modified_gmt":"2017-12-18T10:13:44","slug":"primer-comite-ambiental-del-curs-2017-18","status":"publish","type":"post","link":"https:\/\/agora.xtec.cat\/ceiplessavines\/general\/primer-comite-ambiental-del-curs-2017-18\/","title":{"rendered":"PRIMER COMIT\u00c8 AMBIENTAL DEL CURS 2017-18"},"content":{"rendered":"<p>El dia 28 de novembre va tenir lloc la primera reuni\u00f3 del comit\u00e8 ambiental del curs amb el seg\u00fcent ordre del dia:<\/p>\n<p lang=\"es-ES\"><span style=\"font-size: medium\"><span style=\"font-family: Arial, sans-serif\"><span style=\"font-size: small\"><span lang=\"ca-ES\"><b>1.<\/b><\/span><\/span><\/span><span style=\"font-family: Arial, sans-serif\"><span style=\"font-size: small\"><span lang=\"ca-ES\"> Presentaci\u00f3 dels membres del comit\u00e8 ambiental de l\u2019escola. <\/span><\/span><\/span><\/span><\/p>\n<p lang=\"es-ES\"><span style=\"font-size: medium\"><span style=\"font-family: Arial, sans-serif\"><span style=\"font-size: small\"><span lang=\"ca-ES\">2. Presentaci\u00f3 del Pla d&#8217;Acci\u00f3 pel curs 2017-18.<\/span><\/span><\/span><\/span><\/p>\n<p lang=\"es-ES\"><span style=\"font-size: medium\"><span style=\"font-family: Arial, sans-serif\"><span style=\"font-size: small\"><span lang=\"ca-ES\"><b>3.<\/b><\/span><\/span><\/span><span style=\"font-family: Arial, sans-serif\"><span style=\"font-size: small\"><span lang=\"ca-ES\"> Estat de comptes.<\/span><\/span><\/span><\/span><\/p>\n<p lang=\"es-ES\"><span style=\"font-size: medium\"><span style=\"font-family: Arial, sans-serif\"><span style=\"font-size: small\"><span lang=\"ca-ES\"><b>4.<\/b><\/span><\/span><\/span><span style=\"font-family: Arial, sans-serif\"><span style=\"font-size: small\"><span lang=\"ca-ES\"> Malbaratament.<\/span><\/span><\/span><\/span><\/p>\n<p lang=\"es-ES\"><span style=\"font-size: medium\"><span style=\"font-family: Arial, sans-serif\"><span style=\"font-size: small\"><span lang=\"ca-ES\"><b>5.<\/b><\/span><\/span><\/span><span style=\"font-family: Arial, sans-serif\"><span style=\"font-size: small\"><span lang=\"ca-ES\"> Plantada arbres als bosquet.<\/span><\/span><\/span><\/span><\/p>\n<p lang=\"es-ES\"><span style=\"font-size: medium\"><span style=\"font-family: Arial, sans-serif\"><span style=\"font-size: small\"><span lang=\"ca-ES\"><b>6.<\/b><\/span><\/span><\/span><span style=\"font-family: Arial, sans-serif\"><span style=\"font-size: small\"><span lang=\"ca-ES\"> Millora de l\u2019entorn del pati.<\/span><\/span><\/span><\/span><\/p>\n<p lang=\"es-ES\"><span style=\"font-size: medium\"><span style=\"font-family: Arial, sans-serif\"><span style=\"font-size: small\"><span lang=\"ca-ES\">7. Propostes de millora.<\/span><\/span><\/span><\/span><\/p>\n<p lang=\"es-ES\"><span style=\"font-size: medium\"><span style=\"font-family: Arial, sans-serif\"><span style=\"font-size: small\"><span lang=\"ca-ES\"><b>8. <\/b><\/span><\/span><\/span><span style=\"font-family: Arial, sans-serif\"><span style=\"font-size: small\"><span lang=\"ca-ES\">Precs i preguntes.<\/span><\/span><\/span><\/span><\/p>\n<p lang=\"es-ES\"><a href=\"http:\/\/agora.xtec.cat\/ceiplessavines\/wp-content\/uploads\/usu230\/2017\/12\/IMG_20171128_124809.redimensionada.jpg\"><img loading=\"lazy\" decoding=\"async\" class=\"aligncenter wp-image-2565 size-full\" src=\"http:\/\/agora.xtec.cat\/ceiplessavines\/wp-content\/uploads\/usu230\/2017\/12\/IMG_20171128_124809.redimensionada.jpg\" alt=\"\" width=\"640\" height=\"480\" srcset=\"https:\/\/agora.xtec.cat\/ceiplessavines\/wp-content\/uploads\/usu230\/2017\/12\/IMG_20171128_124809.redimensionada.jpg 640w, https:\/\/agora.xtec.cat\/ceiplessavines\/wp-content\/uploads\/usu230\/2017\/12\/IMG_20171128_124809.redimensionada-300x225.jpg 300w, https:\/\/agora.xtec.cat\/ceiplessavines\/wp-content\/uploads\/usu230\/2017\/12\/IMG_20171128_124809.redimensionada-200x150.jpg 200w\" sizes=\"auto, (max-width: 640px) 100vw, 640px\" \/><\/a><\/p>\n<p lang=\"es-ES\">Per dur a terme aquesta reuni\u00f3, el delegats verds de cada classe, a part de la trobada mensual que tenen amb les mestres de la comissi\u00f3 d&#8217;EEVV , s&#8217;han anat trobant\u00a0 m\u00e9s ass\u00edduament per tal de poder-la preparar. La veritat \u00e9s que hi estant molt implicats i ho fan molt b\u00e9 i amb moltes ganes.<\/p>\n<p lang=\"es-ES\">Un cop celebrat el comit\u00e8, s&#8217;ha fet arribar a totes les fam\u00edlies del centre l&#8217;acta de la reuni\u00f3 per tal que tothom estigui assabentat de les accions i acords que es van duent com a Escola Verda que som.<\/p>\n","protected":false},"excerpt":{"rendered":"<p>El dia 28 de novembre va tenir lloc la primera reuni\u00f3 del comit\u00e8 ambiental del curs amb el seg\u00fcent ordre del dia: 1. Presentaci\u00f3 dels membres del comit\u00e8 ambiental de l\u2019escola. 2. Presentaci\u00f3 del Pla d&#8217;Acci\u00f3 pel curs 2017-18. 3. Estat de comptes. 4. Malbaratament. 5. Plantada arbres als bosquet. 6. Millora de l\u2019entorn del [&hellip;]<\/p>\n","protected":false},"author":15,"featured_media":2565,"comment_status":"open","ping_status":"closed","sticky":false,"template":"","format":"standard","meta":{"_bbp_topic_count":0,"_bbp_reply_count":0,"_bbp_total_topic_count":0,"_bbp_total_reply_count":0,"_bbp_voice_count":0,"_bbp_anonymous_reply_count":0,"_bbp_topic_count_hidden":0,"_bbp_reply_count_hidden":0,"_bbp_forum_subforum_count":0,"site-sidebar-layout":"default","site-content-layout":"","ast-site-content-layout":"","site-content-style":"default","site-sidebar-style":"default","ast-global-header-display":"","ast-banner-title-visibility":"","ast-main-header-display":"","ast-hfb-above-header-display":"","ast-hfb-below-header-display":"","ast-hfb-mobile-header-display":"","site-post-title":"","ast-breadcrumbs-content":"","ast-featured-img":"","footer-sml-layout":"","theme-transparent-header-meta":"","adv-header-id-meta":"","stick-header-meta":"","header-above-stick-meta":"","header-main-stick-meta":"","header-below-stick-meta":"","astra-migrate-meta-layouts":"default","ast-page-background-enabled":"default","ast-page-background-meta":{"desktop":{"background-color":"var(--ast-global-color-4)","background-image":"","background-repeat":"repeat","background-position":"center center","background-size":"auto","background-attachment":"scroll","background-type":"","background-media":"","overlay-type":"","overlay-color":"","overlay-opacity":"","overlay-gradient":""},"tablet":{"background-color":"","background-image":"","background-repeat":"repeat","background-position":"center center","background-size":"auto","background-attachment":"scroll","background-type":"","background-media":"","overlay-type":"","overlay-color":"","overlay-opacity":"","overlay-gradient":""},"mobile":{"background-color":"","background-image":"","background-repeat":"repeat","background-position":"center center","background-size":"auto","background-attachment":"scroll","background-type":"","background-media":"","overlay-type":"","overlay-color":"","overlay-opacity":"","overlay-gradient":""}},"ast-content-background-meta":{"desktop":{"background-color":"var(--ast-global-color-5)","background-image":"","background-repeat":"repeat","background-position":"center center","background-size":"auto","background-attachment":"scroll","background-type":"","background-media":"","overlay-type":"","overlay-color":"","overlay-opacity":"","overlay-gradient":""},"tablet":{"background-color":"var(--ast-global-color-5)","background-image":"","background-repeat":"repeat","background-position":"center center","background-size":"auto","background-attachment":"scroll","background-type":"","background-media":"","overlay-type":"","overlay-color":"","overlay-opacity":"","overlay-gradient":""},"mobile":{"background-color":"var(--ast-global-color-5)","background-image":"","background-repeat":"repeat","background-position":"center center","background-size":"auto","background-attachment":"scroll","background-type":"","background-media":"","overlay-type":"","overlay-color":"","overlay-opacity":"","overlay-gradient":""}},"footnotes":""},"categories":[73,1,4],"tags":[78],"class_list":["post-2564","post","type-post","status-publish","format-standard","has-post-thumbnail","hentry","category-ev","category-general","category-portada","tag-comite-ambiental"],"post_mailing_queue_ids":[],"_links":{"self":[{"href":"https:\/\/agora.xtec.cat\/ceiplessavines\/wp-json\/wp\/v2\/posts\/2564","targetHints":{"allow":["GET"]}}],"collection":[{"href":"https:\/\/agora.xtec.cat\/ceiplessavines\/wp-json\/wp\/v2\/posts"}],"about":[{"href":"https:\/\/agora.xtec.cat\/ceiplessavines\/wp-json\/wp\/v2\/types\/post"}],"author":[{"embeddable":true,"href":"https:\/\/agora.xtec.cat\/ceiplessavines\/wp-json\/wp\/v2\/users\/15"}],"replies":[{"embeddable":true,"href":"https:\/\/agora.xtec.cat\/ceiplessavines\/wp-json\/wp\/v2\/comments?post=2564"}],"version-history":[{"count":2,"href":"https:\/\/agora.xtec.cat\/ceiplessavines\/wp-json\/wp\/v2\/posts\/2564\/revisions"}],"predecessor-version":[{"id":2567,"href":"https:\/\/agora.xtec.cat\/ceiplessavines\/wp-json\/wp\/v2\/posts\/2564\/revisions\/2567"}],"wp:featuredmedia":[{"embeddable":true,"href":"https:\/\/agora.xtec.cat\/ceiplessavines\/wp-json\/wp\/v2\/media\/2565"}],"wp:attachment":[{"href":"https:\/\/agora.xtec.cat\/ceiplessavines\/wp-json\/wp\/v2\/media?parent=2564"}],"wp:term":[{"taxonomy":"category","embeddable":true,"href":"https:\/\/agora.xtec.cat\/ceiplessavines\/wp-json\/wp\/v2\/categories?post=2564"},{"taxonomy":"post_tag","embeddable":true,"href":"https:\/\/agora.xtec.cat\/ceiplessavines\/wp-json\/wp\/v2\/tags?post=2564"}],"curies":[{"name":"wp","href":"https:\/\/api.w.org\/{rel}","templated":true}]}}