{"id":2554,"date":"2017-03-12T12:43:00","date_gmt":"2017-03-12T11:43:00","guid":{"rendered":"http:\/\/agora.xtec.cat\/ceiplessavines\/?p=2554"},"modified":"2018-03-20T15:15:37","modified_gmt":"2018-03-20T14:15:37","slug":"ens-iniciem-en-la-formacio","status":"publish","type":"post","link":"https:\/\/agora.xtec.cat\/ceiplessavines\/general\/ens-iniciem-en-la-formacio\/","title":{"rendered":"ENS INICIEM EN LA FORMACI\u00d3"},"content":{"rendered":"<p>Comencem amb una formaci\u00f3 per a equips directius a Barcelona al\u00a0 febrer del 2017,\u00a0 de dos dies de durada, el divendres 18 i el dissabte 19. Hi van dues persones de l&#8217;equip directiu, l&#8217;Imma i l&#8217;Anna.<\/p>\n<p><a href=\"http:\/\/agora.xtec.cat\/ceiplessavines\/wp-content\/uploads\/usu230\/2017\/03\/Jornada-dequips-directius-de-la-mostra-Febrer-2017-Etapes-de-la-transformaci\u00f3-7.redimensionada.jpg\"><img loading=\"lazy\" decoding=\"async\" class=\"alignnone size-large wp-image-2734\" src=\"http:\/\/agora.xtec.cat\/ceiplessavines\/wp-content\/uploads\/usu230\/2017\/03\/Jornada-dequips-directius-de-la-mostra-Febrer-2017-Etapes-de-la-transformaci\u00f3-7.redimensionada-1024x768.jpg\" alt=\"\" width=\"1024\" height=\"768\" srcset=\"https:\/\/agora.xtec.cat\/ceiplessavines\/wp-content\/uploads\/usu230\/2017\/03\/Jornada-dequips-directius-de-la-mostra-Febrer-2017-Etapes-de-la-transformaci\u00f3-7.redimensionada.jpg 1024w, https:\/\/agora.xtec.cat\/ceiplessavines\/wp-content\/uploads\/usu230\/2017\/03\/Jornada-dequips-directius-de-la-mostra-Febrer-2017-Etapes-de-la-transformaci\u00f3-7.redimensionada-300x225.jpg 300w, https:\/\/agora.xtec.cat\/ceiplessavines\/wp-content\/uploads\/usu230\/2017\/03\/Jornada-dequips-directius-de-la-mostra-Febrer-2017-Etapes-de-la-transformaci\u00f3-7.redimensionada-768x576.jpg 768w, https:\/\/agora.xtec.cat\/ceiplessavines\/wp-content\/uploads\/usu230\/2017\/03\/Jornada-dequips-directius-de-la-mostra-Febrer-2017-Etapes-de-la-transformaci\u00f3-7.redimensionada-200x150.jpg 200w\" sizes=\"auto, (max-width: 1024px) 100vw, 1024px\" \/><\/a> <a href=\"http:\/\/agora.xtec.cat\/ceiplessavines\/wp-content\/uploads\/usu230\/2017\/03\/Jornada-dequips-directius-de-la-mostra-Febrer-2017-Funci\u00f3-directiva-8.redimensionada.jpg\"><img loading=\"lazy\" decoding=\"async\" class=\"alignnone size-large wp-image-2735\" src=\"http:\/\/agora.xtec.cat\/ceiplessavines\/wp-content\/uploads\/usu230\/2017\/03\/Jornada-dequips-directius-de-la-mostra-Febrer-2017-Funci\u00f3-directiva-8.redimensionada-1024x768.jpg\" alt=\"\" width=\"1024\" height=\"768\" srcset=\"https:\/\/agora.xtec.cat\/ceiplessavines\/wp-content\/uploads\/usu230\/2017\/03\/Jornada-dequips-directius-de-la-mostra-Febrer-2017-Funci\u00f3-directiva-8.redimensionada.jpg 1024w, https:\/\/agora.xtec.cat\/ceiplessavines\/wp-content\/uploads\/usu230\/2017\/03\/Jornada-dequips-directius-de-la-mostra-Febrer-2017-Funci\u00f3-directiva-8.redimensionada-300x225.jpg 300w, https:\/\/agora.xtec.cat\/ceiplessavines\/wp-content\/uploads\/usu230\/2017\/03\/Jornada-dequips-directius-de-la-mostra-Febrer-2017-Funci\u00f3-directiva-8.redimensionada-768x576.jpg 768w, https:\/\/agora.xtec.cat\/ceiplessavines\/wp-content\/uploads\/usu230\/2017\/03\/Jornada-dequips-directius-de-la-mostra-Febrer-2017-Funci\u00f3-directiva-8.redimensionada-200x150.jpg 200w\" sizes=\"auto, (max-width: 1024px) 100vw, 1024px\" \/><\/a><\/p>\n<p>&nbsp;<\/p>\n<p>Els objectius de la jornada de formaci\u00f3 van ser els seg\u00fcents:<\/p>\n<p>1. Con\u00e8ixer i diferenciar tres objectius diferents en relaci\u00f3 als centres de la mostra representativa: &#8211; objectiu sobre la mostra representativa &#8211; objectiu del centre &#8211; objectiu de la funci\u00f3 directiva<\/p>\n<p>2. Apropiar-se del model de protocol de canvi dels centres.<\/p>\n<p>3. Iniciar la relaci\u00f3 i la col\u00b7laboraci\u00f3 entre les persones dels diferents equips directius.<\/p>\n<p>4. Identificar les pr\u00f2pies necessitats i \u00e0rees de desenvolupament com a membre d&#8217;un equip directiu segons un marc de desenvolupament professional de la funci\u00f3 directiva.<\/p>\n<p>5. Identificar i planificar les properes accions a realitzar els pr\u00f2xims mesos.<\/p>\n<p>&nbsp;<\/p>\n<p>&nbsp;<\/p>\n","protected":false},"excerpt":{"rendered":"<p>Comencem amb una formaci\u00f3 per a equips directius a Barcelona al\u00a0 febrer del 2017,\u00a0 de dos dies de durada, el divendres 18 i el dissabte 19. Hi van dues persones de l&#8217;equip directiu, l&#8217;Imma i l&#8217;Anna. &nbsp; Els objectius de la jornada de formaci\u00f3 van ser els seg\u00fcents: 1. Con\u00e8ixer i diferenciar tres objectius diferents [&hellip;]<\/p>\n","protected":false},"author":17,"featured_media":2561,"comment_status":"open","ping_status":"closed","sticky":false,"template":"","format":"standard","meta":{"_bbp_topic_count":0,"_bbp_reply_count":0,"_bbp_total_topic_count":0,"_bbp_total_reply_count":0,"_bbp_voice_count":0,"_bbp_anonymous_reply_count":0,"_bbp_topic_count_hidden":0,"_bbp_reply_count_hidden":0,"_bbp_forum_subforum_count":0,"site-sidebar-layout":"default","site-content-layout":"","ast-site-content-layout":"","site-content-style":"default","site-sidebar-style":"default","ast-global-header-display":"","ast-banner-title-visibility":"","ast-main-header-display":"","ast-hfb-above-header-display":"","ast-hfb-below-header-display":"","ast-hfb-mobile-header-display":"","site-post-title":"","ast-breadcrumbs-content":"","ast-featured-img":"","footer-sml-layout":"","theme-transparent-header-meta":"","adv-header-id-meta":"","stick-header-meta":"","header-above-stick-meta":"","header-main-stick-meta":"","header-below-stick-meta":"","astra-migrate-meta-layouts":"default","ast-page-background-enabled":"default","ast-page-background-meta":{"desktop":{"background-color":"var(--ast-global-color-4)","background-image":"","background-repeat":"repeat","background-position":"center center","background-size":"auto","background-attachment":"scroll","background-type":"","background-media":"","overlay-type":"","overlay-color":"","overlay-opacity":"","overlay-gradient":""},"tablet":{"background-color":"","background-image":"","background-repeat":"repeat","background-position":"center center","background-size":"auto","background-attachment":"scroll","background-type":"","background-media":"","overlay-type":"","overlay-color":"","overlay-opacity":"","overlay-gradient":""},"mobile":{"background-color":"","background-image":"","background-repeat":"repeat","background-position":"center center","background-size":"auto","background-attachment":"scroll","background-type":"","background-media":"","overlay-type":"","overlay-color":"","overlay-opacity":"","overlay-gradient":""}},"ast-content-background-meta":{"desktop":{"background-color":"var(--ast-global-color-5)","background-image":"","background-repeat":"repeat","background-position":"center center","background-size":"auto","background-attachment":"scroll","background-type":"","background-media":"","overlay-type":"","overlay-color":"","overlay-opacity":"","overlay-gradient":""},"tablet":{"background-color":"var(--ast-global-color-5)","background-image":"","background-repeat":"repeat","background-position":"center center","background-size":"auto","background-attachment":"scroll","background-type":"","background-media":"","overlay-type":"","overlay-color":"","overlay-opacity":"","overlay-gradient":""},"mobile":{"background-color":"var(--ast-global-color-5)","background-image":"","background-repeat":"repeat","background-position":"center center","background-size":"auto","background-attachment":"scroll","background-type":"","background-media":"","overlay-type":"","overlay-color":"","overlay-opacity":"","overlay-gradient":""}},"footnotes":""},"categories":[1,100],"tags":[],"class_list":["post-2554","post","type-post","status-publish","format-standard","has-post-thumbnail","hentry","category-general","category-nova"],"post_mailing_queue_ids":[],"_links":{"self":[{"href":"https:\/\/agora.xtec.cat\/ceiplessavines\/wp-json\/wp\/v2\/posts\/2554","targetHints":{"allow":["GET"]}}],"collection":[{"href":"https:\/\/agora.xtec.cat\/ceiplessavines\/wp-json\/wp\/v2\/posts"}],"about":[{"href":"https:\/\/agora.xtec.cat\/ceiplessavines\/wp-json\/wp\/v2\/types\/post"}],"author":[{"embeddable":true,"href":"https:\/\/agora.xtec.cat\/ceiplessavines\/wp-json\/wp\/v2\/users\/17"}],"replies":[{"embeddable":true,"href":"https:\/\/agora.xtec.cat\/ceiplessavines\/wp-json\/wp\/v2\/comments?post=2554"}],"version-history":[{"count":3,"href":"https:\/\/agora.xtec.cat\/ceiplessavines\/wp-json\/wp\/v2\/posts\/2554\/revisions"}],"predecessor-version":[{"id":2744,"href":"https:\/\/agora.xtec.cat\/ceiplessavines\/wp-json\/wp\/v2\/posts\/2554\/revisions\/2744"}],"wp:featuredmedia":[{"embeddable":true,"href":"https:\/\/agora.xtec.cat\/ceiplessavines\/wp-json\/wp\/v2\/media\/2561"}],"wp:attachment":[{"href":"https:\/\/agora.xtec.cat\/ceiplessavines\/wp-json\/wp\/v2\/media?parent=2554"}],"wp:term":[{"taxonomy":"category","embeddable":true,"href":"https:\/\/agora.xtec.cat\/ceiplessavines\/wp-json\/wp\/v2\/categories?post=2554"},{"taxonomy":"post_tag","embeddable":true,"href":"https:\/\/agora.xtec.cat\/ceiplessavines\/wp-json\/wp\/v2\/tags?post=2554"}],"curies":[{"name":"wp","href":"https:\/\/api.w.org\/{rel}","templated":true}]}}