{"id":2549,"date":"2017-02-20T12:42:19","date_gmt":"2017-02-20T11:42:19","guid":{"rendered":"http:\/\/agora.xtec.cat\/ceiplessavines\/?p=2549"},"modified":"2018-03-20T15:16:40","modified_gmt":"2018-03-20T14:16:40","slug":"qui-forma-part-descola-nova-21","status":"publish","type":"post","link":"https:\/\/agora.xtec.cat\/ceiplessavines\/general\/qui-forma-part-descola-nova-21\/","title":{"rendered":"QUI FORMA PART D&#8217;ESCOLA NOVA 21?"},"content":{"rendered":"<p>S\u00f3n 456 els centres educatius que van sol.licitar formar part del programa\u00a0 i\u00a0 sumar-se a la iniciativa de generar un sistema educatiu avan\u00e7at. D&#8217;entre tots aquests centres d&#8217;arreu de Catalunya, 30 van ser els escollits per rebre un acompanyament i capacitaci\u00f3 intensius per tal de garantir el seu canvi, amb el suport de les escoles amb pr\u00e0ctiques educatives avan\u00e7ades. Un d&#8217;aquests 30 centres ha estat la nostra escola.<\/p>\n<p><a href=\"http:\/\/agora.xtec.cat\/ceiplessavines\/wp-content\/uploads\/usu230\/2017\/12\/disbribucio.jpeg\"><img loading=\"lazy\" decoding=\"async\" class=\"alignnone size-full wp-image-2556\" src=\"http:\/\/agora.xtec.cat\/ceiplessavines\/wp-content\/uploads\/usu230\/2017\/12\/disbribucio.jpeg\" alt=\"\" width=\"507\" height=\"497\" srcset=\"https:\/\/agora.xtec.cat\/ceiplessavines\/wp-content\/uploads\/usu230\/2017\/12\/disbribucio.jpeg 507w, https:\/\/agora.xtec.cat\/ceiplessavines\/wp-content\/uploads\/usu230\/2017\/12\/disbribucio-300x294.jpeg 300w\" sizes=\"auto, (max-width: 507px) 100vw, 507px\" \/><\/a><\/p>\n<p><strong>Vedruna \u00c0ngels<\/strong>, de Barcelona\u00a0\u00a0\u00a0 \u00a0 \u00a0 \u00a0 \u00a0 \u00a0 \u00a0 \u00a0 \u00a0 \u00a0 \u00a0 \u00a0 \u00a0 \u00a0 <strong>Escola \u00c0ngela Bransuela<\/strong>, de Matar\u00f3<\/p>\n<p><strong>Escola Antoni Botey<\/strong>, de Badalona\u00a0\u00a0 \u00a0 \u00a0 \u00a0 \u00a0 \u00a0 \u00a0 \u00a0 \u00a0 \u00a0 \u00a0 <strong>Escola Barnola<\/strong>, d&#8217;Aviny\u00f3<\/p>\n<p><strong>Institut Baix a Mar<\/strong>, de Vilanova i la Geltr\u00fa\u00a0\u00a0\u00a0\u00a0\u00a0\u00a0\u00a0\u00a0\u00a0\u00a0\u00a0 <strong>Escola Benviure<\/strong>, de Sant Boi de Llobregat<\/p>\n<p><strong>Zona Escolar Rural<\/strong>\u00a0de la Conca de Barber\u00e0 \u00a0 \u00a0 \u00a0 <strong>Institut Escola Costa i Llobera<\/strong>, de Barcelona<\/p>\n<p><strong>Escola Edumar<\/strong>, de Castelldefels\u00a0\u00a0\u00a0\u00a0\u00a0\u00a0\u00a0\u00a0\u00a0\u00a0\u00a0\u00a0\u00a0\u00a0\u00a0\u00a0\u00a0\u00a0\u00a0\u00a0\u00a0\u00a0\u00a0\u00a0\u00a0\u00a0 <strong>Institut Escola El Til\u00b7ler<\/strong>, de Barcelona<\/p>\n<p><strong>Centre Escolar Empord\u00e0<\/strong>, de Roses\u00a0\u00a0\u00a0\u00a0\u00a0\u00a0\u00a0\u00a0\u00a0\u00a0\u00a0\u00a0\u00a0\u00a0\u00a0\u00a0\u00a0\u00a0\u00a0\u00a0 <strong>Institut Escola Francesc Camb\u00f3<\/strong>, de Verges<\/p>\n<p><strong>Escola La Immaculada<\/strong>, de Vilassar de Dalt \u00a0 \u00a0 \u00a0\u00a0 <strong>Escola L&#8217;Era de Dalt<\/strong>, de Tona<\/p>\n<p><strong>Escola Les Savines<\/strong>, de Cervera\u00a0\u00a0\u00a0\u00a0\u00a0\u00a0\u00a0\u00a0\u00a0\u00a0\u00a0\u00a0\u00a0\u00a0\u00a0\u00a0\u00a0\u00a0\u00a0\u00a0\u00a0\u00a0\u00a0\u00a0\u00a0\u00a0\u00a0 <strong>Institut Joan Or\u00f3<\/strong>, de Lleida<\/p>\n<p><strong>Escola Malagrida<\/strong>, d&#8217;Olot \u00a0 \u00a0 \u00a0 \u00a0 \u00a0 \u00a0 \u00a0 \u00a0 \u00a0 \u00a0 \u00a0 \u00a0 \u00a0 \u00a0 \u00a0 \u00a0 \u00a0 \u00a0 \u00a0 \u00a0\u00a0 <strong>Escola del Mar<\/strong>, Barcelona<\/p>\n<p><strong>Col\u00b7legi Mare de D\u00e9u del Carme<\/strong>, de Tarragona\u00a0 <strong>Institut Escola Mare de D\u00e9u del Portal<\/strong>, de Batea<\/p>\n<p><strong>Institut Matadepera<\/strong>, de Matadepera\u00a0\u00a0\u00a0\u00a0\u00a0\u00a0\u00a0\u00a0\u00a0\u00a0\u00a0\u00a0\u00a0\u00a0\u00a0\u00a0\u00a0\u00a0\u00a0\u00a0 \u00a0 <strong>Institut Pau Claris<\/strong>, de Barcelona<\/p>\n<p><strong>Escola Pepa Colomer<\/strong>, del Prat de Llobregat \u00a0 \u00a0 \u00a0\u00a0 <strong>Institut Pla Marcell<\/strong>, de Cardedeu<\/p>\n<p><strong>Escola Proa<\/strong>, de Barcelona\u00a0\u00a0\u00a0\u00a0\u00a0\u00a0\u00a0\u00a0\u00a0\u00a0\u00a0\u00a0\u00a0\u00a0\u00a0\u00a0\u00a0\u00a0\u00a0\u00a0\u00a0\u00a0 <strong>Escola Santiago Ram\u00f3n y Cajal<\/strong>, de l&#8217;Hospitalet de Llobregat<\/p>\n<p><strong>Escola Renaixen\u00e7a<\/strong>, dels Hostalets de Pierola\u00a0\u00a0\u00a0 <strong>Escola Thau<\/strong>, de Sant Cugat del Vall\u00e8s<\/p>\n<p><strong>Escola Sant Gervasi Cooperativa<\/strong>, de Mollet del Vall\u00e8s \u00a0 \u00a0 \u00a0\u00a0 <strong>Escola Setelsis<\/strong>, de Solsona<\/p>\n<table class=\" aligncenter\" style=\"height: 38px\" width=\"489\">\n<tbody>\n<tr style=\"height: 119px\">\n<td style=\"width: 483px;height: 119px\">\n<p style=\"text-align: center\">ELS 30 centres tenim en com\u00fa:<\/p>\n<p style=\"text-align: center\"><em><strong>UNA VOLUNTAT CLARA DE TREBALLAR SISTEM\u00c0TICAMENT EN EL CANVI I APRENDRE AMB EL PROGRAMA<\/strong><\/em><\/p>\n<\/td>\n<\/tr>\n<\/tbody>\n<\/table>\n<p>&nbsp;<\/p>\n<p>&nbsp;<\/p>\n","protected":false},"excerpt":{"rendered":"<p>S\u00f3n 456 els centres educatius que van sol.licitar formar part del programa\u00a0 i\u00a0 sumar-se a la iniciativa de generar un sistema educatiu avan\u00e7at. D&#8217;entre tots aquests centres d&#8217;arreu de Catalunya, 30 van ser els escollits per rebre un acompanyament i capacitaci\u00f3 intensius per tal de garantir el seu canvi, amb el suport de les escoles [&hellip;]<\/p>\n","protected":false},"author":17,"featured_media":2737,"comment_status":"open","ping_status":"closed","sticky":false,"template":"","format":"standard","meta":{"_bbp_topic_count":0,"_bbp_reply_count":0,"_bbp_total_topic_count":0,"_bbp_total_reply_count":0,"_bbp_voice_count":0,"_bbp_anonymous_reply_count":0,"_bbp_topic_count_hidden":0,"_bbp_reply_count_hidden":0,"_bbp_forum_subforum_count":0,"site-sidebar-layout":"default","site-content-layout":"","ast-site-content-layout":"","site-content-style":"default","site-sidebar-style":"default","ast-global-header-display":"","ast-banner-title-visibility":"","ast-main-header-display":"","ast-hfb-above-header-display":"","ast-hfb-below-header-display":"","ast-hfb-mobile-header-display":"","site-post-title":"","ast-breadcrumbs-content":"","ast-featured-img":"","footer-sml-layout":"","theme-transparent-header-meta":"","adv-header-id-meta":"","stick-header-meta":"","header-above-stick-meta":"","header-main-stick-meta":"","header-below-stick-meta":"","astra-migrate-meta-layouts":"default","ast-page-background-enabled":"default","ast-page-background-meta":{"desktop":{"background-color":"var(--ast-global-color-4)","background-image":"","background-repeat":"repeat","background-position":"center center","background-size":"auto","background-attachment":"scroll","background-type":"","background-media":"","overlay-type":"","overlay-color":"","overlay-opacity":"","overlay-gradient":""},"tablet":{"background-color":"","background-image":"","background-repeat":"repeat","background-position":"center center","background-size":"auto","background-attachment":"scroll","background-type":"","background-media":"","overlay-type":"","overlay-color":"","overlay-opacity":"","overlay-gradient":""},"mobile":{"background-color":"","background-image":"","background-repeat":"repeat","background-position":"center center","background-size":"auto","background-attachment":"scroll","background-type":"","background-media":"","overlay-type":"","overlay-color":"","overlay-opacity":"","overlay-gradient":""}},"ast-content-background-meta":{"desktop":{"background-color":"var(--ast-global-color-5)","background-image":"","background-repeat":"repeat","background-position":"center center","background-size":"auto","background-attachment":"scroll","background-type":"","background-media":"","overlay-type":"","overlay-color":"","overlay-opacity":"","overlay-gradient":""},"tablet":{"background-color":"var(--ast-global-color-5)","background-image":"","background-repeat":"repeat","background-position":"center center","background-size":"auto","background-attachment":"scroll","background-type":"","background-media":"","overlay-type":"","overlay-color":"","overlay-opacity":"","overlay-gradient":""},"mobile":{"background-color":"var(--ast-global-color-5)","background-image":"","background-repeat":"repeat","background-position":"center center","background-size":"auto","background-attachment":"scroll","background-type":"","background-media":"","overlay-type":"","overlay-color":"","overlay-opacity":"","overlay-gradient":""}},"footnotes":""},"categories":[1,100],"tags":[],"class_list":["post-2549","post","type-post","status-publish","format-standard","has-post-thumbnail","hentry","category-general","category-nova"],"post_mailing_queue_ids":[],"_links":{"self":[{"href":"https:\/\/agora.xtec.cat\/ceiplessavines\/wp-json\/wp\/v2\/posts\/2549","targetHints":{"allow":["GET"]}}],"collection":[{"href":"https:\/\/agora.xtec.cat\/ceiplessavines\/wp-json\/wp\/v2\/posts"}],"about":[{"href":"https:\/\/agora.xtec.cat\/ceiplessavines\/wp-json\/wp\/v2\/types\/post"}],"author":[{"embeddable":true,"href":"https:\/\/agora.xtec.cat\/ceiplessavines\/wp-json\/wp\/v2\/users\/17"}],"replies":[{"embeddable":true,"href":"https:\/\/agora.xtec.cat\/ceiplessavines\/wp-json\/wp\/v2\/comments?post=2549"}],"version-history":[{"count":3,"href":"https:\/\/agora.xtec.cat\/ceiplessavines\/wp-json\/wp\/v2\/posts\/2549\/revisions"}],"predecessor-version":[{"id":2682,"href":"https:\/\/agora.xtec.cat\/ceiplessavines\/wp-json\/wp\/v2\/posts\/2549\/revisions\/2682"}],"wp:featuredmedia":[{"embeddable":true,"href":"https:\/\/agora.xtec.cat\/ceiplessavines\/wp-json\/wp\/v2\/media\/2737"}],"wp:attachment":[{"href":"https:\/\/agora.xtec.cat\/ceiplessavines\/wp-json\/wp\/v2\/media?parent=2549"}],"wp:term":[{"taxonomy":"category","embeddable":true,"href":"https:\/\/agora.xtec.cat\/ceiplessavines\/wp-json\/wp\/v2\/categories?post=2549"},{"taxonomy":"post_tag","embeddable":true,"href":"https:\/\/agora.xtec.cat\/ceiplessavines\/wp-json\/wp\/v2\/tags?post=2549"}],"curies":[{"name":"wp","href":"https:\/\/api.w.org\/{rel}","templated":true}]}}