{"id":2493,"date":"2017-11-24T10:50:17","date_gmt":"2017-11-24T09:50:17","guid":{"rendered":"http:\/\/agora.xtec.cat\/ceiplessavines\/?p=2493"},"modified":"2017-11-24T10:54:30","modified_gmt":"2017-11-24T09:54:30","slug":"colones-cicle-incial","status":"publish","type":"post","link":"https:\/\/agora.xtec.cat\/ceiplessavines\/general\/colones-cicle-incial\/","title":{"rendered":"colones cicle incial"},"content":{"rendered":"<p class=\"western\" align=\"CENTER\"><a href=\"http:\/\/agora.xtec.cat\/ceiplessavines\/wp-content\/uploads\/usu230\/2017\/11\/IMG_5038.redimensionada-1.jpg\"><img loading=\"lazy\" decoding=\"async\" class=\"alignnone size-medium wp-image-2495\" src=\"http:\/\/agora.xtec.cat\/ceiplessavines\/wp-content\/uploads\/usu230\/2017\/11\/IMG_5038.redimensionada-1-300x225.jpg\" alt=\"\" width=\"300\" height=\"225\" srcset=\"https:\/\/agora.xtec.cat\/ceiplessavines\/wp-content\/uploads\/usu230\/2017\/11\/IMG_5038.redimensionada-1-300x225.jpg 300w, https:\/\/agora.xtec.cat\/ceiplessavines\/wp-content\/uploads\/usu230\/2017\/11\/IMG_5038.redimensionada-1-768x576.jpg 768w, https:\/\/agora.xtec.cat\/ceiplessavines\/wp-content\/uploads\/usu230\/2017\/11\/IMG_5038.redimensionada-1.jpg 1024w, https:\/\/agora.xtec.cat\/ceiplessavines\/wp-content\/uploads\/usu230\/2017\/11\/IMG_5038.redimensionada-1-200x150.jpg 200w\" sizes=\"auto, (max-width: 300px) 100vw, 300px\" \/><\/a><\/p>\n<p class=\"western\" align=\"CENTER\"><span style=\"font-family: Ubuntu\"><span style=\"font-size: x-large\"><strong>LES COL\u00d2NIES<\/strong><br \/>\n<\/span><\/span><\/p>\n<p class=\"western\" align=\"LEFT\"><span style=\"font-family: Ubuntu\"><span style=\"font-size: x-large\">Els alumnes de primer i segon vam anar de col\u00f2nies a La Carral, els dies 26 i 27 d&#8217;octubre.<\/span><\/span><\/p>\n<p class=\"western\" align=\"LEFT\"><span style=\"font-family: Ubuntu\"><span style=\"font-size: x-large\">Vam jugar i cantar, fer cabanes, vam dormir all\u00e0, vam jugar al futbol\u00edn i a futbol, vam jugar a b\u00e0squet, vam visitar la granja, vam fer joc de nit,&#8230; i moltes coses m\u00e9s!<\/span><\/span><\/p>\n<p class=\"western\" align=\"LEFT\"><span style=\"font-family: Ubuntu\"><span style=\"font-size: x-large\">Ens ho vm passar molt b\u00e9!!!<\/span><\/span><\/p>\n","protected":false},"excerpt":{"rendered":"<p>LES COL\u00d2NIES Els alumnes de primer i segon vam anar de col\u00f2nies a La Carral, els dies 26 i 27 d&#8217;octubre. Vam jugar i cantar, fer cabanes, vam dormir all\u00e0, vam jugar al futbol\u00edn i a futbol, vam jugar a b\u00e0squet, vam visitar la granja, vam fer joc de nit,&#8230; i moltes coses m\u00e9s! Ens [&hellip;]<\/p>\n","protected":false},"author":7,"featured_media":2497,"comment_status":"open","ping_status":"closed","sticky":false,"template":"","format":"standard","meta":{"_bbp_topic_count":0,"_bbp_reply_count":0,"_bbp_total_topic_count":0,"_bbp_total_reply_count":0,"_bbp_voice_count":0,"_bbp_anonymous_reply_count":0,"_bbp_topic_count_hidden":0,"_bbp_reply_count_hidden":0,"_bbp_forum_subforum_count":0,"site-sidebar-layout":"default","site-content-layout":"","ast-site-content-layout":"","site-content-style":"default","site-sidebar-style":"default","ast-global-header-display":"","ast-banner-title-visibility":"","ast-main-header-display":"","ast-hfb-above-header-display":"","ast-hfb-below-header-display":"","ast-hfb-mobile-header-display":"","site-post-title":"","ast-breadcrumbs-content":"","ast-featured-img":"","footer-sml-layout":"","theme-transparent-header-meta":"","adv-header-id-meta":"","stick-header-meta":"","header-above-stick-meta":"","header-main-stick-meta":"","header-below-stick-meta":"","astra-migrate-meta-layouts":"default","ast-page-background-enabled":"default","ast-page-background-meta":{"desktop":{"background-color":"var(--ast-global-color-4)","background-image":"","background-repeat":"repeat","background-position":"center center","background-size":"auto","background-attachment":"scroll","background-type":"","background-media":"","overlay-type":"","overlay-color":"","overlay-opacity":"","overlay-gradient":""},"tablet":{"background-color":"","background-image":"","background-repeat":"repeat","background-position":"center center","background-size":"auto","background-attachment":"scroll","background-type":"","background-media":"","overlay-type":"","overlay-color":"","overlay-opacity":"","overlay-gradient":""},"mobile":{"background-color":"","background-image":"","background-repeat":"repeat","background-position":"center center","background-size":"auto","background-attachment":"scroll","background-type":"","background-media":"","overlay-type":"","overlay-color":"","overlay-opacity":"","overlay-gradient":""}},"ast-content-background-meta":{"desktop":{"background-color":"var(--ast-global-color-5)","background-image":"","background-repeat":"repeat","background-position":"center center","background-size":"auto","background-attachment":"scroll","background-type":"","background-media":"","overlay-type":"","overlay-color":"","overlay-opacity":"","overlay-gradient":""},"tablet":{"background-color":"var(--ast-global-color-5)","background-image":"","background-repeat":"repeat","background-position":"center center","background-size":"auto","background-attachment":"scroll","background-type":"","background-media":"","overlay-type":"","overlay-color":"","overlay-opacity":"","overlay-gradient":""},"mobile":{"background-color":"var(--ast-global-color-5)","background-image":"","background-repeat":"repeat","background-position":"center center","background-size":"auto","background-attachment":"scroll","background-type":"","background-media":"","overlay-type":"","overlay-color":"","overlay-opacity":"","overlay-gradient":""}},"footnotes":""},"categories":[1,4],"tags":[],"class_list":["post-2493","post","type-post","status-publish","format-standard","has-post-thumbnail","hentry","category-general","category-portada"],"post_mailing_queue_ids":[],"_links":{"self":[{"href":"https:\/\/agora.xtec.cat\/ceiplessavines\/wp-json\/wp\/v2\/posts\/2493","targetHints":{"allow":["GET"]}}],"collection":[{"href":"https:\/\/agora.xtec.cat\/ceiplessavines\/wp-json\/wp\/v2\/posts"}],"about":[{"href":"https:\/\/agora.xtec.cat\/ceiplessavines\/wp-json\/wp\/v2\/types\/post"}],"author":[{"embeddable":true,"href":"https:\/\/agora.xtec.cat\/ceiplessavines\/wp-json\/wp\/v2\/users\/7"}],"replies":[{"embeddable":true,"href":"https:\/\/agora.xtec.cat\/ceiplessavines\/wp-json\/wp\/v2\/comments?post=2493"}],"version-history":[{"count":1,"href":"https:\/\/agora.xtec.cat\/ceiplessavines\/wp-json\/wp\/v2\/posts\/2493\/revisions"}],"predecessor-version":[{"id":2496,"href":"https:\/\/agora.xtec.cat\/ceiplessavines\/wp-json\/wp\/v2\/posts\/2493\/revisions\/2496"}],"wp:featuredmedia":[{"embeddable":true,"href":"https:\/\/agora.xtec.cat\/ceiplessavines\/wp-json\/wp\/v2\/media\/2497"}],"wp:attachment":[{"href":"https:\/\/agora.xtec.cat\/ceiplessavines\/wp-json\/wp\/v2\/media?parent=2493"}],"wp:term":[{"taxonomy":"category","embeddable":true,"href":"https:\/\/agora.xtec.cat\/ceiplessavines\/wp-json\/wp\/v2\/categories?post=2493"},{"taxonomy":"post_tag","embeddable":true,"href":"https:\/\/agora.xtec.cat\/ceiplessavines\/wp-json\/wp\/v2\/tags?post=2493"}],"curies":[{"name":"wp","href":"https:\/\/api.w.org\/{rel}","templated":true}]}}