{"id":2250,"date":"2017-10-24T09:17:09","date_gmt":"2017-10-24T07:17:09","guid":{"rendered":"http:\/\/agora.xtec.cat\/ceiplessavines\/?p=2250"},"modified":"2017-10-24T17:28:02","modified_gmt":"2017-10-24T15:28:02","slug":"cicle-superior-va-anar-de-colonies-a-poblet","status":"publish","type":"post","link":"https:\/\/agora.xtec.cat\/ceiplessavines\/general\/cicle-superior-va-anar-de-colonies-a-poblet\/","title":{"rendered":"CICLE SUPERIOR VA ANAR DE COL\u00d2NIES A POBLET"},"content":{"rendered":"<p><img loading=\"lazy\" decoding=\"async\" class=\" wp-image-2258 aligncenter\" src=\"http:\/\/agora.xtec.cat\/ceiplessavines\/wp-content\/uploads\/usu230\/2017\/10\/IMG_7086-1024x768.jpg\" alt=\"\" width=\"416\" height=\"312\" srcset=\"https:\/\/agora.xtec.cat\/ceiplessavines\/wp-content\/uploads\/usu230\/2017\/10\/IMG_7086-1024x768.jpg 1024w, https:\/\/agora.xtec.cat\/ceiplessavines\/wp-content\/uploads\/usu230\/2017\/10\/IMG_7086-300x225.jpg 300w, https:\/\/agora.xtec.cat\/ceiplessavines\/wp-content\/uploads\/usu230\/2017\/10\/IMG_7086-768x576.jpg 768w, https:\/\/agora.xtec.cat\/ceiplessavines\/wp-content\/uploads\/usu230\/2017\/10\/IMG_7086-200x150.jpg 200w\" sizes=\"auto, (max-width: 416px) 100vw, 416px\" \/><\/p>\n<p>Els dies 10 i 11 d&#8217;octubre, els alumnes de cicle superior\u00a0 van anar de col\u00f2nies a la Capella,\u00a0 a prop del Monestir de Santa Maria de Poblet, a la Conca de Barber\u00e0.<\/p>\n<p>El primer dia, a l&#8217;arribar, ens van ensenyar la casa i es van presentar els monitors. Per la tarda vam fer dos tallers: un de fer escuts i l&#8217;altre de fer castells amb fang i plastilina. Al vespre vam fer una activitat que era la disco.<\/p>\n<p>El segon dia, pel mat\u00ed ,vam anar passejant fins el monestir de Santa Maria de Poblet. Pel cam\u00ed, vam parar a les tres fonts, ens van explicar una llegenda i vam tastar l&#8217;aigua. De les tres fonts, una portava magnesi i les altres dues portaven ferro. Quan vam arribar, vam jugar una estona i despr\u00e9s vam visitar el monestir. En acabar, vam tornar a la casa de col\u00f2nies per dinar. Despr\u00e9s de dinar vam fer joc lliure i vam tornar cap a Cervera.<\/p>\n<p>Ens ho em passat molt b\u00e9 i ens agradaria poder tornar-hi.<\/p>\n","protected":false},"excerpt":{"rendered":"<p>Els dies 10 i 11 d&#8217;octubre, els alumnes de cicle superior\u00a0 van anar de col\u00f2nies a la Capella,\u00a0 a prop del Monestir de Santa Maria de Poblet, a la Conca de Barber\u00e0. El primer dia, a l&#8217;arribar, ens van ensenyar la casa i es van presentar els monitors. Per la tarda vam fer dos tallers: [&hellip;]<\/p>\n","protected":false},"author":9,"featured_media":2258,"comment_status":"open","ping_status":"closed","sticky":false,"template":"","format":"standard","meta":{"_bbp_topic_count":0,"_bbp_reply_count":0,"_bbp_total_topic_count":0,"_bbp_total_reply_count":0,"_bbp_voice_count":0,"_bbp_anonymous_reply_count":0,"_bbp_topic_count_hidden":0,"_bbp_reply_count_hidden":0,"_bbp_forum_subforum_count":0,"site-sidebar-layout":"default","site-content-layout":"","ast-site-content-layout":"","site-content-style":"default","site-sidebar-style":"default","ast-global-header-display":"","ast-banner-title-visibility":"","ast-main-header-display":"","ast-hfb-above-header-display":"","ast-hfb-below-header-display":"","ast-hfb-mobile-header-display":"","site-post-title":"","ast-breadcrumbs-content":"","ast-featured-img":"","footer-sml-layout":"","theme-transparent-header-meta":"","adv-header-id-meta":"","stick-header-meta":"","header-above-stick-meta":"","header-main-stick-meta":"","header-below-stick-meta":"","astra-migrate-meta-layouts":"default","ast-page-background-enabled":"default","ast-page-background-meta":{"desktop":{"background-color":"var(--ast-global-color-4)","background-image":"","background-repeat":"repeat","background-position":"center center","background-size":"auto","background-attachment":"scroll","background-type":"","background-media":"","overlay-type":"","overlay-color":"","overlay-opacity":"","overlay-gradient":""},"tablet":{"background-color":"","background-image":"","background-repeat":"repeat","background-position":"center center","background-size":"auto","background-attachment":"scroll","background-type":"","background-media":"","overlay-type":"","overlay-color":"","overlay-opacity":"","overlay-gradient":""},"mobile":{"background-color":"","background-image":"","background-repeat":"repeat","background-position":"center center","background-size":"auto","background-attachment":"scroll","background-type":"","background-media":"","overlay-type":"","overlay-color":"","overlay-opacity":"","overlay-gradient":""}},"ast-content-background-meta":{"desktop":{"background-color":"var(--ast-global-color-5)","background-image":"","background-repeat":"repeat","background-position":"center center","background-size":"auto","background-attachment":"scroll","background-type":"","background-media":"","overlay-type":"","overlay-color":"","overlay-opacity":"","overlay-gradient":""},"tablet":{"background-color":"var(--ast-global-color-5)","background-image":"","background-repeat":"repeat","background-position":"center center","background-size":"auto","background-attachment":"scroll","background-type":"","background-media":"","overlay-type":"","overlay-color":"","overlay-opacity":"","overlay-gradient":""},"mobile":{"background-color":"var(--ast-global-color-5)","background-image":"","background-repeat":"repeat","background-position":"center center","background-size":"auto","background-attachment":"scroll","background-type":"","background-media":"","overlay-type":"","overlay-color":"","overlay-opacity":"","overlay-gradient":""}},"footnotes":""},"categories":[1,4],"tags":[50,16],"class_list":["post-2250","post","type-post","status-publish","format-standard","has-post-thumbnail","hentry","category-general","category-portada","tag-6e","tag-sortides"],"post_mailing_queue_ids":[],"_links":{"self":[{"href":"https:\/\/agora.xtec.cat\/ceiplessavines\/wp-json\/wp\/v2\/posts\/2250","targetHints":{"allow":["GET"]}}],"collection":[{"href":"https:\/\/agora.xtec.cat\/ceiplessavines\/wp-json\/wp\/v2\/posts"}],"about":[{"href":"https:\/\/agora.xtec.cat\/ceiplessavines\/wp-json\/wp\/v2\/types\/post"}],"author":[{"embeddable":true,"href":"https:\/\/agora.xtec.cat\/ceiplessavines\/wp-json\/wp\/v2\/users\/9"}],"replies":[{"embeddable":true,"href":"https:\/\/agora.xtec.cat\/ceiplessavines\/wp-json\/wp\/v2\/comments?post=2250"}],"version-history":[{"count":3,"href":"https:\/\/agora.xtec.cat\/ceiplessavines\/wp-json\/wp\/v2\/posts\/2250\/revisions"}],"predecessor-version":[{"id":2260,"href":"https:\/\/agora.xtec.cat\/ceiplessavines\/wp-json\/wp\/v2\/posts\/2250\/revisions\/2260"}],"wp:featuredmedia":[{"embeddable":true,"href":"https:\/\/agora.xtec.cat\/ceiplessavines\/wp-json\/wp\/v2\/media\/2258"}],"wp:attachment":[{"href":"https:\/\/agora.xtec.cat\/ceiplessavines\/wp-json\/wp\/v2\/media?parent=2250"}],"wp:term":[{"taxonomy":"category","embeddable":true,"href":"https:\/\/agora.xtec.cat\/ceiplessavines\/wp-json\/wp\/v2\/categories?post=2250"},{"taxonomy":"post_tag","embeddable":true,"href":"https:\/\/agora.xtec.cat\/ceiplessavines\/wp-json\/wp\/v2\/tags?post=2250"}],"curies":[{"name":"wp","href":"https:\/\/api.w.org\/{rel}","templated":true}]}}