{"id":1481,"date":"2017-02-22T09:42:53","date_gmt":"2017-02-22T08:42:53","guid":{"rendered":"http:\/\/agora.xtec.cat\/ceiplessavines\/?p=1481"},"modified":"2017-02-22T13:56:48","modified_gmt":"2017-02-22T12:56:48","slug":"els-vents-del-mes-de-gener","status":"publish","type":"post","link":"https:\/\/agora.xtec.cat\/ceiplessavines\/general\/projectes-descola\/ev\/els-vents-del-mes-de-gener\/","title":{"rendered":"ELS VENTS DEL MES DE GENER"},"content":{"rendered":"<p align=\"LEFT\"><a href=\"http:\/\/agora.xtec.cat\/ceiplessavines\/wp-content\/uploads\/usu230\/2017\/02\/vents_gener.redimensionada.jpg\"><img loading=\"lazy\" decoding=\"async\" class=\"aligncenter size-large wp-image-1482\" src=\"http:\/\/agora.xtec.cat\/ceiplessavines\/wp-content\/uploads\/usu230\/2017\/02\/vents_gener.redimensionada-1024x768.jpg\" alt=\"vents_gener-redimensionada\" width=\"1024\" height=\"768\" srcset=\"https:\/\/agora.xtec.cat\/ceiplessavines\/wp-content\/uploads\/usu230\/2017\/02\/vents_gener.redimensionada.jpg 1024w, https:\/\/agora.xtec.cat\/ceiplessavines\/wp-content\/uploads\/usu230\/2017\/02\/vents_gener.redimensionada-300x225.jpg 300w, https:\/\/agora.xtec.cat\/ceiplessavines\/wp-content\/uploads\/usu230\/2017\/02\/vents_gener.redimensionada-768x576.jpg 768w, https:\/\/agora.xtec.cat\/ceiplessavines\/wp-content\/uploads\/usu230\/2017\/02\/vents_gener.redimensionada-200x150.jpg 200w\" sizes=\"auto, (max-width: 1024px) 100vw, 1024px\" \/><\/a><\/p>\n<p align=\"LEFT\"><span style=\"font-size: large\">En la gr\u00e0fica s&#8217;hi representen les direccions del vent del mes de gener a Cervera. Podem observar que al llarg del mes s&#8217;han donat sis tipus de vents diferents: <\/span><\/p>\n<ul>\n<li><span style=\"font-size: large\">Vent del nord: Tramuntana<\/span><\/li>\n<li><span style=\"font-size: large\">Vent del nord \u2013 est: Gregal<\/span><\/li>\n<li><span style=\"font-size: large\">Vent del sud \u2013 est: Xaloc<\/span><\/li>\n<li><span style=\"font-size: large\">Vent del sud: Migjorn<\/span><\/li>\n<li><span style=\"font-size: large\">Vent del sud \u2013 oest: Garb\u00ed<\/span><\/li>\n<li><span style=\"font-size: large\">Vent de l&#8217;oest: Ponent<\/span><\/li>\n<\/ul>\n<p align=\"LEFT\"><span style=\"font-size: large\">Dels sis, el que ha bufat amb m\u00e9s freq\u00fc\u00e8ncia ha estat el Garb\u00ed. <\/span><\/p>\n<p align=\"LEFT\">\n","protected":false},"excerpt":{"rendered":"<p>En la gr\u00e0fica s&#8217;hi representen les direccions del vent del mes de gener a Cervera. Podem observar que al llarg del mes s&#8217;han donat sis tipus de vents diferents: Vent del nord: Tramuntana Vent del nord \u2013 est: Gregal Vent del sud \u2013 est: Xaloc Vent del sud: Migjorn Vent del sud \u2013 oest: Garb\u00ed [&hellip;]<\/p>\n","protected":false},"author":8,"featured_media":1482,"comment_status":"open","ping_status":"open","sticky":false,"template":"","format":"standard","meta":{"_bbp_topic_count":0,"_bbp_reply_count":0,"_bbp_total_topic_count":0,"_bbp_total_reply_count":0,"_bbp_voice_count":0,"_bbp_anonymous_reply_count":0,"_bbp_topic_count_hidden":0,"_bbp_reply_count_hidden":0,"_bbp_forum_subforum_count":0,"site-sidebar-layout":"default","site-content-layout":"","ast-site-content-layout":"","site-content-style":"default","site-sidebar-style":"default","ast-global-header-display":"","ast-banner-title-visibility":"","ast-main-header-display":"","ast-hfb-above-header-display":"","ast-hfb-below-header-display":"","ast-hfb-mobile-header-display":"","site-post-title":"","ast-breadcrumbs-content":"","ast-featured-img":"","footer-sml-layout":"","theme-transparent-header-meta":"","adv-header-id-meta":"","stick-header-meta":"","header-above-stick-meta":"","header-main-stick-meta":"","header-below-stick-meta":"","astra-migrate-meta-layouts":"default","ast-page-background-enabled":"default","ast-page-background-meta":{"desktop":{"background-color":"var(--ast-global-color-4)","background-image":"","background-repeat":"repeat","background-position":"center center","background-size":"auto","background-attachment":"scroll","background-type":"","background-media":"","overlay-type":"","overlay-color":"","overlay-opacity":"","overlay-gradient":""},"tablet":{"background-color":"","background-image":"","background-repeat":"repeat","background-position":"center center","background-size":"auto","background-attachment":"scroll","background-type":"","background-media":"","overlay-type":"","overlay-color":"","overlay-opacity":"","overlay-gradient":""},"mobile":{"background-color":"","background-image":"","background-repeat":"repeat","background-position":"center center","background-size":"auto","background-attachment":"scroll","background-type":"","background-media":"","overlay-type":"","overlay-color":"","overlay-opacity":"","overlay-gradient":""}},"ast-content-background-meta":{"desktop":{"background-color":"var(--ast-global-color-5)","background-image":"","background-repeat":"repeat","background-position":"center center","background-size":"auto","background-attachment":"scroll","background-type":"","background-media":"","overlay-type":"","overlay-color":"","overlay-opacity":"","overlay-gradient":""},"tablet":{"background-color":"var(--ast-global-color-5)","background-image":"","background-repeat":"repeat","background-position":"center center","background-size":"auto","background-attachment":"scroll","background-type":"","background-media":"","overlay-type":"","overlay-color":"","overlay-opacity":"","overlay-gradient":""},"mobile":{"background-color":"var(--ast-global-color-5)","background-image":"","background-repeat":"repeat","background-position":"center center","background-size":"auto","background-attachment":"scroll","background-type":"","background-media":"","overlay-type":"","overlay-color":"","overlay-opacity":"","overlay-gradient":""}},"footnotes":""},"categories":[73],"tags":[52,89],"class_list":["post-1481","post","type-post","status-publish","format-standard","has-post-thumbnail","hentry","category-ev","tag-4t","tag-estacio-meteorologica"],"post_mailing_queue_ids":[],"_links":{"self":[{"href":"https:\/\/agora.xtec.cat\/ceiplessavines\/wp-json\/wp\/v2\/posts\/1481","targetHints":{"allow":["GET"]}}],"collection":[{"href":"https:\/\/agora.xtec.cat\/ceiplessavines\/wp-json\/wp\/v2\/posts"}],"about":[{"href":"https:\/\/agora.xtec.cat\/ceiplessavines\/wp-json\/wp\/v2\/types\/post"}],"author":[{"embeddable":true,"href":"https:\/\/agora.xtec.cat\/ceiplessavines\/wp-json\/wp\/v2\/users\/8"}],"replies":[{"embeddable":true,"href":"https:\/\/agora.xtec.cat\/ceiplessavines\/wp-json\/wp\/v2\/comments?post=1481"}],"version-history":[{"count":3,"href":"https:\/\/agora.xtec.cat\/ceiplessavines\/wp-json\/wp\/v2\/posts\/1481\/revisions"}],"predecessor-version":[{"id":1492,"href":"https:\/\/agora.xtec.cat\/ceiplessavines\/wp-json\/wp\/v2\/posts\/1481\/revisions\/1492"}],"wp:featuredmedia":[{"embeddable":true,"href":"https:\/\/agora.xtec.cat\/ceiplessavines\/wp-json\/wp\/v2\/media\/1482"}],"wp:attachment":[{"href":"https:\/\/agora.xtec.cat\/ceiplessavines\/wp-json\/wp\/v2\/media?parent=1481"}],"wp:term":[{"taxonomy":"category","embeddable":true,"href":"https:\/\/agora.xtec.cat\/ceiplessavines\/wp-json\/wp\/v2\/categories?post=1481"},{"taxonomy":"post_tag","embeddable":true,"href":"https:\/\/agora.xtec.cat\/ceiplessavines\/wp-json\/wp\/v2\/tags?post=1481"}],"curies":[{"name":"wp","href":"https:\/\/api.w.org\/{rel}","templated":true}]}}