{"id":1038,"date":"2016-11-15T12:34:08","date_gmt":"2016-11-15T11:34:08","guid":{"rendered":"http:\/\/agora.xtec.cat\/ceiplessavines\/?p=1038"},"modified":"2016-11-15T12:34:08","modified_gmt":"2016-11-15T11:34:08","slug":"els-castanyers-i-les-castanyeres-de-6e","status":"publish","type":"post","link":"https:\/\/agora.xtec.cat\/ceiplessavines\/general\/els-castanyers-i-les-castanyeres-de-6e\/","title":{"rendered":"ELS CASTANYERS I LES CASTANYERES DE 6\u00e8"},"content":{"rendered":"<p align=\"left\"><span style=\"font-size: x-large\">Els alumnes de cicle mitj\u00e0 van organitzar la castanyada. Ens van demanar que f\u00e9ssim de castanyers i castanyeres.<\/span><\/p>\n<p align=\"left\"><span style=\"font-size: x-large\">Durant el mat\u00ed ens van organitzar jocs. I la tarda ens vam convertir amb els protagonistes de la festa.<\/span><\/p>\n<p align=\"left\"><span style=\"font-size: x-large\">Ens vam disfressar per ambientar la diada i el grup de 6\u00e8B vam interpretar una hist\u00f2ria pels alumnes d&#8217;educaci\u00f3 infantil. I la classe de 6\u00e8A ho va preparar pels cursos de prim\u00e0ria.<\/span><\/p>\n<p align=\"left\"><span style=\"font-size: x-large\">L&#8217;activitat tractava de trobar les castanyes a partir d&#8217;unes pistes i proves. <\/span><\/p>\n<p align=\"left\"><a href=\"http:\/\/agora.xtec.cat\/ceiplessavines\/wp-content\/uploads\/usu230\/2016\/11\/IMG_1440.redimensionada.jpg\"><img loading=\"lazy\" decoding=\"async\" class=\"alignnone size-large wp-image-1039\" src=\"http:\/\/agora.xtec.cat\/ceiplessavines\/wp-content\/uploads\/usu230\/2016\/11\/IMG_1440.redimensionada-1024x768.jpg\" alt=\"img_1440-redimensionada\" width=\"1024\" height=\"768\" srcset=\"https:\/\/agora.xtec.cat\/ceiplessavines\/wp-content\/uploads\/usu230\/2016\/11\/IMG_1440.redimensionada.jpg 1024w, https:\/\/agora.xtec.cat\/ceiplessavines\/wp-content\/uploads\/usu230\/2016\/11\/IMG_1440.redimensionada-300x225.jpg 300w, https:\/\/agora.xtec.cat\/ceiplessavines\/wp-content\/uploads\/usu230\/2016\/11\/IMG_1440.redimensionada-768x576.jpg 768w, https:\/\/agora.xtec.cat\/ceiplessavines\/wp-content\/uploads\/usu230\/2016\/11\/IMG_1440.redimensionada-200x150.jpg 200w\" sizes=\"auto, (max-width: 1024px) 100vw, 1024px\" \/><\/a><span style=\"font-size: x-large\">Finalment vam interpretar una can\u00e7\u00f3 i ens vam reunir al pati per menjar castanyes i panellets.<\/span><\/p>\n","protected":false},"excerpt":{"rendered":"<p>Els alumnes de cicle mitj\u00e0 van organitzar la castanyada. Ens van demanar que f\u00e9ssim de castanyers i castanyeres. Durant el mat\u00ed ens van organitzar jocs. I la tarda ens vam convertir amb els protagonistes de la festa. Ens vam disfressar per ambientar la diada i el grup de 6\u00e8B vam interpretar una hist\u00f2ria pels alumnes [&hellip;]<\/p>\n","protected":false},"author":9,"featured_media":1039,"comment_status":"open","ping_status":"open","sticky":false,"template":"","format":"standard","meta":{"_bbp_topic_count":0,"_bbp_reply_count":0,"_bbp_total_topic_count":0,"_bbp_total_reply_count":0,"_bbp_voice_count":0,"_bbp_anonymous_reply_count":0,"_bbp_topic_count_hidden":0,"_bbp_reply_count_hidden":0,"_bbp_forum_subforum_count":0,"site-sidebar-layout":"default","site-content-layout":"","ast-site-content-layout":"","site-content-style":"default","site-sidebar-style":"default","ast-global-header-display":"","ast-banner-title-visibility":"","ast-main-header-display":"","ast-hfb-above-header-display":"","ast-hfb-below-header-display":"","ast-hfb-mobile-header-display":"","site-post-title":"","ast-breadcrumbs-content":"","ast-featured-img":"","footer-sml-layout":"","theme-transparent-header-meta":"","adv-header-id-meta":"","stick-header-meta":"","header-above-stick-meta":"","header-main-stick-meta":"","header-below-stick-meta":"","astra-migrate-meta-layouts":"default","ast-page-background-enabled":"default","ast-page-background-meta":{"desktop":{"background-color":"var(--ast-global-color-4)","background-image":"","background-repeat":"repeat","background-position":"center center","background-size":"auto","background-attachment":"scroll","background-type":"","background-media":"","overlay-type":"","overlay-color":"","overlay-opacity":"","overlay-gradient":""},"tablet":{"background-color":"","background-image":"","background-repeat":"repeat","background-position":"center center","background-size":"auto","background-attachment":"scroll","background-type":"","background-media":"","overlay-type":"","overlay-color":"","overlay-opacity":"","overlay-gradient":""},"mobile":{"background-color":"","background-image":"","background-repeat":"repeat","background-position":"center center","background-size":"auto","background-attachment":"scroll","background-type":"","background-media":"","overlay-type":"","overlay-color":"","overlay-opacity":"","overlay-gradient":""}},"ast-content-background-meta":{"desktop":{"background-color":"var(--ast-global-color-5)","background-image":"","background-repeat":"repeat","background-position":"center center","background-size":"auto","background-attachment":"scroll","background-type":"","background-media":"","overlay-type":"","overlay-color":"","overlay-opacity":"","overlay-gradient":""},"tablet":{"background-color":"var(--ast-global-color-5)","background-image":"","background-repeat":"repeat","background-position":"center center","background-size":"auto","background-attachment":"scroll","background-type":"","background-media":"","overlay-type":"","overlay-color":"","overlay-opacity":"","overlay-gradient":""},"mobile":{"background-color":"var(--ast-global-color-5)","background-image":"","background-repeat":"repeat","background-position":"center center","background-size":"auto","background-attachment":"scroll","background-type":"","background-media":"","overlay-type":"","overlay-color":"","overlay-opacity":"","overlay-gradient":""}},"footnotes":""},"categories":[1,4],"tags":[50],"class_list":["post-1038","post","type-post","status-publish","format-standard","has-post-thumbnail","hentry","category-general","category-portada","tag-6e"],"post_mailing_queue_ids":[],"_links":{"self":[{"href":"https:\/\/agora.xtec.cat\/ceiplessavines\/wp-json\/wp\/v2\/posts\/1038","targetHints":{"allow":["GET"]}}],"collection":[{"href":"https:\/\/agora.xtec.cat\/ceiplessavines\/wp-json\/wp\/v2\/posts"}],"about":[{"href":"https:\/\/agora.xtec.cat\/ceiplessavines\/wp-json\/wp\/v2\/types\/post"}],"author":[{"embeddable":true,"href":"https:\/\/agora.xtec.cat\/ceiplessavines\/wp-json\/wp\/v2\/users\/9"}],"replies":[{"embeddable":true,"href":"https:\/\/agora.xtec.cat\/ceiplessavines\/wp-json\/wp\/v2\/comments?post=1038"}],"version-history":[{"count":1,"href":"https:\/\/agora.xtec.cat\/ceiplessavines\/wp-json\/wp\/v2\/posts\/1038\/revisions"}],"predecessor-version":[{"id":1040,"href":"https:\/\/agora.xtec.cat\/ceiplessavines\/wp-json\/wp\/v2\/posts\/1038\/revisions\/1040"}],"wp:featuredmedia":[{"embeddable":true,"href":"https:\/\/agora.xtec.cat\/ceiplessavines\/wp-json\/wp\/v2\/media\/1039"}],"wp:attachment":[{"href":"https:\/\/agora.xtec.cat\/ceiplessavines\/wp-json\/wp\/v2\/media?parent=1038"}],"wp:term":[{"taxonomy":"category","embeddable":true,"href":"https:\/\/agora.xtec.cat\/ceiplessavines\/wp-json\/wp\/v2\/categories?post=1038"},{"taxonomy":"post_tag","embeddable":true,"href":"https:\/\/agora.xtec.cat\/ceiplessavines\/wp-json\/wp\/v2\/tags?post=1038"}],"curies":[{"name":"wp","href":"https:\/\/api.w.org\/{rel}","templated":true}]}}