{"id":1718,"date":"2018-03-15T12:34:04","date_gmt":"2018-03-15T11:34:04","guid":{"rendered":"http:\/\/agora.xtec.cat\/ceiplesmuralles\/?p=1718"},"modified":"2018-03-15T12:34:54","modified_gmt":"2018-03-15T11:34:54","slug":"ballada-a-sant-francesc-montblanc-capital-de-la-sardana-2018","status":"publish","type":"post","link":"https:\/\/agora.xtec.cat\/ceiplesmuralles\/general\/ballada-a-sant-francesc-montblanc-capital-de-la-sardana-2018\/","title":{"rendered":"Ballada a Sant Francesc. Montblanc Capital de la Sardana 2018"},"content":{"rendered":"<p>El proper divendres 23 a la tarda tindr\u00e0 lloc per primera vegada una ballada conjunta dels centres educatius de Montblanc i de la ZER Conca de Barber\u00e0.<a href=\"http:\/\/agora.xtec.cat\/ceiplesmuralles\/wp-content\/uploads\/usu1617\/2018\/03\/dibuix-capital.jpg\"><img loading=\"lazy\" decoding=\"async\" class=\" wp-image-1719 alignright\" src=\"http:\/\/agora.xtec.cat\/ceiplesmuralles\/wp-content\/uploads\/usu1617\/2018\/03\/dibuix-capital-1024x746.jpg\" alt=\"\" width=\"323\" height=\"235\" srcset=\"https:\/\/agora.xtec.cat\/ceiplesmuralles\/wp-content\/uploads\/usu1617\/2018\/03\/dibuix-capital-1024x746.jpg 1024w, https:\/\/agora.xtec.cat\/ceiplesmuralles\/wp-content\/uploads\/usu1617\/2018\/03\/dibuix-capital-300x219.jpg 300w, https:\/\/agora.xtec.cat\/ceiplesmuralles\/wp-content\/uploads\/usu1617\/2018\/03\/dibuix-capital-768x559.jpg 768w, https:\/\/agora.xtec.cat\/ceiplesmuralles\/wp-content\/uploads\/usu1617\/2018\/03\/dibuix-capital.jpg 1200w\" sizes=\"auto, (max-width: 323px) 100vw, 323px\" \/><\/a><\/p>\n<p>Ens trobarem a la Pla\u00e7a Sant Francesc:<\/p>\n<p>Llar d\u2019Infants Municipal Els Merlets, Llar d\u2019infants i Col\u00b7legi de prim\u00e0ria Mare de D\u00e9u de la Serra<\/p>\n<p>Escola d\u2019Educaci\u00f3 Especial TILMAR, Escola Les Muralles i Alumnat de CM de la ZER Conca de Barber\u00e0.<\/p>\n<p>\u00c9s un proposta creada per les mestres de m\u00fasica amb la complicitat de les direccions, dels mestres tutors\/es i de l\u2019Ajuntament de Montblanc.<\/p>\n<p>Ballarem diverses danses que tenen en com\u00fa la rotllana.<\/p>\n<p>Comen\u00e7arem amb el Ball del Rogle, dansa tradicional d\u2019un poble de l\u2019Arag\u00f3 on en els seus or\u00edgens era una ballada del jovent al voltant d\u2019un arbre.<\/p>\n<p>Despr\u00e9s ballarem dues sardanes curtes, dansa predecessora de la sardana que coneixem actualment.<\/p>\n<p>I per acabar ballarem dues sardanes precioses: Joves triomfants de Llu\u00eds Alcal\u00e0 (1979) i l\u2019Enrenou de Jordi Paul\u00ed (1969).<\/p>\n<p>\u00c9s un goig i un repte fer una trobada com aquesta ja que comporta molta organitzaci\u00f3 i feina per part de les mestres que ho assagen.<\/p>\n<p>Desitjar-vos que ho passeu molt b\u00e9 veient els vostres fills\/es ballar i encoratjar-vos a participar ballant a l\u2019 \u00faltima sardana al voltant de les rotllanes.<\/p>\n<p><a href=\"http:\/\/agora.xtec.cat\/ceiplesmuralles\/wp-content\/uploads\/usu1617\/2018\/03\/IMG-20180315-WA0001.jpg\"><img loading=\"lazy\" decoding=\"async\" class=\"alignnone size-large wp-image-1720\" src=\"http:\/\/agora.xtec.cat\/ceiplesmuralles\/wp-content\/uploads\/usu1617\/2018\/03\/IMG-20180315-WA0001-1024x768.jpg\" alt=\"\" width=\"1024\" height=\"768\" srcset=\"https:\/\/agora.xtec.cat\/ceiplesmuralles\/wp-content\/uploads\/usu1617\/2018\/03\/IMG-20180315-WA0001-1024x768.jpg 1024w, https:\/\/agora.xtec.cat\/ceiplesmuralles\/wp-content\/uploads\/usu1617\/2018\/03\/IMG-20180315-WA0001-300x225.jpg 300w, https:\/\/agora.xtec.cat\/ceiplesmuralles\/wp-content\/uploads\/usu1617\/2018\/03\/IMG-20180315-WA0001-768x576.jpg 768w, https:\/\/agora.xtec.cat\/ceiplesmuralles\/wp-content\/uploads\/usu1617\/2018\/03\/IMG-20180315-WA0001-200x150.jpg 200w, https:\/\/agora.xtec.cat\/ceiplesmuralles\/wp-content\/uploads\/usu1617\/2018\/03\/IMG-20180315-WA0001.jpg 1600w\" sizes=\"auto, (max-width: 1024px) 100vw, 1024px\" \/><\/a><\/p>\n<p>&nbsp;<\/p>\n<p>&nbsp;<\/p>\n<p>&nbsp;<\/p>\n<p><!-- [if gte vml 1]><v:shapetype id=\"_x0000_t75\" coordsize=\"21600,21600\" o:spt=\"75\" o:preferrelative=\"t\" path=\"m@4@5l@4@11@9@11@9@5xe\" filled=\"f\" stroked=\"f\">\n<v:stroke joinstyle=\"miter\"\/>\n<v:formulas>\n<v:f eqn=\"if lineDrawn pixelLineWidth 0\"\/>\n<v:f eqn=\"sum @0 1 0\"\/>\n<v:f eqn=\"sum 0 0 @1\"\/>\n<v:f eqn=\"prod @2 1 2\"\/>\n<v:f eqn=\"prod @3 21600 pixelWidth\"\/>\n<v:f eqn=\"prod @3 21600 pixelHeight\"\/>\n<v:f eqn=\"sum @0 0 1\"\/>\n<v:f eqn=\"prod @6 1 2\"\/>\n<v:f eqn=\"prod @7 21600 pixelWidth\"\/>\n<v:f eqn=\"sum @8 21600 0\"\/>\n<v:f eqn=\"prod @7 21600 pixelHeight\"\/>\n<v:f eqn=\"sum @10 21600 0\"\/>\n<\/v:formulas>\n<v:path o:extrusionok=\"f\" gradientshapeok=\"t\" o:connecttype=\"rect\"\/>\n<o:lock v:ext=\"edit\" aspectratio=\"t\"\/>\n<\/v:shapetype><v:shape id=\"_x0000_s1026\" type=\"#_x0000_t75\" style='position:absolute; margin-left:324.15pt;margin-top:5.6pt;width:192pt;height:139.5pt;z-index:-1' wrapcoords=\"-84 0 -84 21484 21600 21484 21600 0 -84 0\">\n<v:imagedata src=\"file:\/\/\/D:\\temp\\msohtml1\\01\\clip_image001.jpg\" o:title=\"Capital sardana\"\/>\n<w:wrap type=\"tight\"\/>\n<\/v:shape><![endif]--><!-- [if !vml]--><img loading=\"lazy\" decoding=\"async\" src=\"file:\/\/\/D:\\temp\\msohtml1\\01\\clip_image002.jpg\" width=\"256\" height=\"186\" align=\"left\" hspace=\"12\" \/><!--[endif]--><\/p>\n","protected":false},"excerpt":{"rendered":"<p>El proper divendres 23 a la tarda tindr\u00e0 lloc per primera vegada una ballada conjunta dels centres educatius de Montblanc i de la ZER Conca de Barber\u00e0. Ens trobarem a la Pla\u00e7a Sant Francesc: Llar d\u2019Infants Municipal Els Merlets, Llar d\u2019infants i Col\u00b7legi de prim\u00e0ria Mare de D\u00e9u de la Serra Escola d\u2019Educaci\u00f3 Especial TILMAR, [&hellip;]<\/p>\n","protected":false},"author":1,"featured_media":1720,"comment_status":"open","ping_status":"closed","sticky":false,"template":"","format":"standard","meta":{"_bbp_topic_count":0,"_bbp_reply_count":0,"_bbp_total_topic_count":0,"_bbp_total_reply_count":0,"_bbp_voice_count":0,"_bbp_anonymous_reply_count":0,"_bbp_topic_count_hidden":0,"_bbp_reply_count_hidden":0,"_bbp_forum_subforum_count":0,"site-sidebar-layout":"default","site-content-layout":"","ast-site-content-layout":"","site-content-style":"default","site-sidebar-style":"default","ast-global-header-display":"","ast-banner-title-visibility":"","ast-main-header-display":"","ast-hfb-above-header-display":"","ast-hfb-below-header-display":"","ast-hfb-mobile-header-display":"","site-post-title":"","ast-breadcrumbs-content":"","ast-featured-img":"","footer-sml-layout":"","theme-transparent-header-meta":"","adv-header-id-meta":"","stick-header-meta":"","header-above-stick-meta":"","header-main-stick-meta":"","header-below-stick-meta":"","astra-migrate-meta-layouts":"default","ast-page-background-enabled":"default","ast-page-background-meta":{"desktop":{"background-color":"var(--ast-global-color-4)","background-image":"","background-repeat":"repeat","background-position":"center center","background-size":"auto","background-attachment":"scroll","background-type":"","background-media":"","overlay-type":"","overlay-color":"","overlay-opacity":"","overlay-gradient":""},"tablet":{"background-color":"","background-image":"","background-repeat":"repeat","background-position":"center center","background-size":"auto","background-attachment":"scroll","background-type":"","background-media":"","overlay-type":"","overlay-color":"","overlay-opacity":"","overlay-gradient":""},"mobile":{"background-color":"","background-image":"","background-repeat":"repeat","background-position":"center center","background-size":"auto","background-attachment":"scroll","background-type":"","background-media":"","overlay-type":"","overlay-color":"","overlay-opacity":"","overlay-gradient":""}},"ast-content-background-meta":{"desktop":{"background-color":"var(--ast-global-color-5)","background-image":"","background-repeat":"repeat","background-position":"center center","background-size":"auto","background-attachment":"scroll","background-type":"","background-media":"","overlay-type":"","overlay-color":"","overlay-opacity":"","overlay-gradient":""},"tablet":{"background-color":"var(--ast-global-color-5)","background-image":"","background-repeat":"repeat","background-position":"center center","background-size":"auto","background-attachment":"scroll","background-type":"","background-media":"","overlay-type":"","overlay-color":"","overlay-opacity":"","overlay-gradient":""},"mobile":{"background-color":"var(--ast-global-color-5)","background-image":"","background-repeat":"repeat","background-position":"center center","background-size":"auto","background-attachment":"scroll","background-type":"","background-media":"","overlay-type":"","overlay-color":"","overlay-opacity":"","overlay-gradient":""}},"footnotes":""},"categories":[1,58,4],"tags":[],"class_list":["post-1718","post","type-post","status-publish","format-standard","has-post-thumbnail","hentry","category-general","category-musica","category-portada"],"post_mailing_queue_ids":[],"_links":{"self":[{"href":"https:\/\/agora.xtec.cat\/ceiplesmuralles\/wp-json\/wp\/v2\/posts\/1718","targetHints":{"allow":["GET"]}}],"collection":[{"href":"https:\/\/agora.xtec.cat\/ceiplesmuralles\/wp-json\/wp\/v2\/posts"}],"about":[{"href":"https:\/\/agora.xtec.cat\/ceiplesmuralles\/wp-json\/wp\/v2\/types\/post"}],"author":[{"embeddable":true,"href":"https:\/\/agora.xtec.cat\/ceiplesmuralles\/wp-json\/wp\/v2\/users\/1"}],"replies":[{"embeddable":true,"href":"https:\/\/agora.xtec.cat\/ceiplesmuralles\/wp-json\/wp\/v2\/comments?post=1718"}],"version-history":[{"count":2,"href":"https:\/\/agora.xtec.cat\/ceiplesmuralles\/wp-json\/wp\/v2\/posts\/1718\/revisions"}],"predecessor-version":[{"id":1722,"href":"https:\/\/agora.xtec.cat\/ceiplesmuralles\/wp-json\/wp\/v2\/posts\/1718\/revisions\/1722"}],"wp:featuredmedia":[{"embeddable":true,"href":"https:\/\/agora.xtec.cat\/ceiplesmuralles\/wp-json\/wp\/v2\/media\/1720"}],"wp:attachment":[{"href":"https:\/\/agora.xtec.cat\/ceiplesmuralles\/wp-json\/wp\/v2\/media?parent=1718"}],"wp:term":[{"taxonomy":"category","embeddable":true,"href":"https:\/\/agora.xtec.cat\/ceiplesmuralles\/wp-json\/wp\/v2\/categories?post=1718"},{"taxonomy":"post_tag","embeddable":true,"href":"https:\/\/agora.xtec.cat\/ceiplesmuralles\/wp-json\/wp\/v2\/tags?post=1718"}],"curies":[{"name":"wp","href":"https:\/\/api.w.org\/{rel}","templated":true}]}}