{"id":5681,"date":"2026-03-09T19:45:19","date_gmt":"2026-03-09T18:45:19","guid":{"rendered":"https:\/\/agora.xtec.cat\/ceiplesmoreres\/?p=5681"},"modified":"2026-03-09T19:45:19","modified_gmt":"2026-03-09T18:45:19","slug":"8m-dia-de-la-dona","status":"publish","type":"post","link":"https:\/\/agora.xtec.cat\/ceiplesmoreres\/general\/8m-dia-de-la-dona\/","title":{"rendered":"8M Dia de la dona"},"content":{"rendered":"<p><a href=\"https:\/\/agora.xtec.cat\/ceiplesmoreres\/general\/8m-dia-de-la-dona\/attachment\/img_7021\/\" rel=\"attachment wp-att-5682\"><img loading=\"lazy\" decoding=\"async\" class=\"aligncenter size-medium wp-image-5682\" src=\"https:\/\/agora.xtec.cat\/ceiplesmoreres\/wp-content\/uploads\/usu1690\/2026\/03\/IMG_7021-300x233.jpeg\" alt=\"\" width=\"300\" height=\"233\" srcset=\"https:\/\/agora.xtec.cat\/ceiplesmoreres\/wp-content\/uploads\/usu1690\/2026\/03\/IMG_7021-300x233.jpeg 300w, https:\/\/agora.xtec.cat\/ceiplesmoreres\/wp-content\/uploads\/usu1690\/2026\/03\/IMG_7021-1024x797.jpeg 1024w, https:\/\/agora.xtec.cat\/ceiplesmoreres\/wp-content\/uploads\/usu1690\/2026\/03\/IMG_7021-768x597.jpeg 768w, https:\/\/agora.xtec.cat\/ceiplesmoreres\/wp-content\/uploads\/usu1690\/2026\/03\/IMG_7021.jpeg 1279w\" sizes=\"auto, (max-width: 300px) 100vw, 300px\" \/><\/a><\/p>\n<p>Aqui teniu el bonic cartell que els nens i les nenes de 5\u00e8 han preparat pel Dia de la dona. La nostra escola ha plantejat una setmana on viurem el dia de la dona de forma liter\u00e0ria amb contes a la biblioteca i tamb\u00e9 amb contacontes per part de CS. Hem volgut posar bonica l\u2019escola i tamb\u00e9 hem dibuixat un cor gegant ple de papallones fetes \u00a0pels nens i nenes com a s\u00edmbol de canvi cap a l\u2019igualtat I l&#8217;empoderament de la dona. Fem que cada dia sigui el dia de la dona.<\/p>\n<p>&nbsp;<\/p>\n","protected":false},"excerpt":{"rendered":"<p><a href=\"https:\/\/agora.xtec.cat\/ceiplesmoreres\/general\/8m-dia-de-la-dona\/attachment\/img_7021\/\" rel=\"attachment wp-att-5682\"><\/a><br \/>\nAqui teniu el bonic cartell que els nens i les nenes de 5\u00e8 han preparat pel Dia de la dona. La nostra escola ha plantejat una setmana on viurem el dia de la dona de forma liter\u00e0ria amb contes a la biblioteca&hellip;  <a href=\"https:\/\/agora.xtec.cat\/ceiplesmoreres\/general\/8m-dia-de-la-dona\/\" title=\"Read 8M Dia de la dona\">Llegeix m\u00e9s\u00bb<\/a><\/p>\n","protected":false},"author":1,"featured_media":0,"comment_status":"closed","ping_status":"closed","sticky":false,"template":"","format":"standard","meta":{"_bbp_topic_count":0,"_bbp_reply_count":0,"_bbp_total_topic_count":0,"_bbp_total_reply_count":0,"_bbp_voice_count":0,"_bbp_anonymous_reply_count":0,"_bbp_topic_count_hidden":0,"_bbp_reply_count_hidden":0,"_bbp_forum_subforum_count":0,"footnotes":""},"categories":[14,1],"tags":[368,95,114,369],"class_list":["post-5681","post","type-post","status-publish","format-standard","hentry","category-5e","category-general","tag-cartell","tag-contacontes","tag-dia-de-la-dona","tag-papallones"],"post_mailing_queue_ids":[],"_links":{"self":[{"href":"https:\/\/agora.xtec.cat\/ceiplesmoreres\/wp-json\/wp\/v2\/posts\/5681","targetHints":{"allow":["GET"]}}],"collection":[{"href":"https:\/\/agora.xtec.cat\/ceiplesmoreres\/wp-json\/wp\/v2\/posts"}],"about":[{"href":"https:\/\/agora.xtec.cat\/ceiplesmoreres\/wp-json\/wp\/v2\/types\/post"}],"author":[{"embeddable":true,"href":"https:\/\/agora.xtec.cat\/ceiplesmoreres\/wp-json\/wp\/v2\/users\/1"}],"replies":[{"embeddable":true,"href":"https:\/\/agora.xtec.cat\/ceiplesmoreres\/wp-json\/wp\/v2\/comments?post=5681"}],"version-history":[{"count":3,"href":"https:\/\/agora.xtec.cat\/ceiplesmoreres\/wp-json\/wp\/v2\/posts\/5681\/revisions"}],"predecessor-version":[{"id":5685,"href":"https:\/\/agora.xtec.cat\/ceiplesmoreres\/wp-json\/wp\/v2\/posts\/5681\/revisions\/5685"}],"wp:attachment":[{"href":"https:\/\/agora.xtec.cat\/ceiplesmoreres\/wp-json\/wp\/v2\/media?parent=5681"}],"wp:term":[{"taxonomy":"category","embeddable":true,"href":"https:\/\/agora.xtec.cat\/ceiplesmoreres\/wp-json\/wp\/v2\/categories?post=5681"},{"taxonomy":"post_tag","embeddable":true,"href":"https:\/\/agora.xtec.cat\/ceiplesmoreres\/wp-json\/wp\/v2\/tags?post=5681"}],"curies":[{"name":"wp","href":"https:\/\/api.w.org\/{rel}","templated":true}]}}