{"id":9747,"date":"2023-11-24T18:09:28","date_gmt":"2023-11-24T17:09:28","guid":{"rendered":"https:\/\/agora.xtec.cat\/ceiplesmimoses\/?p=9747"},"modified":"2026-01-19T12:50:03","modified_gmt":"2026-01-19T11:50:03","slug":"celebracio-del-dia-del-music","status":"publish","type":"post","link":"https:\/\/agora.xtec.cat\/ceiplesmimoses\/portada\/celebracio-del-dia-del-music\/","title":{"rendered":"Celebraci\u00f3 del dia del m\u00fasic"},"content":{"rendered":"<p style=\"text-align: justify;\">Al llarg d&#8217;aquesta setmana al centre hem celebrat el <strong>dia del m\u00fasic<\/strong>. Des de casa, les fam\u00edlies heu col\u00b7laborat amb instruments que heu fet a casa i que l&#8217;Andrea, la mestra de m\u00fasica est\u00e0 aprofitant per fer alguns tallers amb els diversos grups de l&#8217;escola.<\/p>\n<p style=\"text-align: justify;\">Aquesta tarda, hem acabat d&#8217;arrodonir la celebraci\u00f3 del dia del m\u00fasic amb un <strong>concert<\/strong> que ens han ofert nens i nenes de cicle mitj\u00e0 i cicle superior que fan m\u00fasica fora del centre i que toquen algun instrument. Una tarda, plena de papallones a la panxa, per\u00f2 molt bonica, on tots i totes hem gaudit molt.<\/p>\n<p style=\"text-align: justify;\">Gr\u00e0cies a les fam\u00edlies que heu col\u00b7laborat amb nosaltres, gr\u00e0cies als m\u00fasics i m\u00fasiques que ens han ofert el concert i gr\u00e0cies a la implicaci\u00f3 de l&#8217;Andrea, l&#8217;Anna i la Montserrat per les hores d&#8217;assaig i per organitzar aquesta activitat amb tanta passi\u00f3.<\/p>\n<p style=\"text-align: center;\"><a href=\"https:\/\/agora.xtec.cat\/ceiplesmimoses\/wp-content\/uploads\/usu1435\/2023\/11\/IMG20231124155309.jpg\"><img loading=\"lazy\" decoding=\"async\" class=\"aligncenter wp-image-9749\" src=\"https:\/\/agora.xtec.cat\/ceiplesmimoses\/wp-content\/uploads\/usu1435\/2023\/11\/IMG20231124155309.jpg\" alt=\"\" width=\"336\" height=\"310\" srcset=\"https:\/\/agora.xtec.cat\/ceiplesmimoses\/wp-content\/uploads\/usu1435\/2023\/11\/IMG20231124155309.jpg 1024w, https:\/\/agora.xtec.cat\/ceiplesmimoses\/wp-content\/uploads\/usu1435\/2023\/11\/IMG20231124155309-300x277.jpg 300w, https:\/\/agora.xtec.cat\/ceiplesmimoses\/wp-content\/uploads\/usu1435\/2023\/11\/IMG20231124155309-768x708.jpg 768w\" sizes=\"auto, (max-width: 336px) 100vw, 336px\" \/><\/a><\/p>\n<p style=\"text-align: center;\"><a href=\"https:\/\/photos.app.goo.gl\/YzpctE4pRKjiFxtZ7\">VEURE M\u00c9S IMATGES I V\u00cdDEOS<\/a><\/p>\n","protected":false},"excerpt":{"rendered":"<p>Al llarg d&#8217;aquesta setmana al centre hem celebrat el dia del m\u00fasic. Des de casa, les fam\u00edlies heu col\u00b7laborat amb instruments que heu fet a casa i que l&#8217;Andrea, la mestra de m\u00fasica est\u00e0 aprofitant per fer alguns tallers amb els diversos grups de l&#8217;escola. Aquesta tarda, hem acabat d&#8217;arrodonir la celebraci\u00f3 del dia del [&hellip;]<\/p>\n","protected":false},"author":1,"featured_media":9749,"comment_status":"open","ping_status":"closed","sticky":true,"template":"","format":"standard","meta":{"_bbp_topic_count":0,"_bbp_reply_count":0,"_bbp_total_topic_count":0,"_bbp_total_reply_count":0,"_bbp_voice_count":0,"_bbp_anonymous_reply_count":0,"_bbp_topic_count_hidden":0,"_bbp_reply_count_hidden":0,"_bbp_forum_subforum_count":0,"site-sidebar-layout":"default","site-content-layout":"","ast-site-content-layout":"default","site-content-style":"default","site-sidebar-style":"default","ast-global-header-display":"","ast-banner-title-visibility":"","ast-main-header-display":"","ast-hfb-above-header-display":"","ast-hfb-below-header-display":"","ast-hfb-mobile-header-display":"","site-post-title":"","ast-breadcrumbs-content":"","ast-featured-img":"","footer-sml-layout":"","theme-transparent-header-meta":"","adv-header-id-meta":"","stick-header-meta":"","header-above-stick-meta":"","header-main-stick-meta":"","header-below-stick-meta":"","astra-migrate-meta-layouts":"set","ast-page-background-enabled":"default","ast-page-background-meta":{"desktop":{"background-color":"var(--ast-global-color-4)","background-image":"","background-repeat":"repeat","background-position":"center center","background-size":"auto","background-attachment":"scroll","background-type":"","background-media":"","overlay-type":"","overlay-color":"","overlay-opacity":"","overlay-gradient":""},"tablet":{"background-color":"","background-image":"","background-repeat":"repeat","background-position":"center center","background-size":"auto","background-attachment":"scroll","background-type":"","background-media":"","overlay-type":"","overlay-color":"","overlay-opacity":"","overlay-gradient":""},"mobile":{"background-color":"","background-image":"","background-repeat":"repeat","background-position":"center center","background-size":"auto","background-attachment":"scroll","background-type":"","background-media":"","overlay-type":"","overlay-color":"","overlay-opacity":"","overlay-gradient":""}},"ast-content-background-meta":{"desktop":{"background-color":"var(--ast-global-color-5)","background-image":"","background-repeat":"repeat","background-position":"center center","background-size":"auto","background-attachment":"scroll","background-type":"","background-media":"","overlay-type":"","overlay-color":"","overlay-opacity":"","overlay-gradient":""},"tablet":{"background-color":"var(--ast-global-color-5)","background-image":"","background-repeat":"repeat","background-position":"center center","background-size":"auto","background-attachment":"scroll","background-type":"","background-media":"","overlay-type":"","overlay-color":"","overlay-opacity":"","overlay-gradient":""},"mobile":{"background-color":"var(--ast-global-color-5)","background-image":"","background-repeat":"repeat","background-position":"center center","background-size":"auto","background-attachment":"scroll","background-type":"","background-media":"","overlay-type":"","overlay-color":"","overlay-opacity":"","overlay-gradient":""}},"footnotes":""},"categories":[4],"tags":[],"class_list":["post-9747","post","type-post","status-publish","format-standard","has-post-thumbnail","hentry","category-portada"],"post_mailing_queue_ids":[],"_links":{"self":[{"href":"https:\/\/agora.xtec.cat\/ceiplesmimoses\/wp-json\/wp\/v2\/posts\/9747","targetHints":{"allow":["GET"]}}],"collection":[{"href":"https:\/\/agora.xtec.cat\/ceiplesmimoses\/wp-json\/wp\/v2\/posts"}],"about":[{"href":"https:\/\/agora.xtec.cat\/ceiplesmimoses\/wp-json\/wp\/v2\/types\/post"}],"author":[{"embeddable":true,"href":"https:\/\/agora.xtec.cat\/ceiplesmimoses\/wp-json\/wp\/v2\/users\/1"}],"replies":[{"embeddable":true,"href":"https:\/\/agora.xtec.cat\/ceiplesmimoses\/wp-json\/wp\/v2\/comments?post=9747"}],"version-history":[{"count":4,"href":"https:\/\/agora.xtec.cat\/ceiplesmimoses\/wp-json\/wp\/v2\/posts\/9747\/revisions"}],"predecessor-version":[{"id":11104,"href":"https:\/\/agora.xtec.cat\/ceiplesmimoses\/wp-json\/wp\/v2\/posts\/9747\/revisions\/11104"}],"wp:featuredmedia":[{"embeddable":true,"href":"https:\/\/agora.xtec.cat\/ceiplesmimoses\/wp-json\/wp\/v2\/media\/9749"}],"wp:attachment":[{"href":"https:\/\/agora.xtec.cat\/ceiplesmimoses\/wp-json\/wp\/v2\/media?parent=9747"}],"wp:term":[{"taxonomy":"category","embeddable":true,"href":"https:\/\/agora.xtec.cat\/ceiplesmimoses\/wp-json\/wp\/v2\/categories?post=9747"},{"taxonomy":"post_tag","embeddable":true,"href":"https:\/\/agora.xtec.cat\/ceiplesmimoses\/wp-json\/wp\/v2\/tags?post=9747"}],"curies":[{"name":"wp","href":"https:\/\/api.w.org\/{rel}","templated":true}]}}