{"id":11503,"date":"2026-02-23T13:12:23","date_gmt":"2026-02-23T12:12:23","guid":{"rendered":"https:\/\/agora.xtec.cat\/ceiplesmimoses\/?p=11503"},"modified":"2026-02-26T13:53:35","modified_gmt":"2026-02-26T12:53:35","slug":"dia-de-la-dona-cientifica","status":"publish","type":"post","link":"https:\/\/agora.xtec.cat\/ceiplesmimoses\/blogs-d-aula\/primaria\/promocio-2014\/dia-de-la-dona-cientifica\/","title":{"rendered":"Dia de la dona cient\u00edfica"},"content":{"rendered":"\n<p>El passat 11 de febrer es va celebrar a tot el m\u00f3n el Dia Internacional de la Dona i la Nena Cient\u00edfica, un dia que pret\u00e9n promoure la igualtat de g\u00e8nere dins l&#8217;\u00e0mbit de les \u00e0rees STEM (Science, Technology, Engineering, Mathematics).<\/p>\n\n\n\n<p>Dins aquest marc, l&#8217;escola va participar del projecte #cient\u00edfiques. Es tracta d&#8217;una iniciativa en la qual dones cient\u00edfiques catalanes venen a les escoles a explicar-nos quina \u00e9s la seva feina i, aix\u00ed, donar visibilitat a referents femenines dins d&#8217;aquest \u00e0mbit tradicionalment masculinitzat. <\/p>\n\n\n\n<p>Aix\u00ed doncs, el divendres 20 de febrer, l&#8217;alumnat de cicle superior va gaudir d&#8217;una xerrada excepcional de m\u00e0 de la Diana Riba, una cient\u00edfica especialitzada en biomedicina que ens va fer un resum molt entenedor sobre qu\u00e8 \u00e9s aquesta especialitat i com \u00e9s la seva feina. L&#8217;alumnat tamb\u00e9 va poder realitzar-li totes les preguntes que va voler per tal d&#8217;aprofundir en all\u00f2 que havia explicat.<\/p>\n\n\n\n<figure class=\"wp-block-image aligncenter size-large is-resized\"><a href=\"https:\/\/agora.xtec.cat\/ceiplesmimoses\/wp-content\/uploads\/usu1435\/2026\/02\/IMG_20260220_091706-scaled.jpg\"><img loading=\"lazy\" decoding=\"async\" width=\"1024\" height=\"768\" src=\"https:\/\/agora.xtec.cat\/ceiplesmimoses\/wp-content\/uploads\/usu1435\/2026\/02\/IMG_20260220_091706-1024x768.jpg\" alt=\"\" class=\"wp-image-11504\" style=\"width:388px;height:auto\" srcset=\"https:\/\/agora.xtec.cat\/ceiplesmimoses\/wp-content\/uploads\/usu1435\/2026\/02\/IMG_20260220_091706-1024x768.jpg 1024w, https:\/\/agora.xtec.cat\/ceiplesmimoses\/wp-content\/uploads\/usu1435\/2026\/02\/IMG_20260220_091706-300x225.jpg 300w, https:\/\/agora.xtec.cat\/ceiplesmimoses\/wp-content\/uploads\/usu1435\/2026\/02\/IMG_20260220_091706-768x576.jpg 768w, https:\/\/agora.xtec.cat\/ceiplesmimoses\/wp-content\/uploads\/usu1435\/2026\/02\/IMG_20260220_091706-1536x1152.jpg 1536w, https:\/\/agora.xtec.cat\/ceiplesmimoses\/wp-content\/uploads\/usu1435\/2026\/02\/IMG_20260220_091706-2048x1536.jpg 2048w\" sizes=\"auto, (max-width: 1024px) 100vw, 1024px\" \/><\/a><\/figure>\n\n\n\n<figure class=\"wp-block-image aligncenter size-large is-resized\"><a href=\"https:\/\/agora.xtec.cat\/ceiplesmimoses\/wp-content\/uploads\/usu1435\/2026\/02\/IMG_20260220_100742-scaled.jpg\"><img loading=\"lazy\" decoding=\"async\" width=\"768\" height=\"1024\" src=\"https:\/\/agora.xtec.cat\/ceiplesmimoses\/wp-content\/uploads\/usu1435\/2026\/02\/IMG_20260220_100742-768x1024.jpg\" alt=\"\" class=\"wp-image-11505\" style=\"width:231px;height:auto\" srcset=\"https:\/\/agora.xtec.cat\/ceiplesmimoses\/wp-content\/uploads\/usu1435\/2026\/02\/IMG_20260220_100742-768x1024.jpg 768w, https:\/\/agora.xtec.cat\/ceiplesmimoses\/wp-content\/uploads\/usu1435\/2026\/02\/IMG_20260220_100742-225x300.jpg 225w, https:\/\/agora.xtec.cat\/ceiplesmimoses\/wp-content\/uploads\/usu1435\/2026\/02\/IMG_20260220_100742-1152x1536.jpg 1152w, https:\/\/agora.xtec.cat\/ceiplesmimoses\/wp-content\/uploads\/usu1435\/2026\/02\/IMG_20260220_100742-1536x2048.jpg 1536w, https:\/\/agora.xtec.cat\/ceiplesmimoses\/wp-content\/uploads\/usu1435\/2026\/02\/IMG_20260220_100742-scaled.jpg 1920w\" sizes=\"auto, (max-width: 768px) 100vw, 768px\" \/><\/a><\/figure>\n\n\n","protected":false},"excerpt":{"rendered":"<p>El passat 11 de febrer es va celebrar a tot el m\u00f3n el Dia Internacional de la Dona i la Nena Cient\u00edfica, un dia que pret\u00e9n promoure la igualtat de g\u00e8nere dins l&#8217;\u00e0mbit de les \u00e0rees STEM (Science, Technology, Engineering, Mathematics). Dins aquest marc, l&#8217;escola va participar del projecte #cient\u00edfiques. Es tracta d&#8217;una iniciativa en [&hellip;]<\/p>\n","protected":false},"author":48,"featured_media":11504,"comment_status":"closed","ping_status":"open","sticky":false,"template":"","format":"standard","meta":{"_bbp_topic_count":0,"_bbp_reply_count":0,"_bbp_total_topic_count":0,"_bbp_total_reply_count":0,"_bbp_voice_count":0,"_bbp_anonymous_reply_count":0,"_bbp_topic_count_hidden":0,"_bbp_reply_count_hidden":0,"_bbp_forum_subforum_count":0,"site-sidebar-layout":"default","site-content-layout":"","ast-site-content-layout":"default","site-content-style":"default","site-sidebar-style":"default","ast-global-header-display":"","ast-banner-title-visibility":"","ast-main-header-display":"","ast-hfb-above-header-display":"","ast-hfb-below-header-display":"","ast-hfb-mobile-header-display":"","site-post-title":"","ast-breadcrumbs-content":"","ast-featured-img":"","footer-sml-layout":"","theme-transparent-header-meta":"","adv-header-id-meta":"","stick-header-meta":"","header-above-stick-meta":"","header-main-stick-meta":"","header-below-stick-meta":"","astra-migrate-meta-layouts":"set","ast-page-background-enabled":"default","ast-page-background-meta":{"desktop":{"background-color":"var(--ast-global-color-4)","background-image":"","background-repeat":"repeat","background-position":"center center","background-size":"auto","background-attachment":"scroll","background-type":"","background-media":"","overlay-type":"","overlay-color":"","overlay-opacity":"","overlay-gradient":""},"tablet":{"background-color":"","background-image":"","background-repeat":"repeat","background-position":"center center","background-size":"auto","background-attachment":"scroll","background-type":"","background-media":"","overlay-type":"","overlay-color":"","overlay-opacity":"","overlay-gradient":""},"mobile":{"background-color":"","background-image":"","background-repeat":"repeat","background-position":"center center","background-size":"auto","background-attachment":"scroll","background-type":"","background-media":"","overlay-type":"","overlay-color":"","overlay-opacity":"","overlay-gradient":""}},"ast-content-background-meta":{"desktop":{"background-color":"var(--ast-global-color-5)","background-image":"","background-repeat":"repeat","background-position":"center center","background-size":"auto","background-attachment":"scroll","background-type":"","background-media":"","overlay-type":"","overlay-color":"","overlay-opacity":"","overlay-gradient":""},"tablet":{"background-color":"var(--ast-global-color-5)","background-image":"","background-repeat":"repeat","background-position":"center center","background-size":"auto","background-attachment":"scroll","background-type":"","background-media":"","overlay-type":"","overlay-color":"","overlay-opacity":"","overlay-gradient":""},"mobile":{"background-color":"var(--ast-global-color-5)","background-image":"","background-repeat":"repeat","background-position":"center center","background-size":"auto","background-attachment":"scroll","background-type":"","background-media":"","overlay-type":"","overlay-color":"","overlay-opacity":"","overlay-gradient":""}},"footnotes":""},"categories":[10,78],"tags":[],"class_list":["post-11503","post","type-post","status-publish","format-standard","has-post-thumbnail","hentry","category-promocio-2014","category-promocio-2015"],"post_mailing_queue_ids":[],"_links":{"self":[{"href":"https:\/\/agora.xtec.cat\/ceiplesmimoses\/wp-json\/wp\/v2\/posts\/11503","targetHints":{"allow":["GET"]}}],"collection":[{"href":"https:\/\/agora.xtec.cat\/ceiplesmimoses\/wp-json\/wp\/v2\/posts"}],"about":[{"href":"https:\/\/agora.xtec.cat\/ceiplesmimoses\/wp-json\/wp\/v2\/types\/post"}],"author":[{"embeddable":true,"href":"https:\/\/agora.xtec.cat\/ceiplesmimoses\/wp-json\/wp\/v2\/users\/48"}],"replies":[{"embeddable":true,"href":"https:\/\/agora.xtec.cat\/ceiplesmimoses\/wp-json\/wp\/v2\/comments?post=11503"}],"version-history":[{"count":4,"href":"https:\/\/agora.xtec.cat\/ceiplesmimoses\/wp-json\/wp\/v2\/posts\/11503\/revisions"}],"predecessor-version":[{"id":11533,"href":"https:\/\/agora.xtec.cat\/ceiplesmimoses\/wp-json\/wp\/v2\/posts\/11503\/revisions\/11533"}],"wp:featuredmedia":[{"embeddable":true,"href":"https:\/\/agora.xtec.cat\/ceiplesmimoses\/wp-json\/wp\/v2\/media\/11504"}],"wp:attachment":[{"href":"https:\/\/agora.xtec.cat\/ceiplesmimoses\/wp-json\/wp\/v2\/media?parent=11503"}],"wp:term":[{"taxonomy":"category","embeddable":true,"href":"https:\/\/agora.xtec.cat\/ceiplesmimoses\/wp-json\/wp\/v2\/categories?post=11503"},{"taxonomy":"post_tag","embeddable":true,"href":"https:\/\/agora.xtec.cat\/ceiplesmimoses\/wp-json\/wp\/v2\/tags?post=11503"}],"curies":[{"name":"wp","href":"https:\/\/api.w.org\/{rel}","templated":true}]}}