{"id":10995,"date":"2025-11-06T07:58:25","date_gmt":"2025-11-06T06:58:25","guid":{"rendered":"https:\/\/agora.xtec.cat\/ceiplesmimoses\/?p=10995"},"modified":"2026-01-19T16:32:46","modified_gmt":"2026-01-19T15:32:46","slug":"la-tardor-a-educacio-infantil","status":"publish","type":"post","link":"https:\/\/agora.xtec.cat\/ceiplesmimoses\/blogs-d-aula\/infantil\/promocio-2021\/la-tardor-a-educacio-infantil\/","title":{"rendered":"La tardor a educaci\u00f3 infantil"},"content":{"rendered":"<p style=\"text-align: justify;\">Aquesta <strong>tardor<\/strong>, els <strong>Cargols, els Conills, els Porcs i les Truges<\/strong> hem gaudit de diferents propostes que ens han apropat a aquesta estaci\u00f3 de l&#8217;any. Hem tastat fruites de temporada, hem <strong>pintat<\/strong> amb els colors de la tardor, hem <strong>anat al bosc<\/strong> a buscar fulles i troncs que despr\u00e9s hem <strong>decorat a l&#8217;aula,<\/strong> hem embolicat pinyes amb llana&#8230; I tamb\u00e9 <strong>hem escoltat contes i apr\u00e8s noves can\u00e7ons.<\/strong> Aqu\u00ed us deixem un recull de totes aquestes activitats, perqu\u00e8 mireu les fotografies amb <strong>els vostres infants i us les expliquin amb m\u00e9s detall<\/strong>. Gaudiu-les!<\/p>\n<p><a href=\"https:\/\/agora.xtec.cat\/ceiplesmimoses\/wp-content\/uploads\/usu1435\/2025\/11\/Captura-blog-tardor.png\"><img loading=\"lazy\" decoding=\"async\" class=\"wp-image-10996 aligncenter\" src=\"https:\/\/agora.xtec.cat\/ceiplesmimoses\/wp-content\/uploads\/usu1435\/2025\/11\/Captura-blog-tardor.png\" alt=\"\" width=\"149\" height=\"305\" srcset=\"https:\/\/agora.xtec.cat\/ceiplesmimoses\/wp-content\/uploads\/usu1435\/2025\/11\/Captura-blog-tardor.png 392w, https:\/\/agora.xtec.cat\/ceiplesmimoses\/wp-content\/uploads\/usu1435\/2025\/11\/Captura-blog-tardor-146x300.png 146w\" sizes=\"auto, (max-width: 149px) 100vw, 149px\" \/><\/a><\/p>\n<p style=\"text-align: center;\"><a href=\"https:\/\/photos.app.goo.gl\/AK6CX3KQVWeaJ3F16\">VEURE M\u00c9S IMATGES<\/a><\/p>\n","protected":false},"excerpt":{"rendered":"<p>Aquesta tardor, els Cargols, els Conills, els Porcs i les Truges hem gaudit de diferents propostes que ens han apropat a aquesta estaci\u00f3 de l&#8217;any. Hem tastat fruites de temporada, hem pintat amb els colors de la tardor, hem anat al bosc a buscar fulles i troncs que despr\u00e9s hem decorat a l&#8217;aula, hem embolicat [&hellip;]<\/p>\n","protected":false},"author":55,"featured_media":10996,"comment_status":"closed","ping_status":"open","sticky":false,"template":"","format":"standard","meta":{"_bbp_topic_count":0,"_bbp_reply_count":0,"_bbp_total_topic_count":0,"_bbp_total_reply_count":0,"_bbp_voice_count":0,"_bbp_anonymous_reply_count":0,"_bbp_topic_count_hidden":0,"_bbp_reply_count_hidden":0,"_bbp_forum_subforum_count":0,"site-sidebar-layout":"default","site-content-layout":"","ast-site-content-layout":"default","site-content-style":"default","site-sidebar-style":"default","ast-global-header-display":"","ast-banner-title-visibility":"","ast-main-header-display":"","ast-hfb-above-header-display":"","ast-hfb-below-header-display":"","ast-hfb-mobile-header-display":"","site-post-title":"","ast-breadcrumbs-content":"","ast-featured-img":"","footer-sml-layout":"","theme-transparent-header-meta":"","adv-header-id-meta":"","stick-header-meta":"","header-above-stick-meta":"","header-main-stick-meta":"","header-below-stick-meta":"","astra-migrate-meta-layouts":"set","ast-page-background-enabled":"default","ast-page-background-meta":{"desktop":{"background-color":"var(--ast-global-color-4)","background-image":"","background-repeat":"repeat","background-position":"center center","background-size":"auto","background-attachment":"scroll","background-type":"","background-media":"","overlay-type":"","overlay-color":"","overlay-opacity":"","overlay-gradient":""},"tablet":{"background-color":"","background-image":"","background-repeat":"repeat","background-position":"center center","background-size":"auto","background-attachment":"scroll","background-type":"","background-media":"","overlay-type":"","overlay-color":"","overlay-opacity":"","overlay-gradient":""},"mobile":{"background-color":"","background-image":"","background-repeat":"repeat","background-position":"center center","background-size":"auto","background-attachment":"scroll","background-type":"","background-media":"","overlay-type":"","overlay-color":"","overlay-opacity":"","overlay-gradient":""}},"ast-content-background-meta":{"desktop":{"background-color":"var(--ast-global-color-5)","background-image":"","background-repeat":"repeat","background-position":"center center","background-size":"auto","background-attachment":"scroll","background-type":"","background-media":"","overlay-type":"","overlay-color":"","overlay-opacity":"","overlay-gradient":""},"tablet":{"background-color":"var(--ast-global-color-5)","background-image":"","background-repeat":"repeat","background-position":"center center","background-size":"auto","background-attachment":"scroll","background-type":"","background-media":"","overlay-type":"","overlay-color":"","overlay-opacity":"","overlay-gradient":""},"mobile":{"background-color":"var(--ast-global-color-5)","background-image":"","background-repeat":"repeat","background-position":"center center","background-size":"auto","background-attachment":"scroll","background-type":"","background-media":"","overlay-type":"","overlay-color":"","overlay-opacity":"","overlay-gradient":""}},"footnotes":""},"categories":[149,148,156,157,158],"tags":[],"class_list":["post-10995","post","type-post","status-publish","format-standard","has-post-thumbnail","hentry","category-promocio-2020","category-promocio-2021","category-promocio-2022","category-promocio-2023","category-promocio-2024"],"post_mailing_queue_ids":[],"_links":{"self":[{"href":"https:\/\/agora.xtec.cat\/ceiplesmimoses\/wp-json\/wp\/v2\/posts\/10995","targetHints":{"allow":["GET"]}}],"collection":[{"href":"https:\/\/agora.xtec.cat\/ceiplesmimoses\/wp-json\/wp\/v2\/posts"}],"about":[{"href":"https:\/\/agora.xtec.cat\/ceiplesmimoses\/wp-json\/wp\/v2\/types\/post"}],"author":[{"embeddable":true,"href":"https:\/\/agora.xtec.cat\/ceiplesmimoses\/wp-json\/wp\/v2\/users\/55"}],"replies":[{"embeddable":true,"href":"https:\/\/agora.xtec.cat\/ceiplesmimoses\/wp-json\/wp\/v2\/comments?post=10995"}],"version-history":[{"count":2,"href":"https:\/\/agora.xtec.cat\/ceiplesmimoses\/wp-json\/wp\/v2\/posts\/10995\/revisions"}],"predecessor-version":[{"id":11225,"href":"https:\/\/agora.xtec.cat\/ceiplesmimoses\/wp-json\/wp\/v2\/posts\/10995\/revisions\/11225"}],"wp:featuredmedia":[{"embeddable":true,"href":"https:\/\/agora.xtec.cat\/ceiplesmimoses\/wp-json\/wp\/v2\/media\/10996"}],"wp:attachment":[{"href":"https:\/\/agora.xtec.cat\/ceiplesmimoses\/wp-json\/wp\/v2\/media?parent=10995"}],"wp:term":[{"taxonomy":"category","embeddable":true,"href":"https:\/\/agora.xtec.cat\/ceiplesmimoses\/wp-json\/wp\/v2\/categories?post=10995"},{"taxonomy":"post_tag","embeddable":true,"href":"https:\/\/agora.xtec.cat\/ceiplesmimoses\/wp-json\/wp\/v2\/tags?post=10995"}],"curies":[{"name":"wp","href":"https:\/\/api.w.org\/{rel}","templated":true}]}}